{"id":1533,"date":"2017-02-03T05:55:36","date_gmt":"2017-02-03T05:55:36","guid":{"rendered":"https:\/\/destinoysabor.com\/blog\/?p=1533"},"modified":"2019-09-10T12:31:08","modified_gmt":"2019-09-10T12:31:08","slug":"algarve-paraiso-olvidado","status":"publish","type":"post","link":"https:\/\/destinoysabor.com\/blog\/algarve-paraiso-olvidado\/","title":{"rendered":"Algarve, un para\u00edso olvidado muy cerca de nosotros"},"content":{"rendered":"<p>Cuando se habla de <strong>El Algarve<\/strong>, para muchos de nosotros a priori <strong>es hablar de una zona en nuestro pa\u00eds vecino bastante olvidada<\/strong>, especialmente si no perteneces a las regiones m\u00e1s occidentales de Espa\u00f1a. Lo m\u00e1s triste es  el desconocimiento que de esta zona poseemos. Pobres de nosotros, que nos estamos perdiendo una de las \u00e1reas con mayor potencial de nuestro entorno.<\/p>\n<p>Pero <strong>si hay alguien que conoce bien el Algarve son los surferos<\/strong>. Personas aficionadas a este deporte recorren cientos de kil\u00f3metros para llegar hasta las playas portuguesas, con <strong>unas perfectas condiciones para su pr\u00e1ctica<\/strong>. Las olas del oc\u00e9ano, junto con las caracter\u00edsticas del litoral del Algarve, hacen que aqu\u00ed se disputen <strong>algunas de las competiciones de surf m\u00e1s importantes a nivel internacional<\/strong>.<br \/>\n&nbsp; <\/p>\n<h3>\u00bfCu\u00e1l es la mejor fecha para visitar el Algarve?<\/h3>\n<p>Pero te guste el surf o no, <strong>una de las ventajas de la cercan\u00eda de esta zona a nuestro pa\u00eds<\/strong>, es la posibilidad de visitarlo en casi cualquier fecha. Si bien por ser una zona costera y si se quiere disfrutar de las aguas atl\u00e1nticas, <strong>tanto para el ba\u00f1o como para el surf, el verano es la mejor fecha<\/strong>. <\/p>\n<p>Pero <strong>la elevada ocupaci\u00f3n de esta zona en temporada alta puede suponer un problema<\/strong> y el viaje podr\u00eda ser m\u00e1s recomendable en fechas ligeramente separadas de los momentos de mayor afluencia. Adem\u00e1s, los precios ya de por s\u00ed, muy competitivos de nuestro pa\u00eds vecino, ser\u00e1n todav\u00eda m\u00e1s atractivos si nos alejamos de los momentos \u00e1lgidos del verano.<br \/>\n&nbsp; <\/p>\n<h2>Un viaje recorriendo el Algarve<\/h2>\n<h3>Faro<\/h3>\n<p><strong>Un viaje al Algarve comienza en Faro<\/strong>. La localidad portuguesa ejerce de <strong>puerta de entrada a esta llamativa parte del sur de Portugal<\/strong> que ba\u00f1ada por el oc\u00e9ano Atl\u00e1ntico nos ofrece im\u00e1genes de una belleza que dejar\u00e1n impactados a sus visitantes. <\/p>\n<p><a href=\"http:\/\/ilha-deserta.com\/ria-formosa-tours-en-barco-excursiones-guiadas-isla-deserta-algarve\/faro-atracciones\/?lang=es \" target=\"_Blank\" rel=\"noopener noreferrer\"><div id=\"attachment_1542\" style=\"width: 650px\" class=\"wp-caption aligncenter\"><img decoding=\"async\" aria-describedby=\"caption-attachment-1542\" src=\"https:\/\/destinoysabor.com\/blog\/wp-content\/uploads\/2017\/01\/Ciudad-de-Faro-Imagen-de-Animaris.jpg\" alt=\"Ciudad de Faro - Imagen de Animaris\" width=\"640\" height=\"255\" class=\"size-full wp-image-1542\" srcset=\"https:\/\/destinoysabor.com\/blog\/wp-content\/uploads\/2017\/01\/Ciudad-de-Faro-Imagen-de-Animaris.jpg 640w, https:\/\/destinoysabor.com\/blog\/wp-content\/uploads\/2017\/01\/Ciudad-de-Faro-Imagen-de-Animaris-300x120.jpg 300w, https:\/\/destinoysabor.com\/blog\/wp-content\/uploads\/2017\/01\/Ciudad-de-Faro-Imagen-de-Animaris-330x131.jpg 330w\" sizes=\"(max-width: 640px) 100vw, 640px\" \/><p id=\"caption-attachment-1542\" class=\"wp-caption-text\">Ciudad de Faro &#8211; Imagen de Animaris<\/p><\/div><\/a><\/p>\n<p>Desde la r\u00eda de Faro, donde lo primero que llamar\u00e1 la atenci\u00f3n a cualquier persona de origen mediterr\u00e1neo o del centro de la pen\u00ednsula, ser\u00e1 <strong>el poder de las mareas<\/strong>, ya que en funci\u00f3n del momento en que se visite <strong>se podr\u00e1n observar hasta dos metros de diferencia en la altura del agua<\/strong> del oc\u00e9ano. <\/p>\n<div id=\"attachment_1547\" style=\"width: 650px\" class=\"wp-caption aligncenter\"><img decoding=\"async\" aria-describedby=\"caption-attachment-1547\" src=\"https:\/\/destinoysabor.com\/blog\/wp-content\/uploads\/2017\/01\/3416f7f30af6787c5b81c2864e17e7a7.jpg\" alt=\"El Puerto de Faro y su paseo mar\u00edtimo - Destino y Sabor\" width=\"640\" height=\"219\" class=\"size-full wp-image-1547\" srcset=\"https:\/\/destinoysabor.com\/blog\/wp-content\/uploads\/2017\/01\/3416f7f30af6787c5b81c2864e17e7a7.jpg 640w, https:\/\/destinoysabor.com\/blog\/wp-content\/uploads\/2017\/01\/3416f7f30af6787c5b81c2864e17e7a7-300x103.jpg 300w, https:\/\/destinoysabor.com\/blog\/wp-content\/uploads\/2017\/01\/3416f7f30af6787c5b81c2864e17e7a7-330x113.jpg 330w\" sizes=\"(max-width: 640px) 100vw, 640px\" \/><p id=\"caption-attachment-1547\" class=\"wp-caption-text\">El Puerto de Faro y su paseo mar\u00edtimo &#8211; Destino y Sabor<\/p><\/div>\n&nbsp; <\/p>\n<h3>Benagil<\/h3>\n<p><strong>Uno de los rincones m\u00e1s interesantes del Algarve lo encontramos en Benagil<\/strong>. Este lugar <strong>es una cala rodeada por dos peque\u00f1os acantilados<\/strong> separados por una rambla llena de una espesa vegetaci\u00f3n. Uno de los acantilados puede ser ascendido desde la playa por una escalera en la roca y se puede caminar a su alrededor para obtener unas impactantes vistas del resto de la playa y del oc\u00e9ano Atl\u00e1ntico.<\/p>\n<div id=\"attachment_1550\" style=\"width: 650px\" class=\"wp-caption aligncenter\"><img decoding=\"async\" aria-describedby=\"caption-attachment-1550\" src=\"https:\/\/destinoysabor.com\/blog\/wp-content\/uploads\/2017\/01\/Playa-de-Benagil-Destino-y-Sabor.jpg\" alt=\"Playa de Benagil - Destino y Sabor\" width=\"640\" height=\"167\" class=\"size-full wp-image-1550\" srcset=\"https:\/\/destinoysabor.com\/blog\/wp-content\/uploads\/2017\/01\/Playa-de-Benagil-Destino-y-Sabor.jpg 640w, https:\/\/destinoysabor.com\/blog\/wp-content\/uploads\/2017\/01\/Playa-de-Benagil-Destino-y-Sabor-300x78.jpg 300w, https:\/\/destinoysabor.com\/blog\/wp-content\/uploads\/2017\/01\/Playa-de-Benagil-Destino-y-Sabor-330x86.jpg 330w\" sizes=\"(max-width: 640px) 100vw, 640px\" \/><p id=\"caption-attachment-1550\" class=\"wp-caption-text\">Playa de Benagil &#8211; Destino y Sabor<\/p><\/div>\n<p><strong>La cima del otro acantilado tambi\u00e9n es visitable y desde all\u00ed se obtiene una panor\u00e1mica<\/strong> por la que merece el esfuerzo de la caminata. Adem\u00e1s, se puede observar desde arriba <strong>el famoso agujero en una de las cuevas<\/strong> que ser\u00e1 el siguiente destino de nuestro viaje. <\/p>\n<p><a href=\" http:\/\/www.turismoenfotos.com\/10679:cueva-de-algarve\" target=\"_Blank\" rel=\"noopener noreferrer\"><div id=\"attachment_1545\" style=\"width: 650px\" class=\"wp-caption aligncenter\"><img decoding=\"async\" aria-describedby=\"caption-attachment-1545\" src=\"https:\/\/destinoysabor.com\/blog\/wp-content\/uploads\/2017\/01\/Cueva-de-Benagil-Imagen-de-Turismoenfotos.jpg\" alt=\"Cueva de Benagil - Imagen de Turismoenfotos\" width=\"640\" height=\"347\" class=\"size-full wp-image-1545\" srcset=\"https:\/\/destinoysabor.com\/blog\/wp-content\/uploads\/2017\/01\/Cueva-de-Benagil-Imagen-de-Turismoenfotos.jpg 640w, https:\/\/destinoysabor.com\/blog\/wp-content\/uploads\/2017\/01\/Cueva-de-Benagil-Imagen-de-Turismoenfotos-300x163.jpg 300w, https:\/\/destinoysabor.com\/blog\/wp-content\/uploads\/2017\/01\/Cueva-de-Benagil-Imagen-de-Turismoenfotos-330x179.jpg 330w\" sizes=\"(max-width: 640px) 100vw, 640px\" \/><p id=\"caption-attachment-1545\" class=\"wp-caption-text\">Cueva de Benagil &#8211; Imagen de Turismoenfotos<\/p><\/div><\/a><br \/>\n&nbsp; <\/p>\n<h4>Excursiones en lanchas neum\u00e1ticas a las cuevas del litoral<\/h4>\n<p>Ya que <strong>desde la playa parten cada poco tiempo lanchas neum\u00e1ticas con el objetivo de ense\u00f1ar esa parte de la costa a los turistas<\/strong> y mostrar las impactantes formaciones rocosas con sus cuevas y <strong>con sus salientes rocosos que surgen en el oc\u00e9ano y que nos podr\u00edan recordar a las im\u00e1genes m\u00e1s conocidas de las playas tailandesas<\/strong>. Algunas de las cuevas y en funci\u00f3n de la marea ser\u00e1n visitables, momentos en los que se podr\u00e1 comprobar la pericia n\u00e1utica de los pilotos de las lanchas.<\/p>\n<div id=\"attachment_1549\" style=\"width: 650px\" class=\"wp-caption aligncenter\"><img decoding=\"async\" aria-describedby=\"caption-attachment-1549\" src=\"https:\/\/destinoysabor.com\/blog\/wp-content\/uploads\/2017\/01\/8de4f0a87514a924b2af6cd67673a2ca.jpg\" alt=\"Pe\u00f1ascos que pueblan los alrededores de Benagil - Destino y Sabor\" width=\"640\" height=\"400\" class=\"size-full wp-image-1549\" srcset=\"https:\/\/destinoysabor.com\/blog\/wp-content\/uploads\/2017\/01\/8de4f0a87514a924b2af6cd67673a2ca.jpg 640w, https:\/\/destinoysabor.com\/blog\/wp-content\/uploads\/2017\/01\/8de4f0a87514a924b2af6cd67673a2ca-300x188.jpg 300w, https:\/\/destinoysabor.com\/blog\/wp-content\/uploads\/2017\/01\/8de4f0a87514a924b2af6cd67673a2ca-330x206.jpg 330w\" sizes=\"(max-width: 640px) 100vw, 640px\" \/><p id=\"caption-attachment-1549\" class=\"wp-caption-text\">Pe\u00f1ascos que pueblan los alrededores de Benagil &#8211; Destino y Sabor<\/p><\/div>\n<p>Adem\u00e1s de <strong>la m\u00e1s famosa cueva, con su orificio superior que crea una imagen \u00fanica<\/strong>, la visita en lancha <strong>ofrece otros lugares de gran inter\u00e9s<\/strong>, como calas que s\u00f3lo son accesibles en barco o a las que hay que entrar a trav\u00e9s de una cueva o por ejemplo, <strong>la formaci\u00f3n rocosa conocida como el \u201celefante\u201d <\/strong> que est\u00e1 formada por dos arcos de piedra bajo los que se puede pasar y en los que con un toque de imaginaci\u00f3n es posible observar un elefante bebiendo agua con la trompa sumergida en el agua del oc\u00e9ano.<\/p>\n<p> <div id=\"attachment_1548\" style=\"width: 650px\" class=\"wp-caption aligncenter\"><img decoding=\"async\" aria-describedby=\"caption-attachment-1548\" src=\"https:\/\/destinoysabor.com\/blog\/wp-content\/uploads\/2017\/01\/1a73172c34282740bdcb09006d667166.jpg\" alt=\"Formaci\u00f3n rocosa conocida como El Elefante con sus patas y la trompa bebiendo agua - Destino y Sabor\" width=\"640\" height=\"400\" class=\"size-full wp-image-1548\" srcset=\"https:\/\/destinoysabor.com\/blog\/wp-content\/uploads\/2017\/01\/1a73172c34282740bdcb09006d667166.jpg 640w, https:\/\/destinoysabor.com\/blog\/wp-content\/uploads\/2017\/01\/1a73172c34282740bdcb09006d667166-300x188.jpg 300w, https:\/\/destinoysabor.com\/blog\/wp-content\/uploads\/2017\/01\/1a73172c34282740bdcb09006d667166-330x206.jpg 330w\" sizes=\"(max-width: 640px) 100vw, 640px\" \/><p id=\"caption-attachment-1548\" class=\"wp-caption-text\">Formaci\u00f3n rocosa conocida como El Elefante con sus patas y la trompa bebiendo agua &#8211; Destino y Sabor<\/p><\/div>\n&nbsp; <\/p>\n<h3>Carvoeiro<\/h3>\n<p>Tras la visita a Benagil, <strong>una posibilidad es acercarse hasta Carvoeiro<\/strong>, otro peque\u00f1o municipio <strong>con una bella playa enclava en el centro urbano<\/strong> y con un encanto de pueblo costero salpicado de tiendas y lugares tranquilos para caminar. La playa se encuentra <strong>rodeada de casas blancas<\/strong> con un gran encanto y verdes jardines.<\/p>\n<div id=\"attachment_1551\" style=\"width: 650px\" class=\"wp-caption aligncenter\"><img decoding=\"async\" aria-describedby=\"caption-attachment-1551\" src=\"https:\/\/destinoysabor.com\/blog\/wp-content\/uploads\/2017\/01\/Playa-de-Carvoeiro.-El-carricoche-fue-un-artista-invitado-Destino-y-Sabor.jpg\" alt=\"Playa de Carvoeiro. El carricoche fue un artista invitado - Destino y Sabor\" width=\"640\" height=\"208\" class=\"size-full wp-image-1551\" srcset=\"https:\/\/destinoysabor.com\/blog\/wp-content\/uploads\/2017\/01\/Playa-de-Carvoeiro.-El-carricoche-fue-un-artista-invitado-Destino-y-Sabor.jpg 640w, https:\/\/destinoysabor.com\/blog\/wp-content\/uploads\/2017\/01\/Playa-de-Carvoeiro.-El-carricoche-fue-un-artista-invitado-Destino-y-Sabor-300x98.jpg 300w, https:\/\/destinoysabor.com\/blog\/wp-content\/uploads\/2017\/01\/Playa-de-Carvoeiro.-El-carricoche-fue-un-artista-invitado-Destino-y-Sabor-330x107.jpg 330w\" sizes=\"(max-width: 640px) 100vw, 640px\" \/><p id=\"caption-attachment-1551\" class=\"wp-caption-text\">Playa de Carvoeiro. El carricoche fue un artista invitado &#8211; Destino y Sabor<\/p><\/div>\n&nbsp; <\/p>\n<h3>Lagos<\/h3>\n<p><strong>Lagos es una ciudad del Algarve que ofrece rutas tur\u00edsticas que pueden ser de un gran agrado para toda la familia<\/strong>, comenzando por los viajes en barco para <strong>observar cet\u00e1ceos<\/strong> y que ofrecen seg\u00fan la empresa m\u00e1s de un 90% de probabilidad de que se produzca un avistamiento y que en caso de no producirse regalar\u00edan otra excursi\u00f3n para contemplar los diferentes mam\u00edferos marinos que recorren las cosas del sur de Portugal.<\/p>\n<p><a href=\"https:\/\/yvole.wordpress.com\/2014\/09\/08\/algarve-2a-parte-demasiado-bonito-para-ser-verdad\/\" target=\"_Blank\" rel=\"noopener noreferrer\"><div id=\"attachment_1543\" style=\"width: 650px\" class=\"wp-caption aligncenter\"><img decoding=\"async\" aria-describedby=\"caption-attachment-1543\" src=\"https:\/\/destinoysabor.com\/blog\/wp-content\/uploads\/2017\/01\/Ciudad-de-Lagos-Imagen-de-Yvole.jpg\" alt=\"Ciudad de Lagos - Imagen de Yvole\" width=\"640\" height=\"400\" class=\"size-full wp-image-1543\" srcset=\"https:\/\/destinoysabor.com\/blog\/wp-content\/uploads\/2017\/01\/Ciudad-de-Lagos-Imagen-de-Yvole.jpg 640w, https:\/\/destinoysabor.com\/blog\/wp-content\/uploads\/2017\/01\/Ciudad-de-Lagos-Imagen-de-Yvole-300x188.jpg 300w, https:\/\/destinoysabor.com\/blog\/wp-content\/uploads\/2017\/01\/Ciudad-de-Lagos-Imagen-de-Yvole-330x206.jpg 330w\" sizes=\"(max-width: 640px) 100vw, 640px\" \/><p id=\"caption-attachment-1543\" class=\"wp-caption-text\">Ciudad de Lagos &#8211; Imagen de Yvole<\/p><\/div><\/a><\/p>\n<p>Por supuesto, en esta localidad, tambi\u00e9n es posible realizar excursiones en lanchas o hacer surf en sus playas. <\/p>\n<p>Otra de las cosas que personalmente y por nuestra condici\u00f3n de levantinos me llam\u00f3 la atenci\u00f3n es<strong> la presencia de cig\u00fce\u00f1as<\/strong>. Estos bellos animales, tan habituales en zonas como Extremadura, lo son tambi\u00e9n en algunas zonas del Algarve.<\/p>\n<div id=\"attachment_1544\" style=\"width: 650px\" class=\"wp-caption aligncenter\"><img decoding=\"async\" aria-describedby=\"caption-attachment-1544\" src=\"https:\/\/destinoysabor.com\/blog\/wp-content\/uploads\/2017\/01\/b75785a66c05c77e5441686f131da92e.jpg\" alt=\"Cualquier sitio puede ser bueno para una cig\u00fce\u00f1a - Destino y Sabor\" width=\"640\" height=\"400\" class=\"size-full wp-image-1544\" srcset=\"https:\/\/destinoysabor.com\/blog\/wp-content\/uploads\/2017\/01\/b75785a66c05c77e5441686f131da92e.jpg 640w, https:\/\/destinoysabor.com\/blog\/wp-content\/uploads\/2017\/01\/b75785a66c05c77e5441686f131da92e-300x188.jpg 300w, https:\/\/destinoysabor.com\/blog\/wp-content\/uploads\/2017\/01\/b75785a66c05c77e5441686f131da92e-330x206.jpg 330w\" sizes=\"(max-width: 640px) 100vw, 640px\" \/><p id=\"caption-attachment-1544\" class=\"wp-caption-text\">Cualquier sitio puede ser bueno para una cig\u00fce\u00f1a &#8211; Destino y Sabor<\/p><\/div>\n&nbsp; <\/p>\n<h3>Sagres<\/h3>\n<p>Pero <strong>si hay un lugar que representa el esp\u00edritu surfero \u00e9se es Sagres<\/strong>. Sus playas la han convertido en refugio de los practicantes de este deporte y \u00e9stos han moldeado la ciudad a su gusto. Las tiendas que salpican este peque\u00f1o municipio han sido ideadas para el disfrute de los surfistas y cabe imaginar que, en las temporadas m\u00e1s fr\u00edas, cuando hacer surf es cosa de los m\u00e1s adictos y locos por este deporte, el pueblo debe encontrarse casi vac\u00edo. Pero <strong>a medida que el buen tiempo avanza Sagres va cogiendo color<\/strong> y prepar\u00e1ndose para ofrecer a quienes lo deseen algunas de las m\u00e1s imponentes olas de toda Europa.<\/p>\n<p><a href=\"https:\/\/commons.wikimedia.org\/wiki\/File:Portugal_2013_-_Sagres_-_04_%2810895072613%29.jpg\" target=\"_Blank\" rel=\"noopener noreferrer\"><div id=\"attachment_1546\" style=\"width: 650px\" class=\"wp-caption aligncenter\"><img decoding=\"async\" aria-describedby=\"caption-attachment-1546\" src=\"https:\/\/destinoysabor.com\/blog\/wp-content\/uploads\/2017\/01\/El-Cabo-de-Sagres-Imagen-de-Wikipedia.jpg\" alt=\"El Cabo de Sagres - Imagen de Wikipedia\" width=\"640\" height=\"400\" class=\"size-full wp-image-1546\" srcset=\"https:\/\/destinoysabor.com\/blog\/wp-content\/uploads\/2017\/01\/El-Cabo-de-Sagres-Imagen-de-Wikipedia.jpg 640w, https:\/\/destinoysabor.com\/blog\/wp-content\/uploads\/2017\/01\/El-Cabo-de-Sagres-Imagen-de-Wikipedia-300x188.jpg 300w, https:\/\/destinoysabor.com\/blog\/wp-content\/uploads\/2017\/01\/El-Cabo-de-Sagres-Imagen-de-Wikipedia-330x206.jpg 330w\" sizes=\"(max-width: 640px) 100vw, 640px\" \/><p id=\"caption-attachment-1546\" class=\"wp-caption-text\">El Cabo de Sagres &#8211; Imagen de Wikipedia<\/p><\/div><\/a><\/p>\n<p>Alrededor de Sagres se encuentran un buen n\u00famero de playas, las m\u00e1s famosas, <strong>las playas da Mareta y Tonel<\/strong>.<br \/>\n&nbsp; <\/p>\n<h4>La playa de Mareta<\/h4>\n<p>Mareta <strong>se encuentra protegida de los vientos y es una playa muy frecuentada<\/strong>. Adem\u00e1s, posee servicios como aparcamientos, servicios p\u00fablicos y est\u00e1 muy cerca de establecimientos comerciales. En ella, <strong>es muy habitual ver docenas de personas practicando deportes acu\u00e1ticos<\/strong>, tanto habilidosos usuarios como primerizos.<\/p>\n<h4>La playa de Tonel<\/h4>\n<p>La playa del Tonel <strong>es un lugar s\u00f3lo para surfistas experimentados<\/strong>, ya que las olas pueden llegar a poseer una gran fuerza en ella, <strong>pero su belleza puede (y debe) ser contemplada<\/strong> por toda nuestra expedici\u00f3n. De nuevo, los acantilados de bellas vetadas rocosas casi paralelas a la arena presiden toda la playa. <strong>Frente a ella se alza una peque\u00f1a roca que cuando la marea est\u00e1 en su punto \u00e1lgido se convierte en una solitaria isla<\/strong> a la que podremos llegar nadando. <\/p>\n<p><a href=\"http:\/\/www.luex.com\/wavesensations-sagres-surf-school.html\" target=\"_Blank\" rel=\"noopener noreferrer\"><div id=\"attachment_1554\" style=\"width: 650px\" class=\"wp-caption aligncenter\"><img decoding=\"async\" aria-describedby=\"caption-attachment-1554\" src=\"https:\/\/destinoysabor.com\/blog\/wp-content\/uploads\/2017\/01\/b3ead83921d71c2ac9abf86feb76cbeb.jpg\" alt=\"Pr\u00e1ctica de surf en la Playa de Tonel - Imagen de Wavesensations\" width=\"640\" height=\"360\" class=\"size-full wp-image-1554\" srcset=\"https:\/\/destinoysabor.com\/blog\/wp-content\/uploads\/2017\/01\/b3ead83921d71c2ac9abf86feb76cbeb.jpg 640w, https:\/\/destinoysabor.com\/blog\/wp-content\/uploads\/2017\/01\/b3ead83921d71c2ac9abf86feb76cbeb-300x169.jpg 300w, https:\/\/destinoysabor.com\/blog\/wp-content\/uploads\/2017\/01\/b3ead83921d71c2ac9abf86feb76cbeb-330x186.jpg 330w\" sizes=\"(max-width: 640px) 100vw, 640px\" \/><p id=\"caption-attachment-1554\" class=\"wp-caption-text\">Pr\u00e1ctica de surf en la Playa de Tonel &#8211; Imagen de Wavesensations<\/p><\/div><\/a><\/p>\n<p>Mientras que, <strong>cuando la marea se encuentra baja, la posibilidad de recorrer caminando toda la playa nos dar\u00e1 una experiencia muy gratificante<\/strong>. Sobre todo, si no es en temporada alta: en nuestra visita de Semana Santa de este a\u00f1o, apenas hab\u00edamos una ocho o diez personas en toda la playa con los ruidos de las olas del mar y las gaviotas por \u00fanica compa\u00f1\u00eda.<\/p>\n<p><strong>Parada obligatoria en Sagres la tenemos en el faro del cabo de San Vicente<\/strong>, que rodeado de imponentes acantilados <strong>posee una de las vistas m\u00e1s bellas de todo el viaje<\/strong>. Es posible observar fotograf\u00edas en la que se observa como el agua marina llega a ser capaz de verse por encima de las rocas, algo a primera vista imposible de creer, pero la fuerza del oc\u00e9ano Atl\u00e1ntico es indomable.<\/p>\n<div id=\"attachment_1552\" style=\"width: 650px\" class=\"wp-caption aligncenter\"><img decoding=\"async\" aria-describedby=\"caption-attachment-1552\" src=\"https:\/\/destinoysabor.com\/blog\/wp-content\/uploads\/2017\/01\/Playa-de-Tonel-en-Sagres.-Al-fondo-a-la-izquierda-se-cuenta-el-cabo-de-San-Vicente-Destino-y-Sabor.jpg\" alt=\"Playa de Tonel, en Sagres. Al fondo a la izquierda se cuenta el cabo de San Vicente - Destino y Sabor\" width=\"640\" height=\"166\" class=\"size-full wp-image-1552\" srcset=\"https:\/\/destinoysabor.com\/blog\/wp-content\/uploads\/2017\/01\/Playa-de-Tonel-en-Sagres.-Al-fondo-a-la-izquierda-se-cuenta-el-cabo-de-San-Vicente-Destino-y-Sabor.jpg 640w, https:\/\/destinoysabor.com\/blog\/wp-content\/uploads\/2017\/01\/Playa-de-Tonel-en-Sagres.-Al-fondo-a-la-izquierda-se-cuenta-el-cabo-de-San-Vicente-Destino-y-Sabor-300x78.jpg 300w, https:\/\/destinoysabor.com\/blog\/wp-content\/uploads\/2017\/01\/Playa-de-Tonel-en-Sagres.-Al-fondo-a-la-izquierda-se-cuenta-el-cabo-de-San-Vicente-Destino-y-Sabor-330x86.jpg 330w\" sizes=\"(max-width: 640px) 100vw, 640px\" \/><p id=\"caption-attachment-1552\" class=\"wp-caption-text\">Playa de Tonel, en Sagres. Al fondo a la izquierda se cuenta el cabo de San Vicente &#8211; Destino y Sabor<\/p><\/div>\n&nbsp; <\/p>\n<h2>Dando el salto desde el Algarve a la parte sur de Espa\u00f1a<\/h2>\n<p>Por otro lado, <strong>un viaje al Algarve permite adem\u00e1s de manera sencilla visitar la parte m\u00e1s occidental de Andaluc\u00eda<\/strong>, incluyendo las ciudades de Sevilla, C\u00f3rdoba, Jerez <strong>y por supuesto una visita a Sanl\u00facar de Barrameda o C\u00e1diz<\/strong>, con una parada obligatoria en <strong>el Parque Nacional de Do\u00f1ana<\/strong>.<br \/>\n&nbsp; <\/p>\n<h3>Do\u00f1ana<\/h3>\n<p>Este <strong>enclave natural es seguramente el m\u00e1s importante de la pen\u00ednsula ib\u00e9rica<\/strong> y cuenta con especies protegidas entre las que destaca el lince ib\u00e9rico. No te podemos garantizar que vayas a ver un lince en tu visita, aunque <strong>s\u00ed es relativamente f\u00e1cil ver jabal\u00edes, ciervos o corzos<\/strong>.<\/p>\n<p>Pero s\u00ed podr\u00e1s disfrutar de un paseo en barco por el Guadalquivir o visitar uno de los antiguos pueblos (no prehist\u00f3ricos) pero s\u00ed de hace un par de siglos y <strong>ver c\u00f3mo viv\u00edan los habitantes del hoy parque nacional<\/strong> y morirte de envidia al saber que quedan unas pocas casas cuyos due\u00f1os acuden cuando les place a disfrutar de un enclave \u00fanico. La visita a Do\u00f1ana es el complemento perfecto para una visita al Algarve.<\/p>\n<div id=\"attachment_1541\" style=\"width: 650px\" class=\"wp-caption aligncenter\"><img decoding=\"async\" aria-describedby=\"caption-attachment-1541\" src=\"https:\/\/destinoysabor.com\/blog\/wp-content\/uploads\/2017\/01\/8c0ab709b14a651f10f8d157fb0d7dd3.jpg\" alt=\"Do\u00f1ana, en la margen derecha del Guadalquivir. Al fondo, Sanl\u00facar de Barrameda - Destino y Sabor\" width=\"640\" height=\"400\" class=\"size-full wp-image-1541\" srcset=\"https:\/\/destinoysabor.com\/blog\/wp-content\/uploads\/2017\/01\/8c0ab709b14a651f10f8d157fb0d7dd3.jpg 640w, https:\/\/destinoysabor.com\/blog\/wp-content\/uploads\/2017\/01\/8c0ab709b14a651f10f8d157fb0d7dd3-300x188.jpg 300w, https:\/\/destinoysabor.com\/blog\/wp-content\/uploads\/2017\/01\/8c0ab709b14a651f10f8d157fb0d7dd3-330x206.jpg 330w\" sizes=\"(max-width: 640px) 100vw, 640px\" \/><p id=\"caption-attachment-1541\" class=\"wp-caption-text\">Do\u00f1ana, en la margen derecha del Guadalquivir. Al fondo, Sanl\u00facar de Barrameda &#8211; Destino y Sabor<\/p><\/div>\n&nbsp; <\/p>\n<h4>Tambi\u00e9n te puede interesar<\/h4>\n<ul>\n<li><a href=\"https:\/\/destinoysabor.com\/blog\/una-semana-en-portugal-coimbra\/\">Una semana recorriendo el norte de Portugal, primer d\u00eda: Coimbra y Guarda<\/a>.<\/li>\n<li><a href=\"https:\/\/destinoysabor.com\/blog\/fatima-leiria-y-nazare\/\">Una semana recorriendo el norte de Portugal, segundo d\u00eda: F\u00e1tima, Leiria y Nazar\u00e9<\/a>.<\/li>\n<li><a href=\"https:\/\/destinoysabor.com\/blog\/figueira-da-foz-y-montemor-o-velho\/\">Una semana recorriendo el norte de Portugal, tercer d\u00eda: Figueira da Foz y Montemor-o-Velho<\/a>.<\/li>\n<\/ul>\n<p>&nbsp;<\/p>\n","protected":false},"excerpt":{"rendered":"<p>Descubramos una escapada por Algarve, la regi\u00f3n m\u00e1s al sur de Portugal; un para\u00edso olvidado a la vuelta de la esquina que est\u00e1 esperando que lo conozcamos<\/p>\n","protected":false},"author":7,"featured_media":1555,"comment_status":"open","ping_status":"closed","sticky":false,"template":"","format":"standard","meta":{"rop_custom_images_group":[],"rop_custom_messages_group":[],"rop_publish_now":"initial","rop_publish_now_accounts":{"twitter_3437733573_3437733573":""},"rop_publish_now_history":[],"rop_publish_now_status":"pending","footnotes":""},"categories":[1,385,608],"tags":[218,219],"class_list":["post-1533","post","type-post","status-publish","format-standard","has-post-thumbnail","hentry","category-actualidad-del-turismo-gastronomico","category-europa","category-portugal","tag-algarve-un-paraiso-olvidado-a-la-vuelta-de-la-esquina","tag-un-paraiso-olvidado-muy-cerca-de-nosotros"],"yoast_head":"<!-- This site is optimized with the Yoast SEO plugin v26.5 - https:\/\/yoast.com\/wordpress\/plugins\/seo\/ -->\n<title>Algarve; un para\u00edso olvidado a la vuelta de la esquina - Destino y Sabor<\/title>\n<meta name=\"description\" content=\"Descubramos una escapada por Algarve, la regi\u00f3n m\u00e1s al sur de Portugal; un para\u00edso olvidado a la vuelta de la esquina que est\u00e1 esperando que lo conozcamos\" \/>\n<meta name=\"robots\" content=\"index, follow, max-snippet:-1, max-image-preview:large, max-video-preview:-1\" \/>\n<link rel=\"canonical\" href=\"https:\/\/destinoysabor.com\/blog\/algarve-paraiso-olvidado\/\" \/>\n<meta property=\"og:locale\" content=\"es_ES\" \/>\n<meta property=\"og:type\" content=\"article\" \/>\n<meta property=\"og:title\" content=\"Algarve; un para\u00edso olvidado a la vuelta de la esquina - Destino y Sabor\" \/>\n<meta property=\"og:description\" content=\"Descubramos una escapada por Algarve, la regi\u00f3n m\u00e1s al sur de Portugal; un para\u00edso olvidado a la vuelta de la esquina que est\u00e1 esperando que lo conozcamos\" \/>\n<meta property=\"og:url\" content=\"https:\/\/destinoysabor.com\/blog\/algarve-paraiso-olvidado\/\" \/>\n<meta property=\"og:site_name\" content=\"Destino y Sabor\" \/>\n<meta property=\"article:publisher\" content=\"https:\/\/www.facebook.com\/destinoysabor\/\" \/>\n<meta property=\"article:published_time\" content=\"2017-02-03T05:55:36+00:00\" \/>\n<meta property=\"article:modified_time\" content=\"2019-09-10T12:31:08+00:00\" \/>\n<meta property=\"og:image\" content=\"https:\/\/destinoysabor.com\/blog\/wp-content\/uploads\/2017\/01\/El-Algarve-de-Portugal-Portada.jpg\" \/>\n\t<meta property=\"og:image:width\" content=\"1000\" \/>\n\t<meta property=\"og:image:height\" content=\"461\" \/>\n\t<meta property=\"og:image:type\" content=\"image\/jpeg\" \/>\n<meta name=\"author\" content=\"Gabriel Esta\u00f1\" \/>\n<meta name=\"twitter:card\" content=\"summary_large_image\" \/>\n<meta name=\"twitter:title\" content=\"Algarve; un para\u00edso olvidado a la vuelta de la esquina - Destino y Sabor\" \/>\n<meta name=\"twitter:description\" content=\"Descubramos una escapada por Algarve, la regi\u00f3n m\u00e1s al sur de Portugal; un para\u00edso olvidado a la vuelta de la esquina que est\u00e1 esperando que lo conozcamos\" \/>\n<meta name=\"twitter:image\" content=\"https:\/\/destinoysabor.com\/blog\/wp-content\/uploads\/2017\/01\/El-Algarve-de-Portugal-Portada.jpg\" \/>\n<meta name=\"twitter:creator\" content=\"@Gabrielestan\" \/>\n<meta name=\"twitter:site\" content=\"@Destino_Sabor\" \/>\n<meta name=\"twitter:label1\" content=\"Escrito por\" \/>\n\t<meta name=\"twitter:data1\" content=\"Gabriel Esta\u00f1\" \/>\n\t<meta name=\"twitter:label2\" content=\"Tiempo de lectura\" \/>\n\t<meta name=\"twitter:data2\" content=\"9 minutos\" \/>\n<script type=\"application\/ld+json\" class=\"yoast-schema-graph\">{\"@context\":\"https:\/\/schema.org\",\"@graph\":[{\"@type\":\"WebPage\",\"@id\":\"https:\/\/destinoysabor.com\/blog\/algarve-paraiso-olvidado\/\",\"url\":\"https:\/\/destinoysabor.com\/blog\/algarve-paraiso-olvidado\/\",\"name\":\"Algarve; un para\u00edso olvidado a la vuelta de la esquina - Destino y Sabor\",\"isPartOf\":{\"@id\":\"https:\/\/destinoysabor.com\/blog\/#website\"},\"primaryImageOfPage\":{\"@id\":\"https:\/\/destinoysabor.com\/blog\/algarve-paraiso-olvidado\/#primaryimage\"},\"image\":{\"@id\":\"https:\/\/destinoysabor.com\/blog\/algarve-paraiso-olvidado\/#primaryimage\"},\"thumbnailUrl\":\"https:\/\/destinoysabor.com\/blog\/wp-content\/uploads\/2017\/01\/El-Algarve-de-Portugal-Portada.jpg\",\"datePublished\":\"2017-02-03T05:55:36+00:00\",\"dateModified\":\"2019-09-10T12:31:08+00:00\",\"author\":{\"@id\":\"https:\/\/destinoysabor.com\/blog\/#\/schema\/person\/ce60dd96a5be516314992d9b5fb3c78b\"},\"description\":\"Descubramos una escapada por Algarve, la regi\u00f3n m\u00e1s al sur de Portugal; un para\u00edso olvidado a la vuelta de la esquina que est\u00e1 esperando que lo conozcamos\",\"breadcrumb\":{\"@id\":\"https:\/\/destinoysabor.com\/blog\/algarve-paraiso-olvidado\/#breadcrumb\"},\"inLanguage\":\"es\",\"potentialAction\":[{\"@type\":\"ReadAction\",\"target\":[\"https:\/\/destinoysabor.com\/blog\/algarve-paraiso-olvidado\/\"]}]},{\"@type\":\"ImageObject\",\"inLanguage\":\"es\",\"@id\":\"https:\/\/destinoysabor.com\/blog\/algarve-paraiso-olvidado\/#primaryimage\",\"url\":\"https:\/\/destinoysabor.com\/blog\/wp-content\/uploads\/2017\/01\/El-Algarve-de-Portugal-Portada.jpg\",\"contentUrl\":\"https:\/\/destinoysabor.com\/blog\/wp-content\/uploads\/2017\/01\/El-Algarve-de-Portugal-Portada.jpg\",\"width\":1000,\"height\":461,\"caption\":\"El Algarve de Portugal - Portada\"},{\"@type\":\"BreadcrumbList\",\"@id\":\"https:\/\/destinoysabor.com\/blog\/algarve-paraiso-olvidado\/#breadcrumb\",\"itemListElement\":[{\"@type\":\"ListItem\",\"position\":1,\"name\":\"Portada\",\"item\":\"https:\/\/destinoysabor.com\/blog\/\"},{\"@type\":\"ListItem\",\"position\":2,\"name\":\"Algarve, un para\u00edso olvidado muy cerca de nosotros\"}]},{\"@type\":\"WebSite\",\"@id\":\"https:\/\/destinoysabor.com\/blog\/#website\",\"url\":\"https:\/\/destinoysabor.com\/blog\/\",\"name\":\"Destino y Sabor\",\"description\":\"los mejores planes para foodies y winelovers\",\"potentialAction\":[{\"@type\":\"SearchAction\",\"target\":{\"@type\":\"EntryPoint\",\"urlTemplate\":\"https:\/\/destinoysabor.com\/blog\/?s={search_term_string}\"},\"query-input\":{\"@type\":\"PropertyValueSpecification\",\"valueRequired\":true,\"valueName\":\"search_term_string\"}}],\"inLanguage\":\"es\"},{\"@type\":\"Person\",\"@id\":\"https:\/\/destinoysabor.com\/blog\/#\/schema\/person\/ce60dd96a5be516314992d9b5fb3c78b\",\"name\":\"Gabriel Esta\u00f1\",\"image\":{\"@type\":\"ImageObject\",\"inLanguage\":\"es\",\"@id\":\"https:\/\/destinoysabor.com\/blog\/#\/schema\/person\/image\/\",\"url\":\"https:\/\/secure.gravatar.com\/avatar\/7da7a140d44b065926b86daffe465c2b9a6f595b152819c2570f0d86a273415d?s=96&r=g\",\"contentUrl\":\"https:\/\/secure.gravatar.com\/avatar\/7da7a140d44b065926b86daffe465c2b9a6f595b152819c2570f0d86a273415d?s=96&r=g\",\"caption\":\"Gabriel Esta\u00f1\"},\"description\":\"Nacido en 1986, ha vivido en la provincia de Alicante casi toda su vida, tambi\u00e9n Riopar y Nueva Jersey han sido sus otros hogares. Obsesionado con viajar, disfruta de ello cuanto puede.\",\"sameAs\":[\"http:\/\/www.destinoysabor.com\",\"https:\/\/x.com\/Gabrielestan\"],\"url\":\"https:\/\/destinoysabor.com\/blog\/author\/gabriel-estan\/\"}]}<\/script>\n<!-- \/ Yoast SEO plugin. -->","yoast_head_json":{"title":"Algarve; un para\u00edso olvidado a la vuelta de la esquina - Destino y Sabor","description":"Descubramos una escapada por Algarve, la regi\u00f3n m\u00e1s al sur de Portugal; un para\u00edso olvidado a la vuelta de la esquina que est\u00e1 esperando que lo conozcamos","robots":{"index":"index","follow":"follow","max-snippet":"max-snippet:-1","max-image-preview":"max-image-preview:large","max-video-preview":"max-video-preview:-1"},"canonical":"https:\/\/destinoysabor.com\/blog\/algarve-paraiso-olvidado\/","og_locale":"es_ES","og_type":"article","og_title":"Algarve; un para\u00edso olvidado a la vuelta de la esquina - Destino y Sabor","og_description":"Descubramos una escapada por Algarve, la regi\u00f3n m\u00e1s al sur de Portugal; un para\u00edso olvidado a la vuelta de la esquina que est\u00e1 esperando que lo conozcamos","og_url":"https:\/\/destinoysabor.com\/blog\/algarve-paraiso-olvidado\/","og_site_name":"Destino y Sabor","article_publisher":"https:\/\/www.facebook.com\/destinoysabor\/","article_published_time":"2017-02-03T05:55:36+00:00","article_modified_time":"2019-09-10T12:31:08+00:00","og_image":[{"width":1000,"height":461,"url":"https:\/\/destinoysabor.com\/blog\/wp-content\/uploads\/2017\/01\/El-Algarve-de-Portugal-Portada.jpg","type":"image\/jpeg"}],"author":"Gabriel Esta\u00f1","twitter_card":"summary_large_image","twitter_title":"Algarve; un para\u00edso olvidado a la vuelta de la esquina - Destino y Sabor","twitter_description":"Descubramos una escapada por Algarve, la regi\u00f3n m\u00e1s al sur de Portugal; un para\u00edso olvidado a la vuelta de la esquina que est\u00e1 esperando que lo conozcamos","twitter_image":"https:\/\/destinoysabor.com\/blog\/wp-content\/uploads\/2017\/01\/El-Algarve-de-Portugal-Portada.jpg","twitter_creator":"@Gabrielestan","twitter_site":"@Destino_Sabor","twitter_misc":{"Escrito por":"Gabriel Esta\u00f1","Tiempo de lectura":"9 minutos"},"schema":{"@context":"https:\/\/schema.org","@graph":[{"@type":"WebPage","@id":"https:\/\/destinoysabor.com\/blog\/algarve-paraiso-olvidado\/","url":"https:\/\/destinoysabor.com\/blog\/algarve-paraiso-olvidado\/","name":"Algarve; un para\u00edso olvidado a la vuelta de la esquina - Destino y Sabor","isPartOf":{"@id":"https:\/\/destinoysabor.com\/blog\/#website"},"primaryImageOfPage":{"@id":"https:\/\/destinoysabor.com\/blog\/algarve-paraiso-olvidado\/#primaryimage"},"image":{"@id":"https:\/\/destinoysabor.com\/blog\/algarve-paraiso-olvidado\/#primaryimage"},"thumbnailUrl":"https:\/\/destinoysabor.com\/blog\/wp-content\/uploads\/2017\/01\/El-Algarve-de-Portugal-Portada.jpg","datePublished":"2017-02-03T05:55:36+00:00","dateModified":"2019-09-10T12:31:08+00:00","author":{"@id":"https:\/\/destinoysabor.com\/blog\/#\/schema\/person\/ce60dd96a5be516314992d9b5fb3c78b"},"description":"Descubramos una escapada por Algarve, la regi\u00f3n m\u00e1s al sur de Portugal; un para\u00edso olvidado a la vuelta de la esquina que est\u00e1 esperando que lo conozcamos","breadcrumb":{"@id":"https:\/\/destinoysabor.com\/blog\/algarve-paraiso-olvidado\/#breadcrumb"},"inLanguage":"es","potentialAction":[{"@type":"ReadAction","target":["https:\/\/destinoysabor.com\/blog\/algarve-paraiso-olvidado\/"]}]},{"@type":"ImageObject","inLanguage":"es","@id":"https:\/\/destinoysabor.com\/blog\/algarve-paraiso-olvidado\/#primaryimage","url":"https:\/\/destinoysabor.com\/blog\/wp-content\/uploads\/2017\/01\/El-Algarve-de-Portugal-Portada.jpg","contentUrl":"https:\/\/destinoysabor.com\/blog\/wp-content\/uploads\/2017\/01\/El-Algarve-de-Portugal-Portada.jpg","width":1000,"height":461,"caption":"El Algarve de Portugal - Portada"},{"@type":"BreadcrumbList","@id":"https:\/\/destinoysabor.com\/blog\/algarve-paraiso-olvidado\/#breadcrumb","itemListElement":[{"@type":"ListItem","position":1,"name":"Portada","item":"https:\/\/destinoysabor.com\/blog\/"},{"@type":"ListItem","position":2,"name":"Algarve, un para\u00edso olvidado muy cerca de nosotros"}]},{"@type":"WebSite","@id":"https:\/\/destinoysabor.com\/blog\/#website","url":"https:\/\/destinoysabor.com\/blog\/","name":"Destino y Sabor","description":"los mejores planes para foodies y winelovers","potentialAction":[{"@type":"SearchAction","target":{"@type":"EntryPoint","urlTemplate":"https:\/\/destinoysabor.com\/blog\/?s={search_term_string}"},"query-input":{"@type":"PropertyValueSpecification","valueRequired":true,"valueName":"search_term_string"}}],"inLanguage":"es"},{"@type":"Person","@id":"https:\/\/destinoysabor.com\/blog\/#\/schema\/person\/ce60dd96a5be516314992d9b5fb3c78b","name":"Gabriel Esta\u00f1","image":{"@type":"ImageObject","inLanguage":"es","@id":"https:\/\/destinoysabor.com\/blog\/#\/schema\/person\/image\/","url":"https:\/\/secure.gravatar.com\/avatar\/7da7a140d44b065926b86daffe465c2b9a6f595b152819c2570f0d86a273415d?s=96&r=g","contentUrl":"https:\/\/secure.gravatar.com\/avatar\/7da7a140d44b065926b86daffe465c2b9a6f595b152819c2570f0d86a273415d?s=96&r=g","caption":"Gabriel Esta\u00f1"},"description":"Nacido en 1986, ha vivido en la provincia de Alicante casi toda su vida, tambi\u00e9n Riopar y Nueva Jersey han sido sus otros hogares. Obsesionado con viajar, disfruta de ello cuanto puede.","sameAs":["http:\/\/www.destinoysabor.com","https:\/\/x.com\/Gabrielestan"],"url":"https:\/\/destinoysabor.com\/blog\/author\/gabriel-estan\/"}]}},"jetpack_featured_media_url":"https:\/\/destinoysabor.com\/blog\/wp-content\/uploads\/2017\/01\/El-Algarve-de-Portugal-Portada.jpg","_links":{"self":[{"href":"https:\/\/destinoysabor.com\/blog\/wp-json\/wp\/v2\/posts\/1533","targetHints":{"allow":["GET"]}}],"collection":[{"href":"https:\/\/destinoysabor.com\/blog\/wp-json\/wp\/v2\/posts"}],"about":[{"href":"https:\/\/destinoysabor.com\/blog\/wp-json\/wp\/v2\/types\/post"}],"author":[{"embeddable":true,"href":"https:\/\/destinoysabor.com\/blog\/wp-json\/wp\/v2\/users\/7"}],"replies":[{"embeddable":true,"href":"https:\/\/destinoysabor.com\/blog\/wp-json\/wp\/v2\/comments?post=1533"}],"version-history":[{"count":9,"href":"https:\/\/destinoysabor.com\/blog\/wp-json\/wp\/v2\/posts\/1533\/revisions"}],"predecessor-version":[{"id":4343,"href":"https:\/\/destinoysabor.com\/blog\/wp-json\/wp\/v2\/posts\/1533\/revisions\/4343"}],"wp:featuredmedia":[{"embeddable":true,"href":"https:\/\/destinoysabor.com\/blog\/wp-json\/wp\/v2\/media\/1555"}],"wp:attachment":[{"href":"https:\/\/destinoysabor.com\/blog\/wp-json\/wp\/v2\/media?parent=1533"}],"wp:term":[{"taxonomy":"category","embeddable":true,"href":"https:\/\/destinoysabor.com\/blog\/wp-json\/wp\/v2\/categories?post=1533"},{"taxonomy":"post_tag","embeddable":true,"href":"https:\/\/destinoysabor.com\/blog\/wp-json\/wp\/v2\/tags?post=1533"}],"curies":[{"name":"wp","href":"https:\/\/api.w.org\/{rel}","templated":true}]}}