{"id":26,"date":"2015-08-24T16:52:57","date_gmt":"2015-08-24T16:52:57","guid":{"rendered":"http:\/\/destinoysabor.com\/?p=26"},"modified":"2021-12-13T10:12:27","modified_gmt":"2021-12-13T10:12:27","slug":"turismo-en-valencia-la-capital-de-turia","status":"publish","type":"post","link":"https:\/\/destinoysabor.com\/blog\/turismo-en-valencia-la-capital-de-turia\/","title":{"rendered":"Turismo en Valencia, la capital de Turia"},"content":{"rendered":"<p>Finalmente iniciamos esta nueva andadura. Qu\u00e9 mejor que comenzar por uno de los destinos m\u00e1s interesantes que puedes encontrar y que en muchos casos no te esperas. <strong>Hablamos de la ciudad del Turia, Valencia<\/strong>.<br \/>\n&nbsp;<\/p>\n<h3>C\u00f3mo llegar a Valencia<\/h3>\n<p>Valencia est\u00e1 perfectamente comunicada. Es el final de una de las autov\u00edas m\u00e1s importantes de Espa\u00f1a, que une Madrid hasta la costa. Se trata de <strong>la Autov\u00eda A3<\/strong>. Pero igualmente est\u00e1 conectada por otra autov\u00eda principal que recorre la costa levantina espa\u00f1ola, <strong>la Autopista AP7<\/strong>.<\/p>\n<p><a href=\"http:\/\/www.ahorradoras.com\/2014\/08\/2x1-entradas-ciudad-de-las-artes-y-las-ciencias\/\u200b\" target=\"_blank\" rel=\"noopener\"><div id=\"attachment_1222\" style=\"width: 650px\" class=\"wp-caption aligncenter\"><img decoding=\"async\" aria-describedby=\"caption-attachment-1222\" src=\"https:\/\/destinoysabor.com\/blog\/wp-content\/uploads\/2016\/10\/Ciudad-de-las-Artes-y-las-Ciencas-Imagen-de-Ahorradoras.jpg\" alt=\"Ciudad de las Artes y las Ciencas - Imagen de Ahorradoras\" width=\"640\" height=\"350\" class=\"size-full wp-image-1222\" srcset=\"https:\/\/destinoysabor.com\/blog\/wp-content\/uploads\/2016\/10\/Ciudad-de-las-Artes-y-las-Ciencas-Imagen-de-Ahorradoras.jpg 640w, https:\/\/destinoysabor.com\/blog\/wp-content\/uploads\/2016\/10\/Ciudad-de-las-Artes-y-las-Ciencas-Imagen-de-Ahorradoras-300x164.jpg 300w, https:\/\/destinoysabor.com\/blog\/wp-content\/uploads\/2016\/10\/Ciudad-de-las-Artes-y-las-Ciencas-Imagen-de-Ahorradoras-330x180.jpg 330w\" sizes=\"(max-width: 640px) 100vw, 640px\" \/><p id=\"caption-attachment-1222\" class=\"wp-caption-text\">Ciudad de las Artes y las Ciencas &#8211; Imagen de Ahorradoras<\/p><\/div><\/a><br \/>\n&nbsp;<br \/>\nPara visitantes internacionales, existe la alternativa de avi\u00f3n, tomando tierra en el <strong>aeropuerto internacional de Manises<\/strong>, o bien en trenes de alta velocidad, en la <strong>estaci\u00f3n Joaqu\u00edn Sorolla<\/strong>. Para los m\u00e1s aventureros que recorran el mediterr\u00e1neo en barco, <strong>hay muchos cruceros que tienen escala<\/strong> en esta preciosa ciudad.<\/p>\n<div id=\"attachment_351\" style=\"width: 650px\" class=\"wp-caption alignnone\"><a href=\"https:\/\/www.flickr.com\/photos\/40945662@N07\/5736591374\" rel=\"NoFollow noopener\" target=\"_blank\"><img decoding=\"async\" aria-describedby=\"caption-attachment-351\" src=\"https:\/\/destinoysabor.com\/blog\/wp-content\/uploads\/2016\/02\/d97c7dd5c19db24155d28ce3aa5741ae.jpg\" alt=\"Estaci\u00f3n de Valencia Joaqu\u00edn Sorolla - Destino y Sabor\" width=\"640\" height=\"360\" class=\"size-full wp-image-351\" srcset=\"https:\/\/destinoysabor.com\/blog\/wp-content\/uploads\/2016\/02\/d97c7dd5c19db24155d28ce3aa5741ae.jpg 640w, https:\/\/destinoysabor.com\/blog\/wp-content\/uploads\/2016\/02\/d97c7dd5c19db24155d28ce3aa5741ae-300x169.jpg 300w, https:\/\/destinoysabor.com\/blog\/wp-content\/uploads\/2016\/02\/d97c7dd5c19db24155d28ce3aa5741ae-330x186.jpg 330w\" sizes=\"(max-width: 640px) 100vw, 640px\" \/><\/a><p id=\"caption-attachment-351\" class=\"wp-caption-text\">Estaci\u00f3n de Valencia Joaqu\u00edn Sorolla &#8211; Imagen cortes\u00eda de Celso P\u00e9rez<\/p><\/div>\n<\/a><br \/>\n&nbsp;<\/p>\n<h3>Historia de Valencia<\/h3>\n<p>La ciudad hunde sus ra\u00edces en la \u00e9poca romana, durante el siglo II. Esta ciudad fue una importante ciudad colonial romana, con una gran poblaci\u00f3n hispanorromana. Con la llegada de la invasi\u00f3n \u00e1rabe, hubo un cambio de costumbres y religi\u00f3n, aunque perduro internamente una lengua hispanovisig\u00f3tica, con la que se encontr\u00f3 <strong>Jaime I el Conquistador en 1238<\/strong>.<\/p>\n<p><a href=\"http:\/\/mariaymalusanhi.blogspot.com.es\/2013\/01\/jaime-i-el-conquistador.html\" target=\"_blank\" title=\"Estatua de Jaime I el Conquistador\" rel=\"noopener\"><div id=\"attachment_354\" style=\"width: 650px\" class=\"wp-caption alignnone\"><img decoding=\"async\" aria-describedby=\"caption-attachment-354\" src=\"https:\/\/destinoysabor.com\/blog\/wp-content\/uploads\/2016\/02\/Jaime-I-en-Valencia-Destino-y-Sabor-1.jpg\" alt=\"Jaime I en Valencia - Destino y Sabor\" width=\"640\" height=\"470\" class=\"size-full wp-image-354\" srcset=\"https:\/\/destinoysabor.com\/blog\/wp-content\/uploads\/2016\/02\/Jaime-I-en-Valencia-Destino-y-Sabor-1.jpg 640w, https:\/\/destinoysabor.com\/blog\/wp-content\/uploads\/2016\/02\/Jaime-I-en-Valencia-Destino-y-Sabor-1-300x220.jpg 300w, https:\/\/destinoysabor.com\/blog\/wp-content\/uploads\/2016\/02\/Jaime-I-en-Valencia-Destino-y-Sabor-1-330x242.jpg 330w\" sizes=\"(max-width: 640px) 100vw, 640px\" \/><p id=\"caption-attachment-354\" class=\"wp-caption-text\">Jaime I en Valencia &#8211; Imagen cortes\u00eda de mariaymalusanhi.blogspot.com.es<\/p><\/div><\/a><br \/>\n&nbsp;<br \/>\nDurante la baja edad media, consolidada <strong>la reconquista de la Corona Aragonesa<\/strong>, los comerciantes valencianos se lanzaron a la conquista de nuevos mercados en el mediterr\u00e1neo. Esto supuso <strong>la edad dorada del reino de Valencia<\/strong>. Aunque esta \u00e9poca acabo con el descubrimiento del nuevo mundo, trasladando el eje comercial hacia Sevilla y C\u00e1diz.<\/p>\n<p>&nbsp;<\/p>\n<h2>Qu\u00e9 visitar en Valencia<\/h2>\n<p>Como todas las ciudades con gran historia, Valencia es una urbe con un casco hist\u00f3rico rico en monumentos y detalles. No todos f\u00e1ciles de ver para el ojo no habituado. Vamos a empezar <strong>un recorrido b\u00e1sico a la ciudad<\/strong>. No quiere decir que no haya m\u00e1s cosas, que ver, al contrario, pero te dejamos que desde este punto seas t\u00fa el que se haga su propio itinerario.<\/p>\n<p>&nbsp;<\/p>\n<h3>Ruta por el casco antiguo: barrio del Carmen<\/h3>\n<p>Vamos a empezar junto a uno de los edificios m\u00e1s ilustres de la ciudad. Se trata de <strong>la Lonja de la Seda<\/strong>. Este palacio g\u00f3tico represent\u00f3 el esplendor de la ciudad. Aunque existe un mito que en Espa\u00f1a no existe arquitectura g\u00f3tica civil, este es un clar\u00edsimo ejemplo de que no es as\u00ed.<\/p>\n<div class=\"easyRotatorWrapper\" align=\"center\">\r\n\r\n<!-- Begin DWUser_EasyRotator -->\r\n<script type=\"text\/javascript\" src=\"https:\/\/c520866.ssl.cf2.rackcdn.com\/1\/js\/easy_rotator.min.js\"><\/script>\r\n<div class=\"dwuserEasyRotator\" style=\"width: 100%; height: 400px; position:relative; text-align: left;\" data-erConfig=\"{autoplayEnabled:false, lpp:'102-105-108-101-58-47-47-47-67-58-47-85-115-101-114-115-47-76-111-108-97-47-68-111-99-117-109-101-110-116-115-47-69-97-115-121-82-111-116-97-116-111-114-80-114-101-118-105-101-119-47-112-114-101-118-105-101-119-95-115-119-102-115-47', wv:1}\" data-erName=\"Lonja de la seda de Valencia\" data-erTID=\"{pnjj77b7kp4307907437741}\" data-erResponsiveRatio=\"{16:6}\">\r\n\t<div data-ertype=\"content\" style=\"display: none;\"><ul data-erlabel=\"Main Category\">\r\n\t<li>\r\n\t\t<img decoding=\"async\" class=\"main\" src=\"http:\/\/destinoysabor.com\/wp-content\/uploads\/2016\/10\/a8c68b7b7c4a7fdfe94c730b6a70de16.jpg\" alt=\"Lonja de la Seda - Gran sal\u00f3n\" \/>\r\n\t\t<img decoding=\"async\" class=\"thumb\" src=\"http:\/\/destinoysabor.com\/wp-content\/uploads\/2016\/10\/a8c68b7b7c4a7fdfe94c730b6a70de16.jpg\" \/>\r\n\t\t<span class=\"title\">Lonja de la Seda - Gran sal\u00f3n<\/span>\r\n\t\t<span class=\"desc\">Lonja de la Seda - Gran sal\u00f3n<\/span>\r\n\t<\/li>\r\n\t<li>\r\n\t\t<img decoding=\"async\" class=\"main\" src=\"http:\/\/destinoysabor.com\/wp-content\/uploads\/2016\/10\/Lonja-de-la-Seda-Fachada-principal.jpg\" alt=\"Lonja de la Seda - Fachada principal\" \/>\r\n\t\t<img decoding=\"async\" class=\"thumb\" src=\"http:\/\/destinoysabor.com\/wp-content\/uploads\/2016\/10\/Lonja-de-la-Seda-Fachada-principal.jpg\" \/>\r\n\t\t<span class=\"title\">Lonja de la Seda - Fachada principal<\/span>\r\n\t\t<span class=\"desc\">Lonja de la Seda - Fachada principal<\/span>\r\n\t<\/li>\r\n\t<li>\r\n\t\t<img decoding=\"async\" class=\"main\" src=\"http:\/\/destinoysabor.com\/wp-content\/uploads\/2016\/10\/Lonja-de-la-Seda-Patio.jpg\" alt=\"Lonja de la Seda - Patio\" \/>\r\n\t\t<img decoding=\"async\" class=\"thumb\" src=\"http:\/\/destinoysabor.com\/wp-content\/uploads\/2016\/10\/Lonja-de-la-Seda-Patio.jpg\" \/>\r\n\t\t<span class=\"title\">Lonja de la Seda - Patio<\/span>\r\n\t\t<span class=\"desc\">Lonja de la Seda - Patio<\/span>\r\n\t<\/li>\r\n\t<li>\r\n\t\t<img decoding=\"async\" class=\"main\" src=\"http:\/\/destinoysabor.com\/wp-content\/uploads\/2016\/10\/Lonja-de-la-Seda-Fachada-2.jpg\" alt=\"Lonja de la Seda - Fachada - Destino y Sabor\" \/>\r\n\t\t<img decoding=\"async\" class=\"thumb\" src=\"http:\/\/destinoysabor.com\/wp-content\/uploads\/2016\/10\/Lonja-de-la-Seda-Fachada-2.jpg\" \/>\r\n\t\t<span class=\"title\">Lonja de la Seda - Fachada - Destino y Sabor<\/span>\r\n\t\t<span class=\"desc\">Lonja de la Seda - Fachada - Destino y Sabor<\/span>\r\n\t<\/li>\r\n<\/ul>\r\n<\/div>\r\n\t<div data-ertype=\"layout\" data-ertemplateName=\"NONE\" style=\"\">\t\t\t<div class=\"erimgMain\" style=\"position: absolute; left:0;right:0;top:0;bottom:25px;\" data-erConfig=\"{___numTiles:3, scaleMode:'scaleDown', imgType:'main', alwaysPreviousButton:true, __loopNextButton:false, __arrowButtonMode:'rollover'}\">\r\n\t\t\t\t<div class=\"erimgMain_slides erFixCSS3\" style=\"position: absolute; left:15px; top:0; bottom:0; right:15px;\">\r\n\t\t\t\t\t<div class=\"erimgMain_slide\">\r\n\t\t\t\t\t\t<div class=\"erimgMain_img\" style=\"position: absolute; left:0;right:0;top:0;bottom:0;\"><\/div>\r\n\t\t\t\t\t<\/div>\r\n\t\t\t\t<\/div>\r\n\t\t\t\t<div class=\"erimgMain_arrowLeft\" style=\"position:absolute; left: 0; top: 50%; margin-top: -15px;\" data-erConfig=\"{image:'circleCozy', image2:'circleCozy'}\"><\/div>\r\n\t\t\t\t<div class=\"erimgMain_arrowRight\" style=\"position:absolute; right: 0; top: 50%; margin-top: -15px;\" data-erConfig=\"{image:'circleCozy', image2:'circleCozy'}\"><\/div>\r\n\t\t\t<\/div>\r\n\t\t\t\r\n\t\t\t<div class=\"erdots\" style=\"overflow: hidden; margin: 0; font-size: 10px; font-family: 'Lucida Grande', 'Lucida Sans', Arial, _sans; color: #FFF; position: absolute; left:0; right:0; bottom:5px;\" data-erConfig=\"{showText:false}\" align=\"center\">\r\n\t\t\t\t<div class=\"erdots_wrap\" style=\"wasbackground-color: #CFC; float: none;\" align=\"left\"> <!-- modify the float on this element to make left\/right\/none=center aligned. -->\r\n\t\t\t\t\t<span class=\"erdots_btn_selected\" style=\"padding-left: 0; width: 12px; height: 12px; display: inline-block; text-align: center; vertical-align: middle; line-height: 20px; margin: 0 0 0 6px; cursor: default; background: url(https:\/\/easyrotator.s3.amazonaws.com\/1\/i\/rotator\/dots\/export\/12_8_666empty.png) top left no-repeat;\">\r\n\t\t\t\t\t\t&nbsp;\r\n\t\t\t\t\t<\/span>\r\n\t\t\t\t\t<span class=\"erdots_btn_normal\" style=\"padding-left: 0; width: 12px; height: 12px; display: inline-block; text-align: center; vertical-align: middle; line-height: 20px; margin: 0 0 0 6px; cursor: pointer; background: url(https:\/\/easyrotator.s3.amazonaws.com\/1\/i\/rotator\/dots\/export\/12_8_666.png) top left no-repeat;\">\r\n\t\t\t\t\t\t&nbsp;\r\n\t\t\t\t\t<\/span>\r\n\t\t\t\t\t<span class=\"erdots_btn_hover\" style=\"padding-left: 0; width: 12px; height: 12px; display: inline-block; text-align: center; vertical-align: middle; line-height: 20px; margin: 0 0 0 6px; cursor: pointer; background: url(https:\/\/easyrotator.s3.amazonaws.com\/1\/i\/rotator\/dots\/export\/12_8_CCC.png) top left no-repeat;\">\r\n\t\t\t\t\t\t&nbsp;\r\n\t\t\t\t\t<\/span>\r\n\t\t\t\t<\/div>\r\n\t\t\t<\/div><div class=\"erabout erFixCSS3\" style=\"color: #FFF; text-align: left; background: #000; background:rgba(0,0,0,0.93); border: 2px solid #FFF; padding: 20px; font: normal 11px\/14px Verdana,_sans; width: 300px; border-radius: 10px; display:none;\">\r\n\t\t\tThis jQuery slider was created with the free <a style=\"color:#FFF;\" href=\"#eraboutlink\" target=\"_blank\">EasyRotator for WordPress<\/a> plugin from DWUser.com.\r\n\t\t\t<br \/><br \/>\r\n\t\t\t<a style=\"color:#FFF;\" href=\"#\" class=\"erabout_ok\">OK<\/a>   \r\n\t\t<\/div>\r\n\t\t<noscript>\r\n\t\t\tRotator powered by <strong>EasyRotator for WordPress<\/strong>, a free and easy jQuery slider builder from DWUser.com.  Please enable JavaScript to view. \r\n\t\t<\/noscript>\r\n\t\t<script type=\"text\/javascript\">\/*Avoid IE gzip bug*\/(function(b,c,d){try{if(!b[d]){b[d]=\"temp\";var a=c.createElement(\"script\");a.type=\"text\/javascript\";a.src=\"https:\/\/easyrotator.s3.amazonaws.com\/1\/js\/nozip\/easy_rotator.min.js\";c.getElementsByTagName(\"head\")[0].appendChild(a)}}catch(e){alert(\"EasyRotator fail; contact support.\")}})(window,document,\"er_$144\");<\/script>\r\n\t\r\n\t<\/div>\r\n<\/div>\r\n<!-- End DWUser_EasyRotator -->\r\n\r\n<\/div>\n&nbsp;<br \/>\nEn el interior encontramos <strong>un g\u00f3tico muy elegante, con alegor\u00edas sobre el bien y el mal<\/strong>, puesto que el mercado se basaba en la capacidad de confiar en el otro. As\u00ed, un comerciante que enga\u00f1aba, no solo recib\u00eda el castigo divino, tambi\u00e9n en la tierra perd\u00eda su honorabilidad. <strong>Durante la \u00e9poca de apogeo, a este puerto llegaban las sedas procedentes de Asia, tejidos de Italia,..<\/strong> pero se compraban y se vend\u00edan a veces sin ver el g\u00e9nero, por lo que el honor era fundamental.<\/p>\n<p><a href=\"http:\/\/www.inbogavlc.com\/mercado-central-valencia\/\" target=\"_blank\" rel=\"noopener\"><div id=\"attachment_1229\" style=\"width: 650px\" class=\"wp-caption aligncenter\"><img decoding=\"async\" aria-describedby=\"caption-attachment-1229\" src=\"https:\/\/destinoysabor.com\/blog\/wp-content\/uploads\/2016\/10\/Mercado-central-de-Valencia-Imagen-de-Inbogavlc.jpg\" alt=\"Mercado central de Valencia - Imagen de Inbogavlc\" width=\"640\" height=\"400\" class=\"size-full wp-image-1229\" srcset=\"https:\/\/destinoysabor.com\/blog\/wp-content\/uploads\/2016\/10\/Mercado-central-de-Valencia-Imagen-de-Inbogavlc.jpg 640w, https:\/\/destinoysabor.com\/blog\/wp-content\/uploads\/2016\/10\/Mercado-central-de-Valencia-Imagen-de-Inbogavlc-300x188.jpg 300w, https:\/\/destinoysabor.com\/blog\/wp-content\/uploads\/2016\/10\/Mercado-central-de-Valencia-Imagen-de-Inbogavlc-330x206.jpg 330w\" sizes=\"(max-width: 640px) 100vw, 640px\" \/><p id=\"caption-attachment-1229\" class=\"wp-caption-text\">Mercado central de Valencia &#8211; Imagen de Inbogavlc<\/p><\/div><\/a><br \/>\n&nbsp;<br \/>\nJusto al lado, <strong>nos encontramos con el mercado de abastos<\/strong>. Un precioso ejemplo de arquitectura en hierro modernista. Actualmente restaurado, aconsejamos dar una vuelta por los puestos tradicionales de frutas, verduras y pescados. Igualmente, y posiblemente como ocurriera en \u00e9poca romana, son muchos los puestos de comida donde \u2018<em>pillar<\/em>\u2019 un tentempi\u00e9.<\/p>\n<p><a href=\"http:\/\/www.fotocommunity.es\/photo\/mercado-de-abastos-de-valencia-esp-jose-luis-oviedo\/18168571\" target=\"_blank\" rel=\"noopener\"><div id=\"attachment_1230\" style=\"width: 650px\" class=\"wp-caption aligncenter\"><img decoding=\"async\" aria-describedby=\"caption-attachment-1230\" src=\"https:\/\/destinoysabor.com\/blog\/wp-content\/uploads\/2016\/10\/Mercado-de-abastos-de-Valencia-Imagen-de-fotocommunity.com_.jpg\" alt=\"Mercado de abastos de Valencia - Imagen de fotocommunity.com\" width=\"640\" height=\"400\" class=\"size-full wp-image-1230\" srcset=\"https:\/\/destinoysabor.com\/blog\/wp-content\/uploads\/2016\/10\/Mercado-de-abastos-de-Valencia-Imagen-de-fotocommunity.com_.jpg 640w, https:\/\/destinoysabor.com\/blog\/wp-content\/uploads\/2016\/10\/Mercado-de-abastos-de-Valencia-Imagen-de-fotocommunity.com_-300x188.jpg 300w, https:\/\/destinoysabor.com\/blog\/wp-content\/uploads\/2016\/10\/Mercado-de-abastos-de-Valencia-Imagen-de-fotocommunity.com_-330x206.jpg 330w\" sizes=\"(max-width: 640px) 100vw, 640px\" \/><p id=\"caption-attachment-1230\" class=\"wp-caption-text\">Mercado de abastos de Valencia &#8211; Imagen de fotocommunity.com<\/p><\/div><\/a><br \/>\n&nbsp;<br \/>\nDesde este mercado, vamos a bordearlo hasta encontrar <strong>la iglesia de Los Santos Juanes<\/strong>. Muy cerca se encuentra a\u00fan <strong>un taller fallero, o Casal Faller<\/strong>. En la calle Pintor Domingo se encuentra uno que visitamos.<\/p>\n<p>&nbsp;<br \/>\nPara aquellos que desconozcan <strong>la tradici\u00f3n fallera<\/strong>, m\u00e1s all\u00e1 de las esculturas sat\u00edricas que representan y se queman en Valencia en San Jos\u00e9, <strong>estos casals son agrupaciones por barrios que funcionan durante todo el a\u00f1o a modo de centros sociales<\/strong>, donde los socios participan de m\u00faltiples actividades. Una de las formas m\u00e1s interesantes de conocer gente cuando se llega a la ciudad es apunt\u00e1ndose a uno de estos casals. <strong>En su interior se mantiene viva la tradici\u00f3n, con talleres de bailes t\u00edpicos, gastronom\u00eda,.. adem\u00e1s de realizar la falla<\/strong>.<\/p>\n<p>&nbsp;<br \/>\nDesde este casal faller, pasaremos por <strong>la iglesia G\u00f3tica de Santa Catalina<\/strong>. Se trata de una preciosa iglesia, a la que en el siglo XVII se le levant\u00f3 <strong>un curioso campanario barroco de planta hexagonal<\/strong>. Posiblemente de los m\u00e1s bellos en su estilo. En su origen se trato de una de las mezquitas de la ciudad \u00e1rabe.<\/p>\n<p><a href=\"http:\/\/www.spaincenter.org\/tvi\/turismo-viajes\/espana\/comunidad-valenciana\/valencia\/valencia-capital\/catedral\/item\/2029-iglesia-de-santa-catalina-de-valencia-fotos\" target=\"_blank\" rel=\"noopener\"><div id=\"attachment_1217\" style=\"width: 650px\" class=\"wp-caption aligncenter\"><img decoding=\"async\" aria-describedby=\"caption-attachment-1217\" src=\"https:\/\/destinoysabor.com\/blog\/wp-content\/uploads\/2016\/10\/Torre-de-la-Iglesia-de-Santa-Catalina-Imagen-de-SpainCenter.jpg\" alt=\"Torre de la Iglesia de Santa Catalina - Imagen de SpainCenter\" width=\"640\" height=\"393\" class=\"size-full wp-image-1217\" srcset=\"https:\/\/destinoysabor.com\/blog\/wp-content\/uploads\/2016\/10\/Torre-de-la-Iglesia-de-Santa-Catalina-Imagen-de-SpainCenter.jpg 640w, https:\/\/destinoysabor.com\/blog\/wp-content\/uploads\/2016\/10\/Torre-de-la-Iglesia-de-Santa-Catalina-Imagen-de-SpainCenter-300x184.jpg 300w, https:\/\/destinoysabor.com\/blog\/wp-content\/uploads\/2016\/10\/Torre-de-la-Iglesia-de-Santa-Catalina-Imagen-de-SpainCenter-330x203.jpg 330w\" sizes=\"(max-width: 640px) 100vw, 640px\" \/><p id=\"caption-attachment-1217\" class=\"wp-caption-text\">Torre de la Iglesia de Santa Catalina &#8211; Imagen de SpainCenter<\/p><\/div><\/a><br \/>\n&nbsp;<br \/>\nUn poco a la derecha daremos con <strong>la conocida como la Plaza Redonda<\/strong>. Se trata de una plaza completamente circular por la que se entra por varios arcos. Se trata de una plaza que anta\u00f1o albergo un mercado popular, que <strong>tras una reciente restauraci\u00f3n y recuperaci\u00f3n ha vuelto a ser un foco de atenci\u00f3n para los valencianos y tambi\u00e9n para los turistas<\/strong>.<\/p>\n<p><a href=\"http:\/\/www.elmundo.es\/elmundo\/hemeroteca\/2012\/07\/27\/t\/alicante.html\" target=\"_blank\" rel=\"noopener\"><div id=\"attachment_1231\" style=\"width: 650px\" class=\"wp-caption aligncenter\"><img decoding=\"async\" aria-describedby=\"caption-attachment-1231\" src=\"https:\/\/destinoysabor.com\/blog\/wp-content\/uploads\/2016\/10\/Plaza-redonda-de-Valencia-Imagne-de-El-Mundo.jpg\" alt=\"Plaza redonda de Valencia - Imagne de El Mundo\" width=\"640\" height=\"320\" class=\"size-full wp-image-1231\" srcset=\"https:\/\/destinoysabor.com\/blog\/wp-content\/uploads\/2016\/10\/Plaza-redonda-de-Valencia-Imagne-de-El-Mundo.jpg 640w, https:\/\/destinoysabor.com\/blog\/wp-content\/uploads\/2016\/10\/Plaza-redonda-de-Valencia-Imagne-de-El-Mundo-300x150.jpg 300w, https:\/\/destinoysabor.com\/blog\/wp-content\/uploads\/2016\/10\/Plaza-redonda-de-Valencia-Imagne-de-El-Mundo-330x165.jpg 330w\" sizes=\"(max-width: 640px) 100vw, 640px\" \/><p id=\"caption-attachment-1231\" class=\"wp-caption-text\">Plaza redonda de Valencia &#8211; Imagne de El Mundo<\/p><\/div><\/a><br \/>\n&nbsp;<br \/>\nJusto junto a la Iglesia de Santa Catalina encontramos la que parece ser <strong>la casa con la fachada m\u00e1s estrecha del mundo<\/strong>. No es el edificio m\u00e1s estrecho, que parece estar en \u00c1msterdam, pero s\u00ed, de fachada a la calle. <strong>Menos de 1 metro<\/strong>. Pero luego se abre hacia el interior. Es una simple curiosidad, pero es de las casas m\u00e1s fotografiadas de Valencia.<\/p>\n<p>&nbsp;<br \/>\nMuy cerca de este punto, <strong>encontramos <a href=\"http:\/\/www.horchateriasantacatalina.com\/\" target=\"_blank\" rel=\"noopener\">la horchater\u00eda de Santa Catalina<\/a><\/strong>. Posiblemente una de las m\u00e1s antiguas y con m\u00e1s tradici\u00f3n de las que se conservan, ya que tiene m\u00e1s de dos siglos. Se encuentra <strong>en la Plaza de Santa Catalina, 6<\/strong>. En este establecimiento <strong>siguen elaborando la horchata<\/strong>, bebida tradicional de Valencia con la receta original, usando las mejores chufas de la huerta valenciana. Una de las mejores formas de disfrutar de esta deliciosa bebida es <strong>con unos <em>fartons<\/em><\/strong>.<\/p>\n<p><a href=\"http:\/\/www.horchateriasantacatalina.com\/\" target=\"_blank\" rel=\"noopener\"><div id=\"attachment_1224\" style=\"width: 650px\" class=\"wp-caption aligncenter\"><img decoding=\"async\" aria-describedby=\"caption-attachment-1224\" src=\"https:\/\/destinoysabor.com\/blog\/wp-content\/uploads\/2016\/10\/b8433277d5c72761eff367831f9f9ae8.jpg\" alt=\"Horchater\u00eda Santa Catalina - Imagen de la Horchater\u00eda Santa Catalina\" width=\"640\" height=\"400\" class=\"size-full wp-image-1224\" srcset=\"https:\/\/destinoysabor.com\/blog\/wp-content\/uploads\/2016\/10\/b8433277d5c72761eff367831f9f9ae8.jpg 640w, https:\/\/destinoysabor.com\/blog\/wp-content\/uploads\/2016\/10\/b8433277d5c72761eff367831f9f9ae8-300x188.jpg 300w, https:\/\/destinoysabor.com\/blog\/wp-content\/uploads\/2016\/10\/b8433277d5c72761eff367831f9f9ae8-330x206.jpg 330w\" sizes=\"(max-width: 640px) 100vw, 640px\" \/><p id=\"caption-attachment-1224\" class=\"wp-caption-text\">Horchater\u00eda Santa Catalina &#8211; Imagen de la Horchater\u00eda Santa Catalina<\/p><\/div><\/a><br \/>\n&nbsp;<\/p>\n<h3>La Catedral de Valencia<\/h3>\n<p>Desde aqu\u00ed, <strong>nos iremos tranquilamente a buscar la catedral<\/strong>. Dedicada a la Asunci\u00f3n de Nuestra Se\u00f1ora de Valencia, esta catedral se nos antoja ligeramente inacabada. No obstante, la construcci\u00f3n posee unas formas muy armoniosas que combinan el g\u00f3tico con el barroco en una de las fachadas m\u00e1s bonitas de las que conocemos.<\/p>\n<p><a href=\"http:\/\/www.jdiezarnal.com\/valenciacatedral.html\" target=\"_blank\" rel=\"noopener\"><div id=\"attachment_358\" style=\"width: 650px\" class=\"wp-caption alignnone\"><a href=\"https:\/\/destinoysabor.com\/blog\/wp-content\/uploads\/2016\/02\/Catedral-de-Valencia-Destino-y-Sabor.jpg\" rel=\"attachment wp-att-358\"><img decoding=\"async\" aria-describedby=\"caption-attachment-358\" src=\"http:\/\/destinoysabor.com\/wp-content\/uploads\/2016\/02\/Catedral-de-Valencia-Destino-y-Sabor.jpg\" alt=\"Catedral de Valencia - Destino y Sabor\" width=\"640\" height=\"450\" class=\"size-full wp-image-358\" srcset=\"https:\/\/destinoysabor.com\/blog\/wp-content\/uploads\/2016\/02\/Catedral-de-Valencia-Destino-y-Sabor.jpg 640w, https:\/\/destinoysabor.com\/blog\/wp-content\/uploads\/2016\/02\/Catedral-de-Valencia-Destino-y-Sabor-300x211.jpg 300w, https:\/\/destinoysabor.com\/blog\/wp-content\/uploads\/2016\/02\/Catedral-de-Valencia-Destino-y-Sabor-330x232.jpg 330w\" sizes=\"(max-width: 640px) 100vw, 640px\" \/><\/a><p id=\"caption-attachment-358\" class=\"wp-caption-text\">Catedral de Valencia &#8211; Imagen cortes\u00eda dejdiezarnal.com<\/p><\/div><\/a><br \/>\n&nbsp;<\/p>\n<p>En esta formidable portada, a\u00fan se puede ver el lugar donde se colocan unas rejas de hierro fundido, se\u00f1alando donde se re\u00fane, el conocido <a href=\"https:\/\/es.wikipedia.org\/wiki\/Tribunal_de_las_Aguas_de_Valencia\" title=\"Link a Wikipedia sobre el Tribunal de las Aguas\" target=\"_blank\" rel=\"noopener\">el Tribunal de las Aguas<\/a>. Este tribunal est\u00e1 <strong>formado por 9 personas<\/strong>. Este cuerpo judicial posee reconocimiento en nuestra Constituci\u00f3n, con capacidad en este tribunal para repartir justicia en asuntos de repartos de aguas de los regad\u00edos de la regi\u00f3n. No olvidemos que <strong>estamos en una comarca donde el agua es un bien muy necesario<\/strong> para los arrozales y las huertas.<\/p>\n<p><a href=\"http:\/\/www.iagua.es\/noticias\/espana\/ep\/14\/11\/05\/tribunal-aguas-celebra-5o-aniversario-como-patrimonio-unesco-video-y\" target=\"_blank\" rel=\"noopener\"><div id=\"attachment_1219\" style=\"width: 650px\" class=\"wp-caption aligncenter\"><img decoding=\"async\" aria-describedby=\"caption-attachment-1219\" src=\"https:\/\/destinoysabor.com\/blog\/wp-content\/uploads\/2016\/10\/Tribunal-de-las-aguas-de-Valencia-Imagen-de-iagua.jpg\" alt=\"Tribunal de las aguas de Valencia - Imagen de iagua\" width=\"640\" height=\"400\" class=\"size-full wp-image-1219\" srcset=\"https:\/\/destinoysabor.com\/blog\/wp-content\/uploads\/2016\/10\/Tribunal-de-las-aguas-de-Valencia-Imagen-de-iagua.jpg 640w, https:\/\/destinoysabor.com\/blog\/wp-content\/uploads\/2016\/10\/Tribunal-de-las-aguas-de-Valencia-Imagen-de-iagua-300x188.jpg 300w, https:\/\/destinoysabor.com\/blog\/wp-content\/uploads\/2016\/10\/Tribunal-de-las-aguas-de-Valencia-Imagen-de-iagua-330x206.jpg 330w\" sizes=\"(max-width: 640px) 100vw, 640px\" \/><p id=\"caption-attachment-1219\" class=\"wp-caption-text\">Tribunal de las aguas de Valencia &#8211; Imagen de iagua<\/p><\/div><\/a><br \/>\n&nbsp;<br \/>\nEs una de grandes atracciones de la ciudad, ya que solo <strong>se re\u00fanen todos los jueves<\/strong>. <\/p>\n<blockquote><p>Cualquiera puede llevar un caso a este tribunal, que tras escuchar a los implicados y estudiar las pruebas aportadas, reparte justicia.<\/p><\/blockquote>\n<p>&nbsp;<br \/>\nOtro de los atractivos de esta magn\u00edfica catedral de Valencia se trata de <strong>su torre campanario de ocho lados<\/strong>, cuyo per\u00edmetro es la altura. Este efecto fue buscado intencionadamente.<\/p>\n<p>&nbsp;<br \/>\nNos vamos a ir hacia la plaza frente a la fachada principal. <strong>Si pudi\u00e9ramos viajar en el tiempo, descubrir\u00edamos en esta plaza el foro romano de la ciudad<\/strong>. El lugar que ocupa hoy la catedral seguramente se tratase de un templo pagano romano. Al fondo de esta plaza, encontramos la casa de Calatraba.<\/p>\n<p>&nbsp;<\/p>\n<p>Iremos por la calle del Comte d&#8217;Almod\u00f3var, buscando uno de los caf\u00e9s con m\u00e1s solera de la ciudad. Se trata del conocid\u00edsimo \u201c<strong>Caf\u00e9 de las Horas<\/strong>\u201d, donde a finales del siglo XIX se reun\u00edan intelectuales y artistas de la \u00e9poca para debatir sobre el momento que les toco vivir. Pero adem\u00e1s este local se ha hecho famoso por ser uno de los creadores de uno de los coctels m\u00e1s t\u00edpicos de la ciudad.<\/p>\n<p>&nbsp;<\/p>\n<h4>El Agua de Valencia<\/h4>\n<p>En <strong>el <a href=\"http:\/\/www.cafedelashoras.com\/\" target=\"_blank\" rel=\"noopener\">Caf\u00e9 de las Horas <\/a>a\u00fan se sigue preparando el <em>Agua de Valencia<\/em> seg\u00fan la receta original<\/strong>, no por nada fue en uno de los sitios donde empez\u00f3 a comercializarse. La receta es muy sencilla, y como nos dijeron, puede encontrarse en internet en su canal de youtube. Para que no tengas que buscarlo <a href=\"https:\/\/www.youtube.com\/watch?v=EIKmccs_sGc&#038;spfreload=10\" target=\"_blank\" rel=\"noopener\"><strong>te lo dejamos aqu\u00ed<\/strong><\/a>. \u00a1Qu\u00e9 aproveche, porque est\u00e1 muy bueno!.<\/p>\n<p><a href=\"http:\/\/www.lovevalencia.com\/cafeterias-en-valencia.html\" target=\"_blank\" rel=\"noopener\"><div id=\"attachment_1221\" style=\"width: 650px\" class=\"wp-caption aligncenter\"><img decoding=\"async\" aria-describedby=\"caption-attachment-1221\" src=\"https:\/\/destinoysabor.com\/blog\/wp-content\/uploads\/2016\/10\/13bf3b4cc8f0a811e28dd3589186d199.jpg\" alt=\"Caf\u00e9 de las Horas - Imagen de LoveValencia\" width=\"640\" height=\"400\" class=\"size-full wp-image-1221\" srcset=\"https:\/\/destinoysabor.com\/blog\/wp-content\/uploads\/2016\/10\/13bf3b4cc8f0a811e28dd3589186d199.jpg 640w, https:\/\/destinoysabor.com\/blog\/wp-content\/uploads\/2016\/10\/13bf3b4cc8f0a811e28dd3589186d199-300x188.jpg 300w, https:\/\/destinoysabor.com\/blog\/wp-content\/uploads\/2016\/10\/13bf3b4cc8f0a811e28dd3589186d199-330x206.jpg 330w\" sizes=\"(max-width: 640px) 100vw, 640px\" \/><p id=\"caption-attachment-1221\" class=\"wp-caption-text\">Caf\u00e9 de las Horas &#8211; Imagen de LoveValencia<\/p><\/div><\/a><br \/>\n&nbsp;<\/p>\n<h3>Murallas y Torres de Serranos<\/h3>\n<p>Y ya de la ciudad nos va quedando menos. <strong>Iremos hacia las antiguas puertas de la ciudad<\/strong>. Las conocidas como <strong>Torres de Serranos<\/strong>, que conservan unos metros de la muralla. Aunque de la muralla no nos quedan apenas restos, como todas las ciudades de la \u00e9poca, Valencia pose\u00eda varias murallas. Algunas netamente defensivas, otras de car\u00e1cter mucho m\u00e1s administrativas, ya que permit\u00edan cobrar impuestos por el tr\u00e1nsito de mercanc\u00edas.<\/p>\n<p><a href=\"http:\/\/www.voyagevirtuel.net\/espana\/ecard\/valencia-torres-de-serranos-vue-exterieure-6742.php\" target=\"_blank\" rel=\"noopener\"><div id=\"attachment_1218\" style=\"width: 650px\" class=\"wp-caption aligncenter\"><img decoding=\"async\" aria-describedby=\"caption-attachment-1218\" src=\"https:\/\/destinoysabor.com\/blog\/wp-content\/uploads\/2016\/10\/Torres-de-Serranos-Imagen-de-VoyageVirtuel.jpg\" alt=\"Torres de Serranos - Imagen de VoyageVirtuel\" width=\"640\" height=\"400\" class=\"size-full wp-image-1218\" srcset=\"https:\/\/destinoysabor.com\/blog\/wp-content\/uploads\/2016\/10\/Torres-de-Serranos-Imagen-de-VoyageVirtuel.jpg 640w, https:\/\/destinoysabor.com\/blog\/wp-content\/uploads\/2016\/10\/Torres-de-Serranos-Imagen-de-VoyageVirtuel-300x188.jpg 300w, https:\/\/destinoysabor.com\/blog\/wp-content\/uploads\/2016\/10\/Torres-de-Serranos-Imagen-de-VoyageVirtuel-330x206.jpg 330w\" sizes=\"(max-width: 640px) 100vw, 640px\" \/><p id=\"caption-attachment-1218\" class=\"wp-caption-text\">Torres de Serranos &#8211; Imagen de VoyageVirtuel<\/p><\/div><\/a><br \/>\n&nbsp;<br \/>\nActualmente no quedan pocos pa\u00f1os de muralla, pero afortunadamente <strong>se conservan estas maravillosas torres que defend\u00edan una de las puertas<\/strong>. En torno a Valencia adem\u00e1s se daba un foso defensivo.<\/p>\n<blockquote><p>Estas puertas se cerraban todas las noches, por lo que aquellos que no llegaban a tiempo, se quedaban sin poder entrar. Probablemente de este hecho se deba la expresi\u00f3n de \u201c<em>Quedarse a la luna de Valencia<\/em>\u201d.<\/p><\/blockquote>\n<p>Frente a estas puertas se encuentra <strong>uno de los puentes hist\u00f3ricos de la ciudad<\/strong>. Hoy ya no es transitado por veh\u00edculos. <strong>Este puente sobre el r\u00edo Turia fue importante en su d\u00eda<\/strong>. Aunque hoy vemos un cauce m\u00ednimo, porque el r\u00edo est\u00e1 desviado, a\u00fan en \u00e9poca Franco se recuerda una de las mayores riadas, que aconsejaron esta obra de ingenier\u00eda que preserva Valencia de estas crecidas.<\/p>\n<p>&nbsp;<br \/>\n<strong>Sobre el cauce del Turia, podemos hoy disfrutar de un magn\u00edfico parque longitudinal<\/strong>. Es un mini pulm\u00f3n verde para la ciudad. En una tarde de verano, si se tiene tiempo, es uno de los paseos m\u00e1s agradables.<\/p>\n<p><a href=\"http:\/\/www.vivirvalencia.com\/que-ver\/cauce-del-rio-turia\" target=\"_blank\" rel=\"noopener\"><div id=\"attachment_1220\" style=\"width: 650px\" class=\"wp-caption aligncenter\"><img decoding=\"async\" aria-describedby=\"caption-attachment-1220\" src=\"https:\/\/destinoysabor.com\/blog\/wp-content\/uploads\/2016\/10\/Valencia-Ciudad-del-Turia-Imagen-de-VivirValencia.jpg\" alt=\"Valencia, Ciudad del Turia - Imagen de VivirValencia\" width=\"640\" height=\"350\" class=\"size-full wp-image-1220\" srcset=\"https:\/\/destinoysabor.com\/blog\/wp-content\/uploads\/2016\/10\/Valencia-Ciudad-del-Turia-Imagen-de-VivirValencia.jpg 640w, https:\/\/destinoysabor.com\/blog\/wp-content\/uploads\/2016\/10\/Valencia-Ciudad-del-Turia-Imagen-de-VivirValencia-300x164.jpg 300w, https:\/\/destinoysabor.com\/blog\/wp-content\/uploads\/2016\/10\/Valencia-Ciudad-del-Turia-Imagen-de-VivirValencia-330x180.jpg 330w\" sizes=\"(max-width: 640px) 100vw, 640px\" \/><p id=\"caption-attachment-1220\" class=\"wp-caption-text\">Valencia, Ciudad del Turia &#8211; Imagen de VivirValencia<\/p><\/div><\/a><br \/>\n&nbsp;<br \/>\nBajando por este cauce, es decir bordeando la ciudad original de Valencia, llegamos al otro gran foco de atenci\u00f3n de la ciudad. La Ciudad de las Artes y las Ciencias.<\/p>\n<p>&nbsp;<\/p>\n<h3>La Ciudad de las Artes y las Ciencias de Valencia<\/h3>\n<p>Sin duda <strong>uno de los signos m\u00e1s internacionales de Valencia, y casi de Espa\u00f1a<\/strong>. Se trata de una serie de construcciones, edificaciones y puentes, originales del arquitecto Calatraba. Son: <strong>El teatro de la \u00d3pera, Palacio de las Artes Reina Sof\u00eda, el Oceanogr\u00e1fico, L&#8217;Hemisf\u00e8ric, el Museo de las Ciencias Pr\u00edncipe Felipe, L&#8217;Umbracle, el Puente de l&#8217;Assut de l&#8217;Or y el edificio del \u00c1gora<\/strong>.<\/p>\n<p><a href=\"https:\/\/edukavital.blogspot.com.es\/2015\/12\/10-atracciones-turisticas-en-valencia.html\u200b\" target=\"_blank\" rel=\"noopener\"><div id=\"attachment_1223\" style=\"width: 650px\" class=\"wp-caption aligncenter\"><img decoding=\"async\" aria-describedby=\"caption-attachment-1223\" src=\"https:\/\/destinoysabor.com\/blog\/wp-content\/uploads\/2016\/10\/Ciudad-de-las-Artes-y-las-Ciencas-de-Valencia-Imagen-de-edukavital.jpg\" alt=\"Ciudad de las Artes y las Ciencas de Valencia - Imagen de edukavital\" width=\"640\" height=\"350\" class=\"size-full wp-image-1223\" srcset=\"https:\/\/destinoysabor.com\/blog\/wp-content\/uploads\/2016\/10\/Ciudad-de-las-Artes-y-las-Ciencas-de-Valencia-Imagen-de-edukavital.jpg 640w, https:\/\/destinoysabor.com\/blog\/wp-content\/uploads\/2016\/10\/Ciudad-de-las-Artes-y-las-Ciencas-de-Valencia-Imagen-de-edukavital-300x164.jpg 300w, https:\/\/destinoysabor.com\/blog\/wp-content\/uploads\/2016\/10\/Ciudad-de-las-Artes-y-las-Ciencas-de-Valencia-Imagen-de-edukavital-330x180.jpg 330w\" sizes=\"(max-width: 640px) 100vw, 640px\" \/><p id=\"caption-attachment-1223\" class=\"wp-caption-text\">Ciudad de las Artes y las Ciencas de Valencia &#8211; Imagen de edukavital<\/p><\/div><\/a><br \/>\n&nbsp;<br \/>\nSin entrar a valorar el valor art\u00edstico, su utilidad real o su coste, <strong>es un conjunto art\u00edstico de gran poder de atracci\u00f3n<\/strong>. Ninguna visita a la ciudad est\u00e1 completa sin esta visita.<\/p>\n<p>&nbsp;<br \/>\nY hasta aqu\u00ed nuestra visita a esta ciudad de Valencia. <strong>Sin duda nuestra estancia fue escasa, lo que hizo que no pudi\u00e9ramos disfrutar de muchas m\u00e1s cosas<\/strong>. \u00bfPor qu\u00e9 no nos dejas un comentario con ideas para nuestra pr\u00f3xima visita a la ciudad del Turia?<\/p>\n<p>&nbsp;<\/p>\n<h4>Tambi\u00e9n te puede intersar<\/h4>\n<ul>\n<li><a href=\"https:\/\/destinoysabor.com\/blog\/alicante-la-ciudad-del-dorado-atardecer\/\" >Descubre Alicante, la ciudad del dorado atardecer<\/a>.<\/li>\n<\/ul>\n","protected":false},"excerpt":{"rendered":"<p>Descubre nuestra experiencia realizando una r\u00e1pida visita tur\u00edstica por la capital de Valencia y desubre cosas la mar de chulas. No te lo pierdas!<\/p>\n","protected":false},"author":2,"featured_media":350,"comment_status":"open","ping_status":"closed","sticky":false,"template":"","format":"standard","meta":{"rop_custom_images_group":[],"rop_custom_messages_group":[],"rop_publish_now":"initial","rop_publish_now_accounts":{"twitter_3437733573_3437733573":""},"rop_publish_now_history":[],"rop_publish_now_status":"pending","footnotes":""},"categories":[4,19],"tags":[179,175,178,177,176],"class_list":["post-26","post","type-post","status-publish","format-standard","has-post-thumbnail","hentry","category-valencia","category-espana","tag-ciudad-de-lasartes-y-las-ciencias","tag-comunidad-valenciana","tag-la-ciudad-del-turia","tag-que-ver-en-valencia","tag-valencia"],"yoast_head":"<!-- This site is optimized with the Yoast SEO plugin v26.5 - https:\/\/yoast.com\/wordpress\/plugins\/seo\/ -->\n<title>Turismo en Valencia, la capital de Turia - Destino y Sabor<\/title>\n<meta name=\"description\" content=\"Descubre nuestra experiencia realizando una r\u00e1pida visita tur\u00edstica por la capital de Valencia y desubre cosas la mar de chulas. No te lo pierdas!\" \/>\n<meta name=\"robots\" content=\"index, follow, max-snippet:-1, max-image-preview:large, max-video-preview:-1\" \/>\n<link rel=\"canonical\" href=\"https:\/\/destinoysabor.com\/blog\/turismo-en-valencia-la-capital-de-turia\/\" \/>\n<meta property=\"og:locale\" content=\"es_ES\" \/>\n<meta property=\"og:type\" content=\"article\" \/>\n<meta property=\"og:title\" content=\"Turismo en Valencia, la capital de Turia - Destino y Sabor\" \/>\n<meta property=\"og:description\" content=\"Descubre nuestra experiencia realizando una r\u00e1pida visita tur\u00edstica por la capital de Valencia y desubre cosas la mar de chulas. No te lo pierdas!\" \/>\n<meta property=\"og:url\" content=\"https:\/\/destinoysabor.com\/blog\/turismo-en-valencia-la-capital-de-turia\/\" \/>\n<meta property=\"og:site_name\" content=\"Destino y Sabor\" \/>\n<meta property=\"article:publisher\" content=\"https:\/\/www.facebook.com\/destinoysabor\/\" \/>\n<meta property=\"article:published_time\" content=\"2015-08-24T16:52:57+00:00\" \/>\n<meta property=\"article:modified_time\" content=\"2021-12-13T10:12:27+00:00\" \/>\n<meta name=\"author\" content=\"David V\u00e1zquez\" \/>\n<meta name=\"twitter:card\" content=\"summary_large_image\" \/>\n<meta name=\"twitter:title\" content=\"Turismo en Valencia, la capital de Turia - Destino y Sabor\" \/>\n<meta name=\"twitter:description\" content=\"Descubre nuestra experiencia realizando una r\u00e1pida visita tur\u00edstica por la capital de Valencia y desubre cosas la mar de chulas. No te lo pierdas!\" \/>\n<meta name=\"twitter:image\" content=\"http:\/\/destinoysabor.com\/wp-content\/uploads\/2016\/02\/Plaza-de-Valencia-Destino-y-Sabor-300x138.jpg\" \/>\n<meta name=\"twitter:creator\" content=\"@Destino_Sabor\" \/>\n<meta name=\"twitter:site\" content=\"@Destino_Sabor\" \/>\n<meta name=\"twitter:label1\" content=\"Escrito por\" \/>\n\t<meta name=\"twitter:data1\" content=\"David V\u00e1zquez\" \/>\n\t<meta name=\"twitter:label2\" content=\"Tiempo de lectura\" \/>\n\t<meta name=\"twitter:data2\" content=\"11 minutos\" \/>\n<script type=\"application\/ld+json\" class=\"yoast-schema-graph\">{\"@context\":\"https:\/\/schema.org\",\"@graph\":[{\"@type\":\"WebPage\",\"@id\":\"https:\/\/destinoysabor.com\/blog\/turismo-en-valencia-la-capital-de-turia\/\",\"url\":\"https:\/\/destinoysabor.com\/blog\/turismo-en-valencia-la-capital-de-turia\/\",\"name\":\"Turismo en Valencia, la capital de Turia - Destino y Sabor\",\"isPartOf\":{\"@id\":\"https:\/\/destinoysabor.com\/blog\/#website\"},\"primaryImageOfPage\":{\"@id\":\"https:\/\/destinoysabor.com\/blog\/turismo-en-valencia-la-capital-de-turia\/#primaryimage\"},\"image\":{\"@id\":\"https:\/\/destinoysabor.com\/blog\/turismo-en-valencia-la-capital-de-turia\/#primaryimage\"},\"thumbnailUrl\":\"https:\/\/destinoysabor.com\/blog\/wp-content\/uploads\/2016\/02\/Plaza-de-Valencia-Destino-y-Sabor.jpg\",\"datePublished\":\"2015-08-24T16:52:57+00:00\",\"dateModified\":\"2021-12-13T10:12:27+00:00\",\"author\":{\"@id\":\"https:\/\/destinoysabor.com\/blog\/#\/schema\/person\/87dc8dd6f102c79f8099580c399f2920\"},\"description\":\"Descubre nuestra experiencia realizando una r\u00e1pida visita tur\u00edstica por la capital de Valencia y desubre cosas la mar de chulas. No te lo pierdas!\",\"breadcrumb\":{\"@id\":\"https:\/\/destinoysabor.com\/blog\/turismo-en-valencia-la-capital-de-turia\/#breadcrumb\"},\"inLanguage\":\"es\",\"potentialAction\":[{\"@type\":\"ReadAction\",\"target\":[\"https:\/\/destinoysabor.com\/blog\/turismo-en-valencia-la-capital-de-turia\/\"]}]},{\"@type\":\"ImageObject\",\"inLanguage\":\"es\",\"@id\":\"https:\/\/destinoysabor.com\/blog\/turismo-en-valencia-la-capital-de-turia\/#primaryimage\",\"url\":\"https:\/\/destinoysabor.com\/blog\/wp-content\/uploads\/2016\/02\/Plaza-de-Valencia-Destino-y-Sabor.jpg\",\"contentUrl\":\"https:\/\/destinoysabor.com\/blog\/wp-content\/uploads\/2016\/02\/Plaza-de-Valencia-Destino-y-Sabor.jpg\",\"width\":1000,\"height\":460,\"caption\":\"Plaza de Valencia - Destino y Sabor\"},{\"@type\":\"BreadcrumbList\",\"@id\":\"https:\/\/destinoysabor.com\/blog\/turismo-en-valencia-la-capital-de-turia\/#breadcrumb\",\"itemListElement\":[{\"@type\":\"ListItem\",\"position\":1,\"name\":\"Portada\",\"item\":\"https:\/\/destinoysabor.com\/blog\/\"},{\"@type\":\"ListItem\",\"position\":2,\"name\":\"Turismo en Valencia, la capital de Turia\"}]},{\"@type\":\"WebSite\",\"@id\":\"https:\/\/destinoysabor.com\/blog\/#website\",\"url\":\"https:\/\/destinoysabor.com\/blog\/\",\"name\":\"Destino y Sabor\",\"description\":\"los mejores planes para foodies y winelovers\",\"potentialAction\":[{\"@type\":\"SearchAction\",\"target\":{\"@type\":\"EntryPoint\",\"urlTemplate\":\"https:\/\/destinoysabor.com\/blog\/?s={search_term_string}\"},\"query-input\":{\"@type\":\"PropertyValueSpecification\",\"valueRequired\":true,\"valueName\":\"search_term_string\"}}],\"inLanguage\":\"es\"},{\"@type\":\"Person\",\"@id\":\"https:\/\/destinoysabor.com\/blog\/#\/schema\/person\/87dc8dd6f102c79f8099580c399f2920\",\"name\":\"David V\u00e1zquez\",\"image\":{\"@type\":\"ImageObject\",\"inLanguage\":\"es\",\"@id\":\"https:\/\/destinoysabor.com\/blog\/#\/schema\/person\/image\/\",\"url\":\"https:\/\/secure.gravatar.com\/avatar\/cd12db6c575a90c3b75cfa0f794b74d425201c768612fad17e9f13cd33d48be8?s=96&r=g\",\"contentUrl\":\"https:\/\/secure.gravatar.com\/avatar\/cd12db6c575a90c3b75cfa0f794b74d425201c768612fad17e9f13cd33d48be8?s=96&r=g\",\"caption\":\"David V\u00e1zquez\"},\"sameAs\":[\"https:\/\/lamesadelconde.es\"],\"url\":\"https:\/\/destinoysabor.com\/blog\/author\/david-vazquez\/\"}]}<\/script>\n<!-- \/ Yoast SEO plugin. -->","yoast_head_json":{"title":"Turismo en Valencia, la capital de Turia - Destino y Sabor","description":"Descubre nuestra experiencia realizando una r\u00e1pida visita tur\u00edstica por la capital de Valencia y desubre cosas la mar de chulas. No te lo pierdas!","robots":{"index":"index","follow":"follow","max-snippet":"max-snippet:-1","max-image-preview":"max-image-preview:large","max-video-preview":"max-video-preview:-1"},"canonical":"https:\/\/destinoysabor.com\/blog\/turismo-en-valencia-la-capital-de-turia\/","og_locale":"es_ES","og_type":"article","og_title":"Turismo en Valencia, la capital de Turia - Destino y Sabor","og_description":"Descubre nuestra experiencia realizando una r\u00e1pida visita tur\u00edstica por la capital de Valencia y desubre cosas la mar de chulas. No te lo pierdas!","og_url":"https:\/\/destinoysabor.com\/blog\/turismo-en-valencia-la-capital-de-turia\/","og_site_name":"Destino y Sabor","article_publisher":"https:\/\/www.facebook.com\/destinoysabor\/","article_published_time":"2015-08-24T16:52:57+00:00","article_modified_time":"2021-12-13T10:12:27+00:00","author":"David V\u00e1zquez","twitter_card":"summary_large_image","twitter_title":"Turismo en Valencia, la capital de Turia - Destino y Sabor","twitter_description":"Descubre nuestra experiencia realizando una r\u00e1pida visita tur\u00edstica por la capital de Valencia y desubre cosas la mar de chulas. No te lo pierdas!","twitter_image":"http:\/\/destinoysabor.com\/wp-content\/uploads\/2016\/02\/Plaza-de-Valencia-Destino-y-Sabor-300x138.jpg","twitter_creator":"@Destino_Sabor","twitter_site":"@Destino_Sabor","twitter_misc":{"Escrito por":"David V\u00e1zquez","Tiempo de lectura":"11 minutos"},"schema":{"@context":"https:\/\/schema.org","@graph":[{"@type":"WebPage","@id":"https:\/\/destinoysabor.com\/blog\/turismo-en-valencia-la-capital-de-turia\/","url":"https:\/\/destinoysabor.com\/blog\/turismo-en-valencia-la-capital-de-turia\/","name":"Turismo en Valencia, la capital de Turia - Destino y Sabor","isPartOf":{"@id":"https:\/\/destinoysabor.com\/blog\/#website"},"primaryImageOfPage":{"@id":"https:\/\/destinoysabor.com\/blog\/turismo-en-valencia-la-capital-de-turia\/#primaryimage"},"image":{"@id":"https:\/\/destinoysabor.com\/blog\/turismo-en-valencia-la-capital-de-turia\/#primaryimage"},"thumbnailUrl":"https:\/\/destinoysabor.com\/blog\/wp-content\/uploads\/2016\/02\/Plaza-de-Valencia-Destino-y-Sabor.jpg","datePublished":"2015-08-24T16:52:57+00:00","dateModified":"2021-12-13T10:12:27+00:00","author":{"@id":"https:\/\/destinoysabor.com\/blog\/#\/schema\/person\/87dc8dd6f102c79f8099580c399f2920"},"description":"Descubre nuestra experiencia realizando una r\u00e1pida visita tur\u00edstica por la capital de Valencia y desubre cosas la mar de chulas. No te lo pierdas!","breadcrumb":{"@id":"https:\/\/destinoysabor.com\/blog\/turismo-en-valencia-la-capital-de-turia\/#breadcrumb"},"inLanguage":"es","potentialAction":[{"@type":"ReadAction","target":["https:\/\/destinoysabor.com\/blog\/turismo-en-valencia-la-capital-de-turia\/"]}]},{"@type":"ImageObject","inLanguage":"es","@id":"https:\/\/destinoysabor.com\/blog\/turismo-en-valencia-la-capital-de-turia\/#primaryimage","url":"https:\/\/destinoysabor.com\/blog\/wp-content\/uploads\/2016\/02\/Plaza-de-Valencia-Destino-y-Sabor.jpg","contentUrl":"https:\/\/destinoysabor.com\/blog\/wp-content\/uploads\/2016\/02\/Plaza-de-Valencia-Destino-y-Sabor.jpg","width":1000,"height":460,"caption":"Plaza de Valencia - Destino y Sabor"},{"@type":"BreadcrumbList","@id":"https:\/\/destinoysabor.com\/blog\/turismo-en-valencia-la-capital-de-turia\/#breadcrumb","itemListElement":[{"@type":"ListItem","position":1,"name":"Portada","item":"https:\/\/destinoysabor.com\/blog\/"},{"@type":"ListItem","position":2,"name":"Turismo en Valencia, la capital de Turia"}]},{"@type":"WebSite","@id":"https:\/\/destinoysabor.com\/blog\/#website","url":"https:\/\/destinoysabor.com\/blog\/","name":"Destino y Sabor","description":"los mejores planes para foodies y winelovers","potentialAction":[{"@type":"SearchAction","target":{"@type":"EntryPoint","urlTemplate":"https:\/\/destinoysabor.com\/blog\/?s={search_term_string}"},"query-input":{"@type":"PropertyValueSpecification","valueRequired":true,"valueName":"search_term_string"}}],"inLanguage":"es"},{"@type":"Person","@id":"https:\/\/destinoysabor.com\/blog\/#\/schema\/person\/87dc8dd6f102c79f8099580c399f2920","name":"David V\u00e1zquez","image":{"@type":"ImageObject","inLanguage":"es","@id":"https:\/\/destinoysabor.com\/blog\/#\/schema\/person\/image\/","url":"https:\/\/secure.gravatar.com\/avatar\/cd12db6c575a90c3b75cfa0f794b74d425201c768612fad17e9f13cd33d48be8?s=96&r=g","contentUrl":"https:\/\/secure.gravatar.com\/avatar\/cd12db6c575a90c3b75cfa0f794b74d425201c768612fad17e9f13cd33d48be8?s=96&r=g","caption":"David V\u00e1zquez"},"sameAs":["https:\/\/lamesadelconde.es"],"url":"https:\/\/destinoysabor.com\/blog\/author\/david-vazquez\/"}]}},"jetpack_featured_media_url":"https:\/\/destinoysabor.com\/blog\/wp-content\/uploads\/2016\/02\/Plaza-de-Valencia-Destino-y-Sabor.jpg","_links":{"self":[{"href":"https:\/\/destinoysabor.com\/blog\/wp-json\/wp\/v2\/posts\/26","targetHints":{"allow":["GET"]}}],"collection":[{"href":"https:\/\/destinoysabor.com\/blog\/wp-json\/wp\/v2\/posts"}],"about":[{"href":"https:\/\/destinoysabor.com\/blog\/wp-json\/wp\/v2\/types\/post"}],"author":[{"embeddable":true,"href":"https:\/\/destinoysabor.com\/blog\/wp-json\/wp\/v2\/users\/2"}],"replies":[{"embeddable":true,"href":"https:\/\/destinoysabor.com\/blog\/wp-json\/wp\/v2\/comments?post=26"}],"version-history":[{"count":19,"href":"https:\/\/destinoysabor.com\/blog\/wp-json\/wp\/v2\/posts\/26\/revisions"}],"predecessor-version":[{"id":6024,"href":"https:\/\/destinoysabor.com\/blog\/wp-json\/wp\/v2\/posts\/26\/revisions\/6024"}],"wp:featuredmedia":[{"embeddable":true,"href":"https:\/\/destinoysabor.com\/blog\/wp-json\/wp\/v2\/media\/350"}],"wp:attachment":[{"href":"https:\/\/destinoysabor.com\/blog\/wp-json\/wp\/v2\/media?parent=26"}],"wp:term":[{"taxonomy":"category","embeddable":true,"href":"https:\/\/destinoysabor.com\/blog\/wp-json\/wp\/v2\/categories?post=26"},{"taxonomy":"post_tag","embeddable":true,"href":"https:\/\/destinoysabor.com\/blog\/wp-json\/wp\/v2\/tags?post=26"}],"curies":[{"name":"wp","href":"https:\/\/api.w.org\/{rel}","templated":true}]}}