{"id":2613,"date":"2018-05-11T20:41:07","date_gmt":"2018-05-11T20:41:07","guid":{"rendered":"https:\/\/destinoysabor.com\/blog\/?p=2613"},"modified":"2018-06-21T12:26:56","modified_gmt":"2018-06-21T12:26:56","slug":"recorriendo-las-costas-de-cadiz","status":"publish","type":"post","link":"https:\/\/destinoysabor.com\/blog\/recorriendo-las-costas-de-cadiz\/","title":{"rendered":"Las costas de C\u00e1diz, de Tartessos a Atl\u00e1ntida"},"content":{"rendered":"<p><strong>Una de las civilizaciones m\u00e1s antiguas y enigm\u00e1ticas, y que sin embargo, van m\u00e1s all\u00e1 del mito, es <a href=\"https:\/\/www.red2000.com\/spain\/primer\/1tartessos.html\" rel=\"noopener\" target=\"_blank\">la m\u00edtica Tartessos<\/a><\/strong>. Una civilizaci\u00f3n ib\u00e9rica que <strong>se extendi\u00f3 por las costas de C\u00e1diz<\/strong>, pero de la que no se sabe mucho realmente.<\/p>\n<p><strong>En la cuenca del bajo Guadalquivir, en la zona del estuario de este r\u00edo<\/strong>, se supone que estuvo la capital de esta civilizaci\u00f3n, la primera de occidente de la que se tiene registros y pruebas arqueol\u00f3gicas. <strong>Pero tambi\u00e9n en la zona, hay teor\u00edas que sit\u00faan, esta vez s\u00ed, a la m\u00edtica Atl\u00e1ntida<\/strong>; esta vez, en Do\u00f1ana. Sean reales, o no estas teor\u00edas, sin duda, la b\u00fasqueda de estas civilizaciones es la excusa perfecta para acercarse a las costas gaditanas, y disfrutar de sus recursos tur\u00edsticos.<\/p>\n<h3>\u00bfQu\u00e9 sabemos de Tartessos?<\/h3>\n<p>Hablamos de viajes, no de historia, as\u00ed que si quieres profundizar m\u00e1s, <strong>te aconsejamos este art\u00edculo de <a href=\"http:\/\/www.nationalgeographic.com.es\/historia\/grandes-reportajes\/tartessos-en-busca-del-reino-perdido_6233\/7\" rel=\"NoFollow\" target=\"_blank\"><em>National Geographic<\/em><\/a><\/strong>.<\/p>\n<div id=\"attachment_2667\" style=\"width: 650px\" class=\"wp-caption aligncenter\"><img decoding=\"async\" aria-describedby=\"caption-attachment-2667\" src=\"https:\/\/destinoysabor.com\/blog\/wp-content\/uploads\/2018\/05\/Restos-tartessos-Destino-y-Sabor.jpg\" alt=\"Restos tartessos - Destino y Sabor\" width=\"640\" height=\"400\" class=\"size-full wp-image-2667\" srcset=\"https:\/\/destinoysabor.com\/blog\/wp-content\/uploads\/2018\/05\/Restos-tartessos-Destino-y-Sabor.jpg 640w, https:\/\/destinoysabor.com\/blog\/wp-content\/uploads\/2018\/05\/Restos-tartessos-Destino-y-Sabor-300x188.jpg 300w, https:\/\/destinoysabor.com\/blog\/wp-content\/uploads\/2018\/05\/Restos-tartessos-Destino-y-Sabor-330x206.jpg 330w\" sizes=\"(max-width: 640px) 100vw, 640px\" \/><p id=\"caption-attachment-2667\" class=\"wp-caption-text\">Restos tartessos &#8211; Destino y Sabor<\/p><\/div>\n<p>Sabemos que <strong>esta civilizaci\u00f3n existi\u00f3<\/strong>; est\u00e1 datada <strong>en torno a la edad del bronce tard\u00eda<\/strong>, sobre el a\u00f1o 1.000 aC. y tuvo su presencia hasta al 550 o 500 aC. A lo largo de este tiempo, esta civilizaci\u00f3n <strong>se extendi\u00f3 por las actuales provincias de Huelva, C\u00e1diz, Sevilla, parte de Badajoz y parte del <a href=\"https:\/\/destinoysabor.com\/blog\/algarve-paraiso-olvidado\/\" rel=\"noopener\" target=\"_blank\">Algarve portugu\u00e9s<\/a><\/strong>. Fue una civilizaci\u00f3n pr\u00f3spera y bastante rica. De hecho, es nombrada incluso en la Biblia por los jud\u00edos, como un reino con una gran riqueza.<\/p>\n<blockquote><p>Tuvo contactos con griegos, fenicios y cartagineses. Se cree que estos \u00faltimos pudieron ser el origen de su final, al haberse aliado junto a los griegos en la guerra que los enfrent\u00f3 a etruscos y cartagineses. <\/p><\/blockquote>\n<div id=\"attachment_2664\" style=\"width: 630px\" class=\"wp-caption aligncenter\"><a href=\"https:\/\/destinoysabor.com\/blog\/wp-content\/uploads\/2018\/05\/105b4968caeb4e4169b34c987ac48b01.jpg\" target=\"_Blank\"><img decoding=\"async\" aria-describedby=\"caption-attachment-2664\" src=\"https:\/\/destinoysabor.com\/blog\/wp-content\/uploads\/2018\/05\/105b4968caeb4e4169b34c987ac48b01.jpg\" alt=\"Mapa de Tartessos - Imagen de D\u00f3lmenes y Menhires\" width=\"620\" height=\"420\" class=\"size-full wp-image-2664\" srcset=\"https:\/\/destinoysabor.com\/blog\/wp-content\/uploads\/2018\/05\/105b4968caeb4e4169b34c987ac48b01.jpg 620w, https:\/\/destinoysabor.com\/blog\/wp-content\/uploads\/2018\/05\/105b4968caeb4e4169b34c987ac48b01-300x203.jpg 300w, https:\/\/destinoysabor.com\/blog\/wp-content\/uploads\/2018\/05\/105b4968caeb4e4169b34c987ac48b01-330x224.jpg 330w\" sizes=\"(max-width: 620px) 100vw, 620px\" \/><\/a><p id=\"caption-attachment-2664\" class=\"wp-caption-text\">Mapa de Tartessos &#8211; Imagen de D\u00f3lmenes y Menhires<\/p><\/div>\n<p>Durante su dilatada existencia, <strong>fundaron ciudades y asentamientos, y aunque posiblemente fueron absorbidos por civilizaciones que les sucedieron<\/strong>, a\u00fan se pueden encontrar yacimientos arqueol\u00f3gicos, con sus tesoros y restos hallados, y protegidos en varios museos. Especialmente en el <a href=\"http:\/\/www.man.es\/man\/home.html\" rel=\"NoFollow\" target=\"_blank\">Museo Arqueol\u00f3gico Nacional<\/a>, que se encuentra en Madrid. Los yacimientos actuales, <strong>m\u00e1s que seguro est\u00e1n descontextualizados, pues la geograf\u00eda de esta parte de Andaluc\u00eda, no es la actual, habiendo m\u00e1s lagos, estuarios y marismas<\/strong>. No obstante, <strong>ha sido posible encontrar yacimientos en Aliseda<\/strong> (C\u00e1ceres), <strong>Asta Regia<\/strong>, (en Jerez de la Frontera, C\u00e1diz), en <strong>Cancho Roano<\/strong>, (Zalamea de la Serena, Badajoz), <strong>el Cerro Salom\u00f3n<\/strong>, en Tejada la Vieja (Escacena del Campo, Huelva), y muchos lugares m\u00e1s en estas zonas.<br \/>\n&nbsp;<\/p>\n<h4>De Tartessos a la Atl\u00e1ntida<\/h4>\n<p>Entre las m\u00faltiples teor\u00edas sobre la existencia de esta isla mitol\u00f3gica, <strong>existe una que sit\u00faa a la Atl\u00e1ntida en esta zona<\/strong>. En el gran estuario que formaba el bajo Guadalquivir hace unos 3.000 a\u00f1os. Sea o cierta esta idea, <strong>en la actual Do\u00f1ana s\u00ed se han localizado restos tartessos<\/strong>, que algunos investigadores han querido identificar como restos de esta otra civilizaci\u00f3n; en este caso, m\u00edtica.<\/p>\n<div id=\"attachment_2665\" style=\"width: 650px\" class=\"wp-caption aligncenter\"><img decoding=\"async\" aria-describedby=\"caption-attachment-2665\" src=\"https:\/\/destinoysabor.com\/blog\/wp-content\/uploads\/2018\/05\/6311251d8b06eff444afca1799344307.jpg\" alt=\"Recreaci\u00f3n de la Atl\u00e1ntida - Imagen de Leire Fernandez\" width=\"640\" height=\"354\" class=\"size-full wp-image-2665\" srcset=\"https:\/\/destinoysabor.com\/blog\/wp-content\/uploads\/2018\/05\/6311251d8b06eff444afca1799344307.jpg 640w, https:\/\/destinoysabor.com\/blog\/wp-content\/uploads\/2018\/05\/6311251d8b06eff444afca1799344307-300x166.jpg 300w, https:\/\/destinoysabor.com\/blog\/wp-content\/uploads\/2018\/05\/6311251d8b06eff444afca1799344307-330x183.jpg 330w\" sizes=\"(max-width: 640px) 100vw, 640px\" \/><p id=\"caption-attachment-2665\" class=\"wp-caption-text\">Recreaci\u00f3n de la Atl\u00e1ntida &#8211; Imagen de Leire Fernandez<\/p><\/div>\n<h2>Visita a las costas de C\u00e1diz, la costa de la luz<\/h2>\n<p>En cualquier cosa, <strong>estas costas gaditanas siguen atrapando al visitante, como hicieran a griegos, fenicios, cartagineses y otros visitantes que por ellas han pasado a lo largo de nuestra historia<\/strong>. Hoy, estas costas son famosas por sus hermosas playas, sus espacios naturales a\u00fan v\u00edrgenes y desde hace unos a\u00f1os, tambi\u00e9n por sus campos de golf. Las Costas de C\u00e1diz, son conocidas, como la Costa de la luz.<br \/>\n&nbsp;<\/p>\n<h3>Lugares imprescindibles que ver dentro de la costa de la Luz<\/h3>\n<p>Sin duda, <strong>nos vamos a quedar sin indicarte todos los lugares m\u00e1gicos que atesora estas costas de C\u00e1diz<\/strong>, pero intentaremos indicarte <strong>lo que m\u00e1s nos ha llamado la atenci\u00f3n<\/strong>.<br \/>\n&nbsp;<\/p>\n<h4>C\u00e1diz<\/h4>\n<p>Es que no hay otra forma de empezar, si no es por esta noble y ya vieja ciudad. <strong>Fundada por los fenicios, <em>Gadir<\/em> nos acompa\u00f1a desde hace m\u00e1s 25 siglos<\/strong>. La mejor \u00e9poca para ir es <strong>sin duda en Carnaval<\/strong>, aunque incluso mejor si evitas los d\u00edas &#8220;m\u00e1s fuertes&#8221;. Diversi\u00f3n y ambiente hay, porque s\u00ed. <strong>El rarito es el que no se disfraza<\/strong>.<\/p>\n<div id=\"attachment_2661\" style=\"width: 650px\" class=\"wp-caption aligncenter\"><img decoding=\"async\" aria-describedby=\"caption-attachment-2661\" src=\"https:\/\/destinoysabor.com\/blog\/wp-content\/uploads\/2018\/05\/16eda50a245ab204a1fadf565ac7dcc0.jpg\" alt=\"Las costas de C\u00e1diz\" title=\"Im\u00e1genes de C\u00e1diz - Destino y Sabor\" width=\"640\" height=\"400\" class=\"size-full wp-image-2661\" srcset=\"https:\/\/destinoysabor.com\/blog\/wp-content\/uploads\/2018\/05\/16eda50a245ab204a1fadf565ac7dcc0.jpg 640w, https:\/\/destinoysabor.com\/blog\/wp-content\/uploads\/2018\/05\/16eda50a245ab204a1fadf565ac7dcc0-300x188.jpg 300w, https:\/\/destinoysabor.com\/blog\/wp-content\/uploads\/2018\/05\/16eda50a245ab204a1fadf565ac7dcc0-330x206.jpg 330w\" sizes=\"(max-width: 640px) 100vw, 640px\" \/><p id=\"caption-attachment-2661\" class=\"wp-caption-text\">Im\u00e1genes de C\u00e1diz &#8211; Destino y Sabor<\/p><\/div>\n<p><strong>Su malec\u00f3n, que recuerda mucho al de la Habana<\/strong>, es posiblemente una de las im\u00e1genes m\u00e1s repetidas de toda la provincia. Puedes encontrar <a href=\"https:\/\/www.booking.com\/searchresults.es.html?aid=1281624&#038;sid=6bb1d2dbbe7193b12b113abb2c891f05&#038;sb=1&#038;src=hotel&#038;src_elem=sb&#038;error_url=https%3A%2F%2Fwww.booking.com%2Fhotel%2Fes%2Fhostal-fenix.es.html%3Faid%3D1281624%3Bsid%3D6bb1d2dbbe7193b12b113abb2c891f05%3Bage%3D12%3Bdest_id%3D-386204%3Bdest_type%3Dcity%3Bgroup_adults%3D2%3Bgroup_children%3D1%3Bhapos%3D1%3Bhpos%3D1%3Bno_rooms%3D1%3Breq_adults%3D2%3Breq_age%3D12%3Breq_children%3D1%3Broom1%3DA%252CA%252C12%3Bsb_price_type%3Dtotal%3Bsrepoch%3D1525796003%3Bsrfid%3D5ed32d368558d2a8fa0f721a3bfed29e5416c2a8X1%3Bsrpvid%3D5a367211cd17005c%3Btype%3Dtotal%3Bucfs%3D1%26%3B&#038;highlighted_hotels=278919&#038;hp_sbox=1&#038;ss=C%C3%A1diz%2C+Andaluc%C3%ADa%2C+Espa%C3%B1a&#038;ssne=Jerez+de+la+Frontera&#038;ssne_untouched=Jerez+de+la+Frontera&#038;city=-386204&#038;checkin_monthday=&#038;checkin_month=&#038;checkin_year=&#038;checkout_monthday=&#038;checkout_month=&#038;checkout_year=&#038;group_adults=2&#038;group_children=1&#038;age=12&#038;no_rooms=1&#038;from_sf=1&#038;user_changed_date=0&#038;ss_raw=C%C3%A1diz&#038;ac_position=0&#038;ac_langcode=es&#038;dest_id=-374884&#038;dest_type=city&#038;place_id_lat=36.529514&#038;place_id_lon=-6.295139&#038;search_pageview_id=706e6c9b174f0013&#038;search_selected=true&#038;search_pageview_id=706e6c9b174f0013&#038;ac_suggestion_list_length=5&#038;ac_suggestion_theme_list_length=0\" rel=\"noopener\" target=\"_blank\">ofertas de alojamiento en C\u00e1diz<\/a> f\u00e1cilmente, pero en Carnavales, mejor reserva con tiempo.<br \/>\n&nbsp;<\/p>\n<h4>Jerez de la Frontera<\/h4>\n<p>Aunque no est\u00e1 propiamente dicho en la costa, <strong>incluso sin coche, es f\u00e1cil desplazarte hasta C\u00e1diz o San Fernando en los trenes de cercan\u00edas<\/strong>. Es una ciudad que <strong>nos enamor\u00f3 desde nuestra primera visita<\/strong>. All\u00ed nos alojamos en el <a href=\"https:\/\/www.booking.com\/hotel\/es\/hostal-fenix.es.html?aid=1281624;sid=6bb1d2dbbe7193b12b113abb2c891f05;age=12;dest_id=-386204;dest_type=city;dist=0;group_adults=2;group_children=1;hapos=1;hpos=1;no_rooms=1;req_adults=2;req_age=12;req_children=1;room1=A%2CA%2C12;sb_price_type=total;srepoch=1525796003;srfid=5ed32d368558d2a8fa0f721a3bfed29e5416c2a8X1;srpvid=5a367211cd17005c;type=total;ucfs=1&#038;#hotelTmpl\" target=\"_Blank\">Hostal F\u00e9nix<\/a>, un hotel modesto, pero bien situado.<\/p>\n<div id=\"attachment_2662\" style=\"width: 650px\" class=\"wp-caption aligncenter\"><img decoding=\"async\" aria-describedby=\"caption-attachment-2662\" src=\"https:\/\/destinoysabor.com\/blog\/wp-content\/uploads\/2018\/05\/Jerez-de-la-Frontera-Destino-y-Sabor.jpg\" alt=\"Las costas de C\u00e1diz\" title=\"Im\u00e1genes de Jerez de la Frontera - Destino y Sabor\" width=\"640\" height=\"400\" class=\"size-full wp-image-2662\" srcset=\"https:\/\/destinoysabor.com\/blog\/wp-content\/uploads\/2018\/05\/Jerez-de-la-Frontera-Destino-y-Sabor.jpg 640w, https:\/\/destinoysabor.com\/blog\/wp-content\/uploads\/2018\/05\/Jerez-de-la-Frontera-Destino-y-Sabor-300x188.jpg 300w, https:\/\/destinoysabor.com\/blog\/wp-content\/uploads\/2018\/05\/Jerez-de-la-Frontera-Destino-y-Sabor-330x206.jpg 330w\" sizes=\"(max-width: 640px) 100vw, 640px\" \/><p id=\"caption-attachment-2662\" class=\"wp-caption-text\">Im\u00e1genes de Jerez de la Frontera &#8211; Destino y Sabor<\/p><\/div>\n<p>En Jerez, <strong>es imprescindible visitar la Catedral, alguna bodega, no necesariamente la de T\u00edo Pepe<\/strong>, es la m\u00e1s emblem\u00e1tica, pero no la \u00fanica que ofrece visitas; y para los m\u00e1s copleros, los lugares de <strong>la jerezana m\u00e1s internacional, Lola Flores<\/strong>, la Lola de Espa\u00f1a. Otro lugar que no nos cansamos de visitar, es <strong>el antiguo alc\u00e1zar, uno de los ejemplos de arquitectura almohade<\/strong>, en cuyo interior se conservan varias construcciones de diversa antig\u00fcedad. Nos llam\u00f3 la atenci\u00f3n la &#8220;C\u00e1mara Oscura&#8221;, un elemento de vigilancia de extraordinaria ingeniosidad.<\/p>\n<p>Y en Jerez, <strong>se encuentra <strong><em>Asta Regia<\/em><\/strong>; uno de los yacimientos tartessos m\u00e1s interesantes<\/strong>, aunque poco es lo que puede verse in situ, ya que las piezas encontradas se encuentran en varios museos, especialmente en el Museo arqueol\u00f3gico de Jerez; y el  yacimiento se encuentra en un terreno privado.<br \/>\n&nbsp;<\/p>\n<h4>Chiclana<\/h4>\n<p>Este Pueblo gaditano <strong>posee un interesante patrimonio hist\u00f3rico art\u00edstico<\/strong>, aunque sea m\u00e1s famoso por sus playas de arenas v\u00edrgenes. <strong>Destacando las playas  de Sancti Petri, el Puerco y la Barrosa<\/strong>; igualmente, para los amantes del <a href=\"http:\/\/destinocastillayleon.es\/index\/10-lugares-para-avistar-aves-en-castilla-y-leon\/\" rel=\"noopener\" target=\"_blank\"><em>birdwatching<\/em><\/a>, u observaci\u00f3n de aves, las marismas de la zona son una verdadera joya.<\/p>\n<div id=\"attachment_2668\" style=\"width: 650px\" class=\"wp-caption aligncenter\"><img decoding=\"async\" aria-describedby=\"caption-attachment-2668\" src=\"https:\/\/destinoysabor.com\/blog\/wp-content\/uploads\/2018\/05\/Cotas-de-Chiclana-de-la-Frontera-Destino-y-Sabor.jpg\" alt=\"Las costas de C\u00e1diz\" title=\"Costas de Chiclana de la Frontera - Destino y Sabor\" width=\"640\" height=\"400\" class=\"size-full wp-image-2668\" srcset=\"https:\/\/destinoysabor.com\/blog\/wp-content\/uploads\/2018\/05\/Cotas-de-Chiclana-de-la-Frontera-Destino-y-Sabor.jpg 640w, https:\/\/destinoysabor.com\/blog\/wp-content\/uploads\/2018\/05\/Cotas-de-Chiclana-de-la-Frontera-Destino-y-Sabor-300x188.jpg 300w, https:\/\/destinoysabor.com\/blog\/wp-content\/uploads\/2018\/05\/Cotas-de-Chiclana-de-la-Frontera-Destino-y-Sabor-330x206.jpg 330w\" sizes=\"(max-width: 640px) 100vw, 640px\" \/><p id=\"caption-attachment-2668\" class=\"wp-caption-text\">Costas de Chiclana de la Frontera &#8211; Destino y Sabor<\/p><\/div>\n<p>En cuanto al patrimonio, <strong>destaca el castillo de Sancti Petri<\/strong>, recientemente rehabilitado, que es interesantes especialmente para los amantes de la historia militar. En el casco hist\u00f3rico, la Torre del Reloj, y varias iglesias, como la de San Juan Bautista, la de San Sebasti\u00e1n o la ermita de Santa Ana. Adem\u00e1s de otras casas-palacio y torres. <strong>Tambi\u00e9n puedes disfrutar del Balneario de Fuente Amarga<\/strong>.<\/p>\n<p>En Chiclana de Frontera se encuentra una urbanizaci\u00f3n de lujo <strong>pr\u00f3xima a la playa de la Barrosa<\/strong>. Puedes realizar el <a href=\"www.novosantipetri.com\" rel=\"DoFollow\" target=\"_blank\">alquiler de apartamentos Novo Sancti Petri<\/a> en la web de la urbanizaci\u00f3n, disfrutando de estas costas gaditanas, al tiempo que resulta ideal para viajar por la zona.<\/p>\n<div id=\"attachment_2660\" style=\"width: 650px\" class=\"wp-caption aligncenter\"><img decoding=\"async\" aria-describedby=\"caption-attachment-2660\" src=\"https:\/\/destinoysabor.com\/blog\/wp-content\/uploads\/2018\/05\/1f26592ebb0b1cafeb57cba1705532e6.jpg\" alt=\"Urbanizaci\u00f3n Novo Sancti Petri - Imagen Zoover\" width=\"640\" height=\"294\" class=\"size-full wp-image-2660\" srcset=\"https:\/\/destinoysabor.com\/blog\/wp-content\/uploads\/2018\/05\/1f26592ebb0b1cafeb57cba1705532e6.jpg 640w, https:\/\/destinoysabor.com\/blog\/wp-content\/uploads\/2018\/05\/1f26592ebb0b1cafeb57cba1705532e6-300x138.jpg 300w, https:\/\/destinoysabor.com\/blog\/wp-content\/uploads\/2018\/05\/1f26592ebb0b1cafeb57cba1705532e6-330x152.jpg 330w\" sizes=\"(max-width: 640px) 100vw, 640px\" \/><p id=\"caption-attachment-2660\" class=\"wp-caption-text\">Urbanizaci\u00f3n Novo Sancti Petri &#8211; Imagen Zoover<\/p><\/div>\n<p><Strong>Novo Sancti Petri<\/Strong><\/p>\n<ul><a href=\"www.novosantipetri.com\" rel=\"DoFollow\" target=\"_blank\">Alquiler Novo Sancti Petri<\/a><br \/>\nCalle Octavio Augusto, s\/n<br \/>\n11139 &#8211; Chiclana de la Frontera, C\u00e1diz<br \/>\n@.: <a rhef=\"mailto:info@novosantipetri.com\">info@novosantipetri.com<\/a><br \/>\nTelf.: +34 956 44 10 24\n<\/ul>\n<p>&nbsp;<\/p>\n<blockquote><p>Frente a estas costas de C\u00e1diz tuvo lugar la desastrosa, para la armada espa\u00f1ola, batalla de Trafalgar. Esta zona, perteneciente a Chiclana <\/p><\/blockquote>\n<p>&nbsp;<\/p>\n<h4>Medina Sidonia<\/h4>\n<p>Declarada conjunto hist\u00f3rtico-art\u00edsto, <strong>Medina Sidonia fue la cabeza de uno de los ducados m\u00e1s importantes de Espa\u00f1a<\/strong>, y eso se nota en su gran cantidad de patrimonio para ver. <strong>Destaca la fortaleza, aunque en ruinas, es una superposici\u00f3n de tres fortificaciones; romana, almohade y cristiana<\/strong>. La impresionante <strong>Iglesia Mayor, de la Coronada<\/strong>. Las Puertas de la ciudad amurallada, de las que <strong>la Puerta de la Pastora<\/strong>, al ser una puerta de estilo \u00e1rabe, es representativa de la ciudad. Pero lo mejor es perderse por sus callejuelas. <\/p>\n<div id=\"attachment_2666\" style=\"width: 650px\" class=\"wp-caption aligncenter\"><img decoding=\"async\" aria-describedby=\"caption-attachment-2666\" src=\"https:\/\/destinoysabor.com\/blog\/wp-content\/uploads\/2018\/05\/Medina-Sidonia-Destino-y-Sabor.jpg\" alt=\"Las costas de C\u00e1diz\" title=\"Im\u00e1genes de Medina Sidonia - Destino y Sabor\" width=\"640\" height=\"400\" class=\"size-full wp-image-2666\" srcset=\"https:\/\/destinoysabor.com\/blog\/wp-content\/uploads\/2018\/05\/Medina-Sidonia-Destino-y-Sabor.jpg 640w, https:\/\/destinoysabor.com\/blog\/wp-content\/uploads\/2018\/05\/Medina-Sidonia-Destino-y-Sabor-300x188.jpg 300w, https:\/\/destinoysabor.com\/blog\/wp-content\/uploads\/2018\/05\/Medina-Sidonia-Destino-y-Sabor-330x206.jpg 330w\" sizes=\"(max-width: 640px) 100vw, 640px\" \/><p id=\"caption-attachment-2666\" class=\"wp-caption-text\">Im\u00e1genes de Medina Sidonia &#8211; Destino y Sabor<\/p><\/div>\n<p>A falta de confirmaci\u00f3n, al menos durante nuestra estancia, <strong>se cree que el castillo de Medina Sidonia incluso puede tener un pasado previo a la \u00e9poca romana<\/strong>, y se est\u00e1n datando restos arqueol\u00f3gicos de la edad de bronce. Adem\u00e1s, muy pr\u00f3ximo a la ciudad, se encuentra <strong>el Cerro de las Madres<\/strong>, otro asentamiento de \u00e9poca tartessa.<br \/>\n&nbsp;<\/p>\n<h4>Barbate <\/h4>\n<p>Esta poblaci\u00f3n <strong>posee un entorno natural \u00fanico y que lo hace muy atractivo<\/strong>. Desde zona de acantilados, pinares, marismas y playas v\u00edrgenes. Esta diversidad de ambientes hace que <strong>haya sido habitada y deseada desde la edad de bronce<\/strong>, localiz\u00e1ndose as\u00ed <strong>asentamientos en el poblado de Los Charcones<\/strong>, junto a la laguna de la Janda, y otros asentamientos en <strong>la Fuente del Viejo, la Ca\u00f1ada de la Bre\u00f1a o el Chorro<\/strong>.<\/p>\n<div id=\"attachment_2657\" style=\"width: 650px\" class=\"wp-caption aligncenter\"><img decoding=\"async\" aria-describedby=\"caption-attachment-2657\" src=\"https:\/\/destinoysabor.com\/blog\/wp-content\/uploads\/2018\/05\/Costa-de-Barbate-Destino-y-Sabor.jpg\" alt=\"Costa de Barbate - Destino y Sabor\" width=\"640\" height=\"400\" class=\"size-full wp-image-2657\" srcset=\"https:\/\/destinoysabor.com\/blog\/wp-content\/uploads\/2018\/05\/Costa-de-Barbate-Destino-y-Sabor.jpg 640w, https:\/\/destinoysabor.com\/blog\/wp-content\/uploads\/2018\/05\/Costa-de-Barbate-Destino-y-Sabor-300x188.jpg 300w, https:\/\/destinoysabor.com\/blog\/wp-content\/uploads\/2018\/05\/Costa-de-Barbate-Destino-y-Sabor-330x206.jpg 330w\" sizes=\"(max-width: 640px) 100vw, 640px\" \/><p id=\"caption-attachment-2657\" class=\"wp-caption-text\">Costa de Barbate &#8211; Destino y Sabor<\/p><\/div>\n&nbsp;<\/p>\n<h4>San Lucar de Barrameda<\/h4>\n<p><strong>Asentada en la margen izquierda del estuario del r\u00edo Guadalquivir, frente al Parque nacional y natural de Do\u00f1ana<\/strong>, est\u00e1 a poca distancia de C\u00e1diz, y a escasos 100 km. de Sevilla. Sanl\u00facar <strong>es conocida por su gastronom\u00eda, especialmente por la elaboraci\u00f3n del vino manzanilla y los langostinos<\/strong>; por el flamenco,  el turismo estival; y sobre todo por las carreras de caballos en la playa.<\/p>\n<p><a href=\"http:\/\/www.europapress.es\/deportes\/noticia-sanlucar-barrameda-celebra-jueves-169-edicion-carreras-caballos-20140806145736.html\" rel=\"noopener\" re=\"NoFollow\"  target=\"_blank\"><div id=\"attachment_2659\" style=\"width: 643px\" class=\"wp-caption aligncenter\"><img decoding=\"async\" aria-describedby=\"caption-attachment-2659\" src=\"https:\/\/destinoysabor.com\/blog\/wp-content\/uploads\/2018\/05\/Carreras-de-caballos-en-la-playa-de-Sanlucar-de-Barramea-Imagen-EFE.jpg\" alt=\"Las costas de C\u00e1diz\" title=\"Carreras de caballos en la playa de Sanlucar de Barrameda - Imagen EFE\" width=\"633\" height=\"350\" class=\"size-full wp-image-2659\" srcset=\"https:\/\/destinoysabor.com\/blog\/wp-content\/uploads\/2018\/05\/Carreras-de-caballos-en-la-playa-de-Sanlucar-de-Barramea-Imagen-EFE.jpg 633w, https:\/\/destinoysabor.com\/blog\/wp-content\/uploads\/2018\/05\/Carreras-de-caballos-en-la-playa-de-Sanlucar-de-Barramea-Imagen-EFE-300x166.jpg 300w, https:\/\/destinoysabor.com\/blog\/wp-content\/uploads\/2018\/05\/Carreras-de-caballos-en-la-playa-de-Sanlucar-de-Barramea-Imagen-EFE-330x182.jpg 330w\" sizes=\"(max-width: 633px) 100vw, 633px\" \/><p id=\"caption-attachment-2659\" class=\"wp-caption-text\">Carreras de caballos en la playa de Sanlucar de Barrameda &#8211; Imagen EFE<\/p><\/div><\/a><\/p>\n<p>Esta ciudad est\u00e1 ubicada en lo que <strong>se supone fue el n\u00facleo de la civilizaci\u00f3n tartesia<\/strong>, aunque no se han hallado restos arqueol\u00f3gico correspondiente a esta cultura, aunque s\u00ed anteriores y posteriores al periodo tart\u00e9ssico como, el dolmen de Hidalgo en El Agostado, el \u00eddolo cil\u00edndrico del Cortijo de la Fuente, el tesoro de \u00c9bora o el Bronce de Bonanza. <\/p>\n<p><a href=\"https:\/\/sobrecadiz.com\/2012\/03\/26\/la-plaza-del-cabildo-de-sanlucar-de-barrameda\/\" re=\"NoFollow\" rel=\"noopener\" target=\"_blank\"><div id=\"attachment_2658\" style=\"width: 650px\" class=\"wp-caption aligncenter\"><img decoding=\"async\" aria-describedby=\"caption-attachment-2658\" src=\"https:\/\/destinoysabor.com\/blog\/wp-content\/uploads\/2018\/05\/Plaza-mayor-de-Sanlucar-de-Barramea-Imagen-de-.jpg\" alt=\"Las costas de C\u00e1diz\" title=\"Plaza mayor de Sanlucar de Barrameda - Imagen de Sobre C\u00e1diz\" width=\"640\" height=\"400\" class=\"size-full wp-image-2658\" srcset=\"https:\/\/destinoysabor.com\/blog\/wp-content\/uploads\/2018\/05\/Plaza-mayor-de-Sanlucar-de-Barramea-Imagen-de-.jpg 640w, https:\/\/destinoysabor.com\/blog\/wp-content\/uploads\/2018\/05\/Plaza-mayor-de-Sanlucar-de-Barramea-Imagen-de--300x188.jpg 300w, https:\/\/destinoysabor.com\/blog\/wp-content\/uploads\/2018\/05\/Plaza-mayor-de-Sanlucar-de-Barramea-Imagen-de--330x206.jpg 330w\" sizes=\"(max-width: 640px) 100vw, 640px\" \/><p id=\"caption-attachment-2658\" class=\"wp-caption-text\">Plaza mayor de Sanlucar de Barrameda &#8211; Imagen de Sobre C\u00e1diz<\/p><\/div><\/a><\/p>\n<p><strong>El centro hist\u00f3rico es Conjunto Hist\u00f3rico Art\u00edstico<\/strong>, con una gran actividad comercial y con multitud de iglesias, conventos, palacios y casas de cargadores a Indias y bodegueros.<a name=\"Donana\"><\/a><br \/>\n&nbsp;<\/p>\n<h4>Do\u00f1ana<\/h4>\n<p><strong>Simplemente, uno de los m\u00e1s hermosos y m\u00e1s valiosos espacios naturales de la pen\u00ednsula ib\u00e9rica<\/strong>. Habitada desde la edad de bronce, <strong>a inicios del siglo XX se lleg\u00f3 a relacionar con la Atl\u00e1ntida<\/strong>, ya que la geograf\u00eda actual no se corresponde en absoluto con la de hace m\u00e1s de 3000 a\u00f1os, ya que se trata de una cuenca sedimentaria.<\/p>\n<div id=\"attachment_1541\" style=\"width: 650px\" class=\"wp-caption aligncenter\"><img decoding=\"async\" aria-describedby=\"caption-attachment-1541\" src=\"https:\/\/destinoysabor.com\/blog\/wp-content\/uploads\/2017\/01\/8c0ab709b14a651f10f8d157fb0d7dd3.jpg\" alt=\"Do\u00f1ana, en la margen derecha del Guadalquivir. Al fondo, Sanl\u00facar de Barrameda - Destino y Sabor\" width=\"640\" height=\"400\" class=\"size-full wp-image-1541\" srcset=\"https:\/\/destinoysabor.com\/blog\/wp-content\/uploads\/2017\/01\/8c0ab709b14a651f10f8d157fb0d7dd3.jpg 640w, https:\/\/destinoysabor.com\/blog\/wp-content\/uploads\/2017\/01\/8c0ab709b14a651f10f8d157fb0d7dd3-300x188.jpg 300w, https:\/\/destinoysabor.com\/blog\/wp-content\/uploads\/2017\/01\/8c0ab709b14a651f10f8d157fb0d7dd3-330x206.jpg 330w\" sizes=\"(max-width: 640px) 100vw, 640px\" \/><p id=\"caption-attachment-1541\" class=\"wp-caption-text\">Do\u00f1ana, en la margen derecha del Guadalquivir. Al fondo, Sanl\u00facar de Barrameda &#8211; Destino y Sabor<\/p><\/div>\n<p>El valor ecol\u00f3gico es dif\u00edcilmente igualable, y as\u00ed cuenta con protecci\u00f3n tanto como <strong>Parque Natural como Parque Nacional<\/strong>. La importancia de este parque, entre marismas, dunas de arena, pinares y tierras de labor es tal, que en 1980, se declar\u00f3 <strong>Reserva de la Bioesfera<\/strong> y es desde 1994 es <strong>Patrimonio Mundial de la Humanidad<\/strong>.<br \/>\n<!--&nbsp;\n\n\n<h4>Novo Sancti Petri <\/h4>\n\n\nDominando la costa de Chiclana de la Frontera, <strong>entre playas v\u00edrgenes, pinares y marismas, est\u00e1 esta urbanizaci\u00f3n Novo Sancti Petri<\/strong>; una de las m\u00e1s chulas urbanizaciones de toda la costa andaluza. Entre campos de golf, hoteles y apartamentos vacaciones. La gran ventaja de esta urbanizaci\u00f3n, es que se puede disfrutar libremente de un paseo por sus playas. Puedes <a href=\"www.novosantipetri.com\" rel=\"DoFollow\" target=\"_blank\">alquilar en novo sancti petri<\/a>, desde su web.\n\n\n\n<blockquote>Frente a estas costas tuvo lugar la desastrosa, para la armada espa\u00f1ola, batalla de Trafalgar. Esta zona, perteneciente a Chiclana <\/blockquote>\n\n--><br \/>\n&nbsp;<br \/>\n&nbsp;<\/p>\n<p><strong>Nota<\/strong>: Portada de <a href=\"http:\/\/diriodeunaburrido.blogspot.com.es\/2014\/12\/de-segovia-cadiz-capitulo-2-la-costa-de.html\" rel=\"NoFollow\" rel=\"noopener\" target=\"_blank\">Diario de un aburrido<\/a>.<\/p>\n<p>Y aunque sin duda, <strong>podemos seguir buscando m\u00e1s lugares interesantes que visitar, donde turismo e historia se unen<\/strong>, tampoco queremos alargarnos m\u00e1s, que ya lo hemos hecho. \u00bfCu\u00e1les conoces t\u00fa?<br \/>\n&nbsp;<\/p>\n<h4>Tambi\u00e9n te puede interesar<\/h4>\n<ul>\n<li><a href=\"https:\/\/destinoysabor.com\/blog\/oleoturismo-todo-lo-que-debes-saber\/\">Oleoturismo, todo lo que debes saber<\/a>.<\/li>\n<li><a href=\"https:\/\/destinoysabor.com\/blog\/rutas-por-sierra-nevada\/\">Senderismo de verano en Sierra Nevada, descubre las rutas de fusi\u00f3n<\/a>.<\/li>\n<li><a href=\"https:\/\/destinoysabor.com\/blog\/las-rutas-de-senderismo-de-lo-mas-impresionantes-de-espana\/\">Las Rutas de senderismo de lo m\u00e1s impresionantes de Espa\u00f1a<\/a>.<\/li>\n<li><a href=\"https:\/\/destinoysabor.com\/blog\/algarve-paraiso-olvidado\/\">Algarve, un para\u00edso olvidado muy cerca de nosotros<\/a>.<\/li>\n<ul>\n<script id='ctracker' src='https:\/\/trackcontrol.com\/tracker.js?pid=18719' defer='defer' async='async'><\/script><\/p>\n","protected":false},"excerpt":{"rendered":"<p>Buscamos los restos de la m\u00edtica Tartessos, la primera civilizaci\u00f3n occidental conocida, y la no menos enigm\u00e1tica Atl\u00e1ntida; Y lo hacemos a trav\u00e9s de las Costas de C\u00e1diz actuales, un \u00e1rea de gran valor tur\u00edstico por la que viajar<\/p>\n","protected":false},"author":8,"featured_media":2672,"comment_status":"open","ping_status":"closed","sticky":false,"template":"","format":"standard","meta":{"rop_custom_images_group":[],"rop_custom_messages_group":[],"rop_publish_now":"initial","rop_publish_now_accounts":{"twitter_3437733573_3437733573":""},"rop_publish_now_history":[],"rop_publish_now_status":"pending","footnotes":""},"categories":[17,19,169,111],"tags":[445,446,442,441,252,440,444,443,467,447],"class_list":["post-2613","post","type-post","status-publish","format-standard","has-post-thumbnail","hentry","category-andalucia","category-espana","category-planes-familiares","category-planes-turisticos","tag-arqueoturismo-en-cadiz","tag-birdwatchin-en-cadiz","tag-cadiz","tag-de-tartessos-a-atlantida","tag-destino-y-sabor","tag-las-costas-de-cadiz","tag-que-hacer-en-andalucia","tag-que-ver-en-cadiz","tag-turismo-en-andalucia","tag-visitar-cadiz"],"yoast_head":"<!-- This site is optimized with the Yoast SEO plugin v26.5 - https:\/\/yoast.com\/wordpress\/plugins\/seo\/ -->\n<title>Las costas de C\u00e1diz, de Tartessos a Atl\u00e1ntida - Destino y Sabor<\/title>\n<meta name=\"description\" content=\"Buscamos los restos de la m\u00edtica Tartessos, la primera civilizaci\u00f3n occidental conocida, y la no menos enigm\u00e1tica Atl\u00e1ntida; Y lo hacemos a trav\u00e9s de las Costas de C\u00e1diz actuales, un \u00e1rea de gran valor tur\u00edstico por la que viajar\" \/>\n<meta name=\"robots\" content=\"index, follow, max-snippet:-1, max-image-preview:large, max-video-preview:-1\" \/>\n<link rel=\"canonical\" href=\"https:\/\/destinoysabor.com\/blog\/recorriendo-las-costas-de-cadiz\/\" \/>\n<meta property=\"og:locale\" content=\"es_ES\" \/>\n<meta property=\"og:type\" content=\"article\" \/>\n<meta property=\"og:title\" content=\"Las costas de C\u00e1diz, de Tartessos a Atl\u00e1ntida \u2013 Destino y Sabor\" \/>\n<meta property=\"og:description\" content=\"Buscamos los restos de la m\u00edtica Tartessos, la primera civilizaci\u00f3n occidental conocida, y la no menos enigm\u00e1tica Atl\u00e1ntida; Y lo hacemos a trav\u00e9s de las Costas de C\u00e1diz actuales, un \u00e1rea de gran valor tur\u00edstico por la que viajar\" \/>\n<meta property=\"og:url\" content=\"https:\/\/destinoysabor.com\/blog\/recorriendo-las-costas-de-cadiz\/\" \/>\n<meta property=\"og:site_name\" content=\"Destino y Sabor\" \/>\n<meta property=\"article:publisher\" content=\"https:\/\/www.facebook.com\/destinoysabor\/\" \/>\n<meta property=\"article:published_time\" content=\"2018-05-11T20:41:07+00:00\" \/>\n<meta property=\"article:modified_time\" content=\"2018-06-21T12:26:56+00:00\" \/>\n<meta property=\"og:image\" content=\"https:\/\/destinoysabor.com\/blog\/wp-content\/uploads\/2018\/05\/cfed986e3f834595c55d6169ee7cd28b.jpg\" \/>\n\t<meta property=\"og:image:width\" content=\"1000\" \/>\n\t<meta property=\"og:image:height\" content=\"460\" \/>\n\t<meta property=\"og:image:type\" content=\"image\/jpeg\" \/>\n<meta name=\"author\" content=\"Equipo de Redacci\u00f3n\" \/>\n<meta name=\"twitter:card\" content=\"summary_large_image\" \/>\n<meta name=\"twitter:title\" content=\"Las costas de C\u00e1diz, de Tartessos a Atl\u00e1ntida \u2013 Destino y Sabor\" \/>\n<meta name=\"twitter:description\" content=\"Buscamos los restos de la m\u00edtica Tartessos, la primera civilizaci\u00f3n occidental conocida, y la no menos enigm\u00e1tica Atl\u00e1ntida; Y lo hacemos a trav\u00e9s de las Costas de C\u00e1diz actuales, un \u00e1rea de gran valor tur\u00edstico por la que viajar\" \/>\n<meta name=\"twitter:image\" content=\"https:\/\/destinoysabor.com\/blog\/wp-content\/uploads\/2018\/05\/cfed986e3f834595c55d6169ee7cd28b.jpg\" \/>\n<meta name=\"twitter:creator\" content=\"@Destino_Sabor\" \/>\n<meta name=\"twitter:site\" content=\"@Destino_Sabor\" \/>\n<meta name=\"twitter:label1\" content=\"Escrito por\" \/>\n\t<meta name=\"twitter:data1\" content=\"Equipo de Redacci\u00f3n\" \/>\n\t<meta name=\"twitter:label2\" content=\"Tiempo de lectura\" \/>\n\t<meta name=\"twitter:data2\" content=\"10 minutos\" \/>\n<script type=\"application\/ld+json\" class=\"yoast-schema-graph\">{\"@context\":\"https:\/\/schema.org\",\"@graph\":[{\"@type\":\"WebPage\",\"@id\":\"https:\/\/destinoysabor.com\/blog\/recorriendo-las-costas-de-cadiz\/\",\"url\":\"https:\/\/destinoysabor.com\/blog\/recorriendo-las-costas-de-cadiz\/\",\"name\":\"Las costas de C\u00e1diz, de Tartessos a Atl\u00e1ntida - Destino y Sabor\",\"isPartOf\":{\"@id\":\"https:\/\/destinoysabor.com\/blog\/#website\"},\"primaryImageOfPage\":{\"@id\":\"https:\/\/destinoysabor.com\/blog\/recorriendo-las-costas-de-cadiz\/#primaryimage\"},\"image\":{\"@id\":\"https:\/\/destinoysabor.com\/blog\/recorriendo-las-costas-de-cadiz\/#primaryimage\"},\"thumbnailUrl\":\"https:\/\/destinoysabor.com\/blog\/wp-content\/uploads\/2018\/05\/cfed986e3f834595c55d6169ee7cd28b.jpg\",\"datePublished\":\"2018-05-11T20:41:07+00:00\",\"dateModified\":\"2018-06-21T12:26:56+00:00\",\"author\":{\"@id\":\"https:\/\/destinoysabor.com\/blog\/#\/schema\/person\/ef46ed08f9b7dd9fc20573c9f373fff6\"},\"description\":\"Buscamos los restos de la m\u00edtica Tartessos, la primera civilizaci\u00f3n occidental conocida, y la no menos enigm\u00e1tica Atl\u00e1ntida; Y lo hacemos a trav\u00e9s de las Costas de C\u00e1diz actuales, un \u00e1rea de gran valor tur\u00edstico por la que viajar\",\"breadcrumb\":{\"@id\":\"https:\/\/destinoysabor.com\/blog\/recorriendo-las-costas-de-cadiz\/#breadcrumb\"},\"inLanguage\":\"es\",\"potentialAction\":[{\"@type\":\"ReadAction\",\"target\":[\"https:\/\/destinoysabor.com\/blog\/recorriendo-las-costas-de-cadiz\/\"]}]},{\"@type\":\"ImageObject\",\"inLanguage\":\"es\",\"@id\":\"https:\/\/destinoysabor.com\/blog\/recorriendo-las-costas-de-cadiz\/#primaryimage\",\"url\":\"https:\/\/destinoysabor.com\/blog\/wp-content\/uploads\/2018\/05\/cfed986e3f834595c55d6169ee7cd28b.jpg\",\"contentUrl\":\"https:\/\/destinoysabor.com\/blog\/wp-content\/uploads\/2018\/05\/cfed986e3f834595c55d6169ee7cd28b.jpg\",\"width\":1000,\"height\":460,\"caption\":\"Costas de C\u00e1diz\"},{\"@type\":\"BreadcrumbList\",\"@id\":\"https:\/\/destinoysabor.com\/blog\/recorriendo-las-costas-de-cadiz\/#breadcrumb\",\"itemListElement\":[{\"@type\":\"ListItem\",\"position\":1,\"name\":\"Portada\",\"item\":\"https:\/\/destinoysabor.com\/blog\/\"},{\"@type\":\"ListItem\",\"position\":2,\"name\":\"Las costas de C\u00e1diz, de Tartessos a Atl\u00e1ntida\"}]},{\"@type\":\"WebSite\",\"@id\":\"https:\/\/destinoysabor.com\/blog\/#website\",\"url\":\"https:\/\/destinoysabor.com\/blog\/\",\"name\":\"Destino y Sabor\",\"description\":\"los mejores planes para foodies y winelovers\",\"potentialAction\":[{\"@type\":\"SearchAction\",\"target\":{\"@type\":\"EntryPoint\",\"urlTemplate\":\"https:\/\/destinoysabor.com\/blog\/?s={search_term_string}\"},\"query-input\":{\"@type\":\"PropertyValueSpecification\",\"valueRequired\":true,\"valueName\":\"search_term_string\"}}],\"inLanguage\":\"es\"},{\"@type\":\"Person\",\"@id\":\"https:\/\/destinoysabor.com\/blog\/#\/schema\/person\/ef46ed08f9b7dd9fc20573c9f373fff6\",\"name\":\"Equipo de Redacci\u00f3n\",\"image\":{\"@type\":\"ImageObject\",\"inLanguage\":\"es\",\"@id\":\"https:\/\/destinoysabor.com\/blog\/#\/schema\/person\/image\/\",\"url\":\"https:\/\/secure.gravatar.com\/avatar\/1bd82ae362a0e7b6e8693df0ac62adbf630f5ae137623cf28552a4141e0b996a?s=96&r=g\",\"contentUrl\":\"https:\/\/secure.gravatar.com\/avatar\/1bd82ae362a0e7b6e8693df0ac62adbf630f5ae137623cf28552a4141e0b996a?s=96&r=g\",\"caption\":\"Equipo de Redacci\u00f3n\"},\"sameAs\":[\"https:\/\/destinoysabor.com\/blog\"],\"url\":\"https:\/\/destinoysabor.com\/blog\/author\/equipo-de-redaccion\/\"}]}<\/script>\n<!-- \/ Yoast SEO plugin. -->","yoast_head_json":{"title":"Las costas de C\u00e1diz, de Tartessos a Atl\u00e1ntida - Destino y Sabor","description":"Buscamos los restos de la m\u00edtica Tartessos, la primera civilizaci\u00f3n occidental conocida, y la no menos enigm\u00e1tica Atl\u00e1ntida; Y lo hacemos a trav\u00e9s de las Costas de C\u00e1diz actuales, un \u00e1rea de gran valor tur\u00edstico por la que viajar","robots":{"index":"index","follow":"follow","max-snippet":"max-snippet:-1","max-image-preview":"max-image-preview:large","max-video-preview":"max-video-preview:-1"},"canonical":"https:\/\/destinoysabor.com\/blog\/recorriendo-las-costas-de-cadiz\/","og_locale":"es_ES","og_type":"article","og_title":"Las costas de C\u00e1diz, de Tartessos a Atl\u00e1ntida \u2013 Destino y Sabor","og_description":"Buscamos los restos de la m\u00edtica Tartessos, la primera civilizaci\u00f3n occidental conocida, y la no menos enigm\u00e1tica Atl\u00e1ntida; Y lo hacemos a trav\u00e9s de las Costas de C\u00e1diz actuales, un \u00e1rea de gran valor tur\u00edstico por la que viajar","og_url":"https:\/\/destinoysabor.com\/blog\/recorriendo-las-costas-de-cadiz\/","og_site_name":"Destino y Sabor","article_publisher":"https:\/\/www.facebook.com\/destinoysabor\/","article_published_time":"2018-05-11T20:41:07+00:00","article_modified_time":"2018-06-21T12:26:56+00:00","og_image":[{"width":1000,"height":460,"url":"https:\/\/destinoysabor.com\/blog\/wp-content\/uploads\/2018\/05\/cfed986e3f834595c55d6169ee7cd28b.jpg","type":"image\/jpeg"}],"author":"Equipo de Redacci\u00f3n","twitter_card":"summary_large_image","twitter_title":"Las costas de C\u00e1diz, de Tartessos a Atl\u00e1ntida \u2013 Destino y Sabor","twitter_description":"Buscamos los restos de la m\u00edtica Tartessos, la primera civilizaci\u00f3n occidental conocida, y la no menos enigm\u00e1tica Atl\u00e1ntida; Y lo hacemos a trav\u00e9s de las Costas de C\u00e1diz actuales, un \u00e1rea de gran valor tur\u00edstico por la que viajar","twitter_image":"https:\/\/destinoysabor.com\/blog\/wp-content\/uploads\/2018\/05\/cfed986e3f834595c55d6169ee7cd28b.jpg","twitter_creator":"@Destino_Sabor","twitter_site":"@Destino_Sabor","twitter_misc":{"Escrito por":"Equipo de Redacci\u00f3n","Tiempo de lectura":"10 minutos"},"schema":{"@context":"https:\/\/schema.org","@graph":[{"@type":"WebPage","@id":"https:\/\/destinoysabor.com\/blog\/recorriendo-las-costas-de-cadiz\/","url":"https:\/\/destinoysabor.com\/blog\/recorriendo-las-costas-de-cadiz\/","name":"Las costas de C\u00e1diz, de Tartessos a Atl\u00e1ntida - Destino y Sabor","isPartOf":{"@id":"https:\/\/destinoysabor.com\/blog\/#website"},"primaryImageOfPage":{"@id":"https:\/\/destinoysabor.com\/blog\/recorriendo-las-costas-de-cadiz\/#primaryimage"},"image":{"@id":"https:\/\/destinoysabor.com\/blog\/recorriendo-las-costas-de-cadiz\/#primaryimage"},"thumbnailUrl":"https:\/\/destinoysabor.com\/blog\/wp-content\/uploads\/2018\/05\/cfed986e3f834595c55d6169ee7cd28b.jpg","datePublished":"2018-05-11T20:41:07+00:00","dateModified":"2018-06-21T12:26:56+00:00","author":{"@id":"https:\/\/destinoysabor.com\/blog\/#\/schema\/person\/ef46ed08f9b7dd9fc20573c9f373fff6"},"description":"Buscamos los restos de la m\u00edtica Tartessos, la primera civilizaci\u00f3n occidental conocida, y la no menos enigm\u00e1tica Atl\u00e1ntida; Y lo hacemos a trav\u00e9s de las Costas de C\u00e1diz actuales, un \u00e1rea de gran valor tur\u00edstico por la que viajar","breadcrumb":{"@id":"https:\/\/destinoysabor.com\/blog\/recorriendo-las-costas-de-cadiz\/#breadcrumb"},"inLanguage":"es","potentialAction":[{"@type":"ReadAction","target":["https:\/\/destinoysabor.com\/blog\/recorriendo-las-costas-de-cadiz\/"]}]},{"@type":"ImageObject","inLanguage":"es","@id":"https:\/\/destinoysabor.com\/blog\/recorriendo-las-costas-de-cadiz\/#primaryimage","url":"https:\/\/destinoysabor.com\/blog\/wp-content\/uploads\/2018\/05\/cfed986e3f834595c55d6169ee7cd28b.jpg","contentUrl":"https:\/\/destinoysabor.com\/blog\/wp-content\/uploads\/2018\/05\/cfed986e3f834595c55d6169ee7cd28b.jpg","width":1000,"height":460,"caption":"Costas de C\u00e1diz"},{"@type":"BreadcrumbList","@id":"https:\/\/destinoysabor.com\/blog\/recorriendo-las-costas-de-cadiz\/#breadcrumb","itemListElement":[{"@type":"ListItem","position":1,"name":"Portada","item":"https:\/\/destinoysabor.com\/blog\/"},{"@type":"ListItem","position":2,"name":"Las costas de C\u00e1diz, de Tartessos a Atl\u00e1ntida"}]},{"@type":"WebSite","@id":"https:\/\/destinoysabor.com\/blog\/#website","url":"https:\/\/destinoysabor.com\/blog\/","name":"Destino y Sabor","description":"los mejores planes para foodies y winelovers","potentialAction":[{"@type":"SearchAction","target":{"@type":"EntryPoint","urlTemplate":"https:\/\/destinoysabor.com\/blog\/?s={search_term_string}"},"query-input":{"@type":"PropertyValueSpecification","valueRequired":true,"valueName":"search_term_string"}}],"inLanguage":"es"},{"@type":"Person","@id":"https:\/\/destinoysabor.com\/blog\/#\/schema\/person\/ef46ed08f9b7dd9fc20573c9f373fff6","name":"Equipo de Redacci\u00f3n","image":{"@type":"ImageObject","inLanguage":"es","@id":"https:\/\/destinoysabor.com\/blog\/#\/schema\/person\/image\/","url":"https:\/\/secure.gravatar.com\/avatar\/1bd82ae362a0e7b6e8693df0ac62adbf630f5ae137623cf28552a4141e0b996a?s=96&r=g","contentUrl":"https:\/\/secure.gravatar.com\/avatar\/1bd82ae362a0e7b6e8693df0ac62adbf630f5ae137623cf28552a4141e0b996a?s=96&r=g","caption":"Equipo de Redacci\u00f3n"},"sameAs":["https:\/\/destinoysabor.com\/blog"],"url":"https:\/\/destinoysabor.com\/blog\/author\/equipo-de-redaccion\/"}]}},"jetpack_featured_media_url":"https:\/\/destinoysabor.com\/blog\/wp-content\/uploads\/2018\/05\/cfed986e3f834595c55d6169ee7cd28b.jpg","_links":{"self":[{"href":"https:\/\/destinoysabor.com\/blog\/wp-json\/wp\/v2\/posts\/2613","targetHints":{"allow":["GET"]}}],"collection":[{"href":"https:\/\/destinoysabor.com\/blog\/wp-json\/wp\/v2\/posts"}],"about":[{"href":"https:\/\/destinoysabor.com\/blog\/wp-json\/wp\/v2\/types\/post"}],"author":[{"embeddable":true,"href":"https:\/\/destinoysabor.com\/blog\/wp-json\/wp\/v2\/users\/8"}],"replies":[{"embeddable":true,"href":"https:\/\/destinoysabor.com\/blog\/wp-json\/wp\/v2\/comments?post=2613"}],"version-history":[{"count":14,"href":"https:\/\/destinoysabor.com\/blog\/wp-json\/wp\/v2\/posts\/2613\/revisions"}],"predecessor-version":[{"id":2838,"href":"https:\/\/destinoysabor.com\/blog\/wp-json\/wp\/v2\/posts\/2613\/revisions\/2838"}],"wp:featuredmedia":[{"embeddable":true,"href":"https:\/\/destinoysabor.com\/blog\/wp-json\/wp\/v2\/media\/2672"}],"wp:attachment":[{"href":"https:\/\/destinoysabor.com\/blog\/wp-json\/wp\/v2\/media?parent=2613"}],"wp:term":[{"taxonomy":"category","embeddable":true,"href":"https:\/\/destinoysabor.com\/blog\/wp-json\/wp\/v2\/categories?post=2613"},{"taxonomy":"post_tag","embeddable":true,"href":"https:\/\/destinoysabor.com\/blog\/wp-json\/wp\/v2\/tags?post=2613"}],"curies":[{"name":"wp","href":"https:\/\/api.w.org\/{rel}","templated":true}]}}