{"id":4219,"date":"2019-08-23T04:43:18","date_gmt":"2019-08-23T04:43:18","guid":{"rendered":"https:\/\/destinoysabor.com\/blog\/?p=4219"},"modified":"2019-08-23T08:29:30","modified_gmt":"2019-08-23T08:29:30","slug":"visita-a-malaga","status":"publish","type":"post","link":"https:\/\/destinoysabor.com\/blog\/visita-a-malaga\/","title":{"rendered":"Visita a M\u00e1laga, la perla del mediterr\u00e1neo occidental"},"content":{"rendered":"<p>Uno de los destinos m\u00e1s t\u00edpicos <strong>en los circuitos tur\u00edsticos son las escapadas desde Madrid a Sevilla<\/strong>. Desde que se abriera el corredor del AVE Madrid-Sevilla, estas dos capitales <strong>est\u00e1n a algo m\u00e1s de dos horas y media<\/strong>. Pues una vez ah\u00ed, <strong>hay otra conexi\u00f3n de lo m\u00e1s interesante que, es visita a M\u00e1laga<\/strong>, una ciudad menos conocida, pero lleno de interesantes cosas para conocer.<\/p>\n<h3>Informaci\u00f3n de inter\u00e9s<\/h3>\n<h4>\u00bfC\u00f3mo llegar?<\/h4>\n<p><a href=\"https:\/\/goo.gl\/maps\/y5oMKBEvU6cKJAdQ8\" rel=\"dofollow noopener noreferrer\" target=\"_blank\"><strong>M\u00e1laga<\/a> es una ciudad bien comunicada<\/strong> y con bastantes medios de transporte con los que llegar. Desde el aeropuerto M\u00e1laga-Costa del Sol, o bien por barco ya que cuenta con un buen puerto; o desde el interior, en tren AVE o autob\u00fas. <\/p>\n<div id=\"attachment_4249\" style=\"width: 650px\" class=\"wp-caption aligncenter\"><img decoding=\"async\" aria-describedby=\"caption-attachment-4249\" src=\"https:\/\/destinoysabor.com\/blog\/wp-content\/uploads\/2019\/08\/9649502409b47b1110fa6b9bc7ebb0f9.jpg\" alt=\"Estaci\u00f3n del AVE Mar\u00eda Zambrano de M\u00e1laga\" width=\"640\" height=\"360\" class=\"size-full wp-image-4249\" srcset=\"https:\/\/destinoysabor.com\/blog\/wp-content\/uploads\/2019\/08\/9649502409b47b1110fa6b9bc7ebb0f9.jpg 640w, https:\/\/destinoysabor.com\/blog\/wp-content\/uploads\/2019\/08\/9649502409b47b1110fa6b9bc7ebb0f9-300x169.jpg 300w, https:\/\/destinoysabor.com\/blog\/wp-content\/uploads\/2019\/08\/9649502409b47b1110fa6b9bc7ebb0f9-330x186.jpg 330w\" sizes=\"(max-width: 640px) 100vw, 640px\" \/><p id=\"caption-attachment-4249\" class=\"wp-caption-text\">Estaci\u00f3n del AVE Mar\u00eda Zambrano de M\u00e1laga<\/p><\/div>\n<p>Puedes encontrar la combinaci\u00f3n de <a href=\"https:\/\/www.virail.es\/trenes-sevilla-malaga\"  target=\"_Blank\" rel=\"dofollow noopener noreferrer\">billetes de tren de Sevilla a M\u00e1laga<\/a> que mejor se adapte en este comparativo.<\/p>\n<h4>\u00bfD\u00f3nde comer?<\/h4>\n<p>M\u00e1laga es <strong>una ciudad con mucho encanto y muy abierta al turismo<\/strong>, por lo que pod\u00e9is encontrar un poco de todo. Sobre todo es interesante la zona centro, <strong>una parte de la ciudad volcada al puerto<\/strong>, como ocurre en otras ciudades como <a href=\"https:\/\/destinoysabor.com\/blog\/alicante-la-ciudad-del-dorado-atardecer\/\">Alicante<\/a>.<\/p>\n<p>Nosotros en ciudades como esta <strong>buscamos esencialmente cocina local, en este caso, algo muy mediterr\u00e1neo<\/strong>, aunque sin despreciar otros gustos. As\u00ed, hemos conocido un lugar que es un tanto fusi\u00f3n, mediterr\u00e1neo-ruso, <strong>La Alacena de Francis<\/strong>. En el barrio de perchel, relativamente cerca del puerto, est\u00e1 en la calle Montalb\u00e1n, 1. Otro lugar interesante es el <strong>Casa Lola<\/strong>, que es m\u00e1s una taberna andaluza en la calle Granada. Ideal para una cena ligera, pero llena de sabor.<\/p>\n<div id=\"attachment_4233\" style=\"width: 590px\" class=\"wp-caption aligncenter\"><img decoding=\"async\" aria-describedby=\"caption-attachment-4233\" src=\"https:\/\/destinoysabor.com\/blog\/wp-content\/uploads\/2019\/08\/Restaurante-La-Alacena-de-Francis.jpg\" alt=\"Restaurante La Alacena de Francis\" width=\"580\" height=\"388\" class=\"size-full wp-image-4233\" srcset=\"https:\/\/destinoysabor.com\/blog\/wp-content\/uploads\/2019\/08\/Restaurante-La-Alacena-de-Francis.jpg 580w, https:\/\/destinoysabor.com\/blog\/wp-content\/uploads\/2019\/08\/Restaurante-La-Alacena-de-Francis-300x201.jpg 300w, https:\/\/destinoysabor.com\/blog\/wp-content\/uploads\/2019\/08\/Restaurante-La-Alacena-de-Francis-330x221.jpg 330w, https:\/\/destinoysabor.com\/blog\/wp-content\/uploads\/2019\/08\/Restaurante-La-Alacena-de-Francis-296x197.jpg 296w\" sizes=\"(max-width: 580px) 100vw, 580px\" \/><p id=\"caption-attachment-4233\" class=\"wp-caption-text\">Restaurante La Alacena de Francis<\/p><\/div>\n<h4>\u00bfD\u00f3nde dormir?<\/h4>\n<p>Aqu\u00ed es donde en M\u00e1laga puedes gastarte lo que quieras, pues <strong>una ciudad con gran buena oferta<\/strong>, disponible para todos los bolsillos. Desde un hotel con encanto, de 2 estrellas, el <a href=\"https:\/\/www.booking.com\/hotel\/es\/monte-victoria.es.html?aid=1281624;sid=a35061beca099405596e1604a30404ca;atlas_src=sr_iw_title;dist=0;group_adults=2;group_children=1;nflt=class%3D2%3Bclass%3D3%3Bht_id%3D204%3B;no_rooms=1;room1=A%2CA%2C12;sb_price_type=total;type=total;ucfs=1&#038;#map_closed\" rel=\"nofollow noopener noreferrer\" target=\"_Blank\"><strong>Hotel Monte Victoria<\/strong><\/a>. Un pel\u00edn alejado del mar, pero muy c\u00e9ntrico. O bien <a href=\"https:\/\/www.booking.com\/hotel\/es\/hoteldoncurro.es.html?aid=1281624;sid=a35061beca099405596e1604a30404ca;atlas_src=sr_iw_title;dist=0;group_adults=2;group_children=1;nflt=class%3D2%3Bclass%3D3%3Bht_id%3D204%3B;no_rooms=1;room1=A%2CA%2C12;sb_price_type=total;type=total;ucfs=1&#038;#map_closed\" rel=\"nofollow noopener noreferrer\" target=\"_Blank\"><strong>Hotel Don Curro<\/strong><\/a> de 3 estrellas y a medio camino entre el centro y el puerto.<\/p>\n<div id=\"attachment_4236\" style=\"width: 590px\" class=\"wp-caption aligncenter\"><img decoding=\"async\" aria-describedby=\"caption-attachment-4236\" src=\"https:\/\/destinoysabor.com\/blog\/wp-content\/uploads\/2019\/08\/26ed51f81e3c2b14b73e6d2a9a914d1d.jpg\" alt=\"Terraza del Hotel Monte Victoria de M\u00e1laga\" width=\"580\" height=\"386\" class=\"size-full wp-image-4236\" srcset=\"https:\/\/destinoysabor.com\/blog\/wp-content\/uploads\/2019\/08\/26ed51f81e3c2b14b73e6d2a9a914d1d.jpg 580w, https:\/\/destinoysabor.com\/blog\/wp-content\/uploads\/2019\/08\/26ed51f81e3c2b14b73e6d2a9a914d1d-300x200.jpg 300w, https:\/\/destinoysabor.com\/blog\/wp-content\/uploads\/2019\/08\/26ed51f81e3c2b14b73e6d2a9a914d1d-330x220.jpg 330w, https:\/\/destinoysabor.com\/blog\/wp-content\/uploads\/2019\/08\/26ed51f81e3c2b14b73e6d2a9a914d1d-296x197.jpg 296w\" sizes=\"(max-width: 580px) 100vw, 580px\" \/><p id=\"caption-attachment-4236\" class=\"wp-caption-text\">Terraza del Hotel Monte Victoria de M\u00e1laga<\/p><\/div>\n<h2>Visita a M\u00e1laga, la perla del mediterr\u00e1neo occidental<\/h2>\n<p>Aunque es habitual que al pensar en la Costa del Sol, nuestra imaginaci\u00f3n nos lleve a Marbella, Puerto Ban\u00fas,..; es normal, porque as\u00ed nos lo han vendido <em>los famosos<\/em>. <strong>No hay que olvidar que la ciudad de M\u00e1laga, posee una historia milenaria y eso ha dejado su impronta en la ciudad<\/strong>.<\/p>\n<blockquote><p>Las diferentes culturas, que por ella han pasado, nos han legado una serie de monumentos imprescindibles en una visita<\/p><\/blockquote>\n<p>El centro hist\u00f3rico de M\u00e1laga <strong>est\u00e1 declarado Bien de Inter\u00e9s Cultural<\/strong>.<\/p>\n<h3>Brev\u00edsimo contexto hist\u00f3rico<\/h3>\n<p>La ciudad de M\u00e1laga es <strong>una de las capitales de la conocida como Costa de Sol<\/strong>, un \u00e1rea costera al sur de Espa\u00f1a <strong>unos 160 kil\u00f3metros de litoral<\/strong>. La ciudad domina la depresi\u00f3n del valle del Guadalhorce, que crea una bah\u00eda rodeada de sistemas monta\u00f1osos. Esta posici\u00f3n <strong>fue interesante desde su fundaci\u00f3n por los fenicios en el siglo VIII aC.<\/strong> bajo el nombre de <em>Malaka<\/em>.<\/p>\n<p>Con el devenir de los siglos, <strong>cay\u00f3 bajo el dominio romano, m\u00e1s adelante fue una medina andalus\u00ed<\/strong>, llegando a dominar su propia taifa tras la disoluci\u00f3n del califato. Por \u00faltimo, fue uno de los reductos m\u00e1s duros de reconquistar al reino nazar\u00ed de Granada. <strong>Fue su conquista por los castellanos en 1487<\/strong> lo que cerr\u00f3 la puerta definitivamente a la capital granadina la capacidad de recibir ayuda desde \u00c1frica.<\/p>\n<div id=\"attachment_4240\" style=\"width: 650px\" class=\"wp-caption aligncenter\"><img decoding=\"async\" aria-describedby=\"caption-attachment-4240\" src=\"https:\/\/destinoysabor.com\/blog\/wp-content\/uploads\/2019\/08\/e71f86559e2c938067d58353204c9663.jpg\" alt=\"Fiestas de M\u00e1laga que recrean la conquista de la ciudad por los Reyes Cat\u00f3licos\" width=\"640\" height=\"419\" class=\"size-full wp-image-4240\" srcset=\"https:\/\/destinoysabor.com\/blog\/wp-content\/uploads\/2019\/08\/e71f86559e2c938067d58353204c9663.jpg 640w, https:\/\/destinoysabor.com\/blog\/wp-content\/uploads\/2019\/08\/e71f86559e2c938067d58353204c9663-300x196.jpg 300w, https:\/\/destinoysabor.com\/blog\/wp-content\/uploads\/2019\/08\/e71f86559e2c938067d58353204c9663-330x216.jpg 330w\" sizes=\"(max-width: 640px) 100vw, 640px\" \/><p id=\"caption-attachment-4240\" class=\"wp-caption-text\">Fiestas de M\u00e1laga que recrean la conquista de la ciudad por los Reyes Cat\u00f3licos<\/p><\/div>\n<p><strong>En el siglo XIX tuvo un auge comercial e industrial<\/strong>, lo que atrajo a gran cantidad de mano de obra. Su relanzamiento como ciudad tur\u00edstica fue durante las d\u00e9cadas de 1960 y 1970, auge compartido con otras poblaciones pr\u00f3ximas y que a\u00fan hoy perdura; adem\u00e1s de seguir siendo un puerto de gran importancia.<\/p>\n<p>Una de las mejores cosas que tiene M\u00e1laga es que la mayor parte de <strong>esos imprescindibles se concentran en la zona centro<\/strong>, que generalmente est\u00e1 peatonalizado. Esto lo hace f\u00e1cil de conocer.<\/p>\n<h3>Conjunto Castillo, Alcazaba y Teatro Romano<\/h3>\n<p>Hemos decidido <strong>unir estos tres importantes elementos<\/strong>, por lo interesante de una visita conjunta, ya que <strong>son en s\u00ed mismos complementarios<\/strong>.<\/p>\n<h4>Castillo de Gibralfaro<\/h4>\n<p>Coronando el monte Gibralfaro, <strong>este castillo de origen fenicio domina la bah\u00eda de M\u00e1laga<\/strong> y posee unas <strong>vistas magn\u00edficas sobre la ciudad<\/strong>. En \u00e9poca nazar\u00ed se construy\u00f3 una doble muralla que desciende ladera abajo hacia la Alcazaba.<\/p>\n<div id=\"attachment_4243\" style=\"width: 650px\" class=\"wp-caption aligncenter\"><img decoding=\"async\" aria-describedby=\"caption-attachment-4243\" src=\"https:\/\/destinoysabor.com\/blog\/wp-content\/uploads\/2019\/08\/Murallas-del-Castillo-de-Gibralfaro.jpg\" alt=\"Murallas del Castillo de Gibralfaro\" width=\"640\" height=\"375\" class=\"size-full wp-image-4243\" srcset=\"https:\/\/destinoysabor.com\/blog\/wp-content\/uploads\/2019\/08\/Murallas-del-Castillo-de-Gibralfaro.jpg 640w, https:\/\/destinoysabor.com\/blog\/wp-content\/uploads\/2019\/08\/Murallas-del-Castillo-de-Gibralfaro-300x176.jpg 300w, https:\/\/destinoysabor.com\/blog\/wp-content\/uploads\/2019\/08\/Murallas-del-Castillo-de-Gibralfaro-330x193.jpg 330w\" sizes=\"(max-width: 640px) 100vw, 640px\" \/><p id=\"caption-attachment-4243\" class=\"wp-caption-text\">Murallas del Castillo de Gibralfaro<\/p><\/div>\n<p>Actualmente, este castillo tiene <strong>unos muros m\u00e1s modernos, aunque aprovechado estructuras previas<\/strong>, para ser utilizadas por la artiller\u00eda del siglo XVIII.<\/p>\n<p>En su interior <strong>se encuentra un museo dedicado a la historia de la ciudad de M\u00e1laga.<\/strong> No es muy grande, pero resulta interesante para comprender la visita de la ciudad desde un contexto hist\u00f3rico.<\/p>\n<div id=\"attachment_4237\" style=\"width: 650px\" class=\"wp-caption aligncenter\"><img decoding=\"async\" aria-describedby=\"caption-attachment-4237\" src=\"https:\/\/destinoysabor.com\/blog\/wp-content\/uploads\/2019\/08\/3ccee88851c5a201a696e043802fdd08.jpg\" alt=\"Vistas de M\u00e1laga desde el Castillo de Gibralfaro\" width=\"640\" height=\"427\" class=\"size-full wp-image-4237\" srcset=\"https:\/\/destinoysabor.com\/blog\/wp-content\/uploads\/2019\/08\/3ccee88851c5a201a696e043802fdd08.jpg 640w, https:\/\/destinoysabor.com\/blog\/wp-content\/uploads\/2019\/08\/3ccee88851c5a201a696e043802fdd08-300x200.jpg 300w, https:\/\/destinoysabor.com\/blog\/wp-content\/uploads\/2019\/08\/3ccee88851c5a201a696e043802fdd08-330x220.jpg 330w, https:\/\/destinoysabor.com\/blog\/wp-content\/uploads\/2019\/08\/3ccee88851c5a201a696e043802fdd08-296x197.jpg 296w\" sizes=\"(max-width: 640px) 100vw, 640px\" \/><p id=\"caption-attachment-4237\" class=\"wp-caption-text\">Vistas de M\u00e1laga desde el Castillo de Gibralfaro<\/p><\/div>\n<p>Un dato importante es que <strong>tienes una l\u00ednea de autob\u00fas urbano que te permite llegar a lo alto de una forma muy c\u00f3moda<\/strong>. La l\u00ednea 35 que sale desde el Paseo del Parque.<\/p>\n<h4>Alcazaba de M\u00e1laga<\/h4>\n<p>Esta segunda <strong>fortificaci\u00f3n es de origen \u00e1rabe<\/strong>, aunque cuenta con un importante conjunto palaciego. Se encuentra <strong>a los pies de la colina Gibralfaro<\/strong> y se conecta con el castillo mediante un sistema de murallas lo que permit\u00eda una defensa conjunta, tal y como descubrieron las tropas cristianas de los Reyes Cat\u00f3licos. Aunque finalmente fueron tomados.<\/p>\n<div id=\"attachment_4248\" style=\"width: 370px\" class=\"wp-caption aligncenter\"><img decoding=\"async\" aria-describedby=\"caption-attachment-4248\" src=\"https:\/\/destinoysabor.com\/blog\/wp-content\/uploads\/2019\/08\/63bea67dc576845cc46d033d0f7b88cf.jpg\" alt=\"Alcazaba de M\u00e1laga\" width=\"360\" height=\"533\" class=\"size-full wp-image-4248\" srcset=\"https:\/\/destinoysabor.com\/blog\/wp-content\/uploads\/2019\/08\/63bea67dc576845cc46d033d0f7b88cf.jpg 360w, https:\/\/destinoysabor.com\/blog\/wp-content\/uploads\/2019\/08\/63bea67dc576845cc46d033d0f7b88cf-203x300.jpg 203w, https:\/\/destinoysabor.com\/blog\/wp-content\/uploads\/2019\/08\/63bea67dc576845cc46d033d0f7b88cf-330x489.jpg 330w\" sizes=\"(max-width: 360px) 100vw, 360px\" \/><p id=\"caption-attachment-4248\" class=\"wp-caption-text\">Alcazaba de M\u00e1laga<\/p><\/div>\n<p>Su interior<strong> se articula en torno a patios andalus\u00edes de gran belleza y formas cuadradas y rectangulares<\/strong>. Tan hermoso, que <strong>ha sido llamada <em>la Alhambra de M\u00e1laga<\/em><\/strong>. Seg\u00fan parece, las construcciones palaciegas actuales son aproximadamente la mitad de lo que en su d\u00eda hubo construido, y que se ha perdido con el paso de los a\u00f1os.<\/p>\n<blockquote><p>Aunque de menor altura, las vistas sobre la ciudad son muy interesantes<\/p><\/blockquote>\n<div id=\"attachment_4230\" style=\"width: 650px\" class=\"wp-caption aligncenter\"><img decoding=\"async\" aria-describedby=\"caption-attachment-4230\" src=\"https:\/\/destinoysabor.com\/blog\/wp-content\/uploads\/2019\/08\/c194acaa0c6282a45d293e3a782a4922.jpg\" alt=\"Patio del interior de la Alcazaba de M\u00e1laga\" width=\"640\" height=\"427\" class=\"size-full wp-image-4230\" srcset=\"https:\/\/destinoysabor.com\/blog\/wp-content\/uploads\/2019\/08\/c194acaa0c6282a45d293e3a782a4922.jpg 640w, https:\/\/destinoysabor.com\/blog\/wp-content\/uploads\/2019\/08\/c194acaa0c6282a45d293e3a782a4922-300x200.jpg 300w, https:\/\/destinoysabor.com\/blog\/wp-content\/uploads\/2019\/08\/c194acaa0c6282a45d293e3a782a4922-330x220.jpg 330w, https:\/\/destinoysabor.com\/blog\/wp-content\/uploads\/2019\/08\/c194acaa0c6282a45d293e3a782a4922-296x197.jpg 296w\" sizes=\"(max-width: 640px) 100vw, 640px\" \/><p id=\"caption-attachment-4230\" class=\"wp-caption-text\">Patio del interior de la Alcazaba de M\u00e1laga<\/p><\/div>\n<p>Conectando <strong>ambos recintos defensivos, hay un sistema de doble muralla<\/strong>, que conecta los dos castillos de M\u00e1laga. Para subir a la Alcazaba puedes <strong>usar un ascensor situado en un edificio frente al Ayuntamiento<\/strong>, acceso desde la calle Guill\u00e9n Sotelo.<\/p>\n<div id=\"attachment_4242\" style=\"width: 650px\" class=\"wp-caption aligncenter\"><img decoding=\"async\" aria-describedby=\"caption-attachment-4242\" src=\"https:\/\/destinoysabor.com\/blog\/wp-content\/uploads\/2019\/08\/Muralla-doble-que-une-la-Alcazaba-con-el-Castillo-de-Gibralfaro.jpg\" alt=\"Muralla doble que une la Alcazaba con el Castillo de Gibralfaro\" width=\"640\" height=\"427\" class=\"size-full wp-image-4242\" srcset=\"https:\/\/destinoysabor.com\/blog\/wp-content\/uploads\/2019\/08\/Muralla-doble-que-une-la-Alcazaba-con-el-Castillo-de-Gibralfaro.jpg 640w, https:\/\/destinoysabor.com\/blog\/wp-content\/uploads\/2019\/08\/Muralla-doble-que-une-la-Alcazaba-con-el-Castillo-de-Gibralfaro-300x200.jpg 300w, https:\/\/destinoysabor.com\/blog\/wp-content\/uploads\/2019\/08\/Muralla-doble-que-une-la-Alcazaba-con-el-Castillo-de-Gibralfaro-330x220.jpg 330w, https:\/\/destinoysabor.com\/blog\/wp-content\/uploads\/2019\/08\/Muralla-doble-que-une-la-Alcazaba-con-el-Castillo-de-Gibralfaro-296x197.jpg 296w\" sizes=\"(max-width: 640px) 100vw, 640px\" \/><p id=\"caption-attachment-4242\" class=\"wp-caption-text\">Muralla doble que une la Alcazaba con el Castillo de Gibralfaro<\/p><\/div>\n<p>Es recomendable su visita por <strong>la fusi\u00f3n de belleza propia, vistas e historia<\/strong>. La parte palaciega aunque se ha perdido parte, a\u00fan los patios cuadrados y rectangulares sorprenden al visitante. En muchos aspectos se parece a. Posee una gran vista sobre la ciudad.<\/p>\n<h4>Teatro romano de M\u00e1laga<\/h4>\n<p>Fruto de su pasado romano es este teatro romano, <strong>con un grado bastante bueno de conservaci\u00f3n<\/strong>, aunque sirvi\u00f3 como cantera para la construcci\u00f3n de la uni\u00f3n entre fortalezas, ya que se encuentra a los pies de la colina de Gibralfaro. <strong>Es un punto de encuentro entre las culturas fenicias, romanas, \u00e1rabes y renacentista<\/strong>.<\/p>\n<div id=\"attachment_4235\" style=\"width: 650px\" class=\"wp-caption aligncenter\"><img decoding=\"async\" aria-describedby=\"caption-attachment-4235\" src=\"https:\/\/destinoysabor.com\/blog\/wp-content\/uploads\/2019\/08\/84ca25a2a4696c094c87fd1d109cd92d.jpg\" alt=\"Teatro romano de M\u00e1laga\" width=\"640\" height=\"427\" class=\"size-full wp-image-4235\" srcset=\"https:\/\/destinoysabor.com\/blog\/wp-content\/uploads\/2019\/08\/84ca25a2a4696c094c87fd1d109cd92d.jpg 640w, https:\/\/destinoysabor.com\/blog\/wp-content\/uploads\/2019\/08\/84ca25a2a4696c094c87fd1d109cd92d-300x200.jpg 300w, https:\/\/destinoysabor.com\/blog\/wp-content\/uploads\/2019\/08\/84ca25a2a4696c094c87fd1d109cd92d-330x220.jpg 330w, https:\/\/destinoysabor.com\/blog\/wp-content\/uploads\/2019\/08\/84ca25a2a4696c094c87fd1d109cd92d-296x197.jpg 296w\" sizes=\"(max-width: 640px) 100vw, 640px\" \/><p id=\"caption-attachment-4235\" class=\"wp-caption-text\">Teatro romano de M\u00e1laga<\/p><\/div>\n<p>Sali\u00f3 a la luz hace unos pocos a\u00f1os, pues como en Cartagena, se construy\u00f3 sobre \u00e9l. <strong>Actualmente es parte del conjunto de la Alcazaba y se puede visitar conjuntamente<\/strong>.<\/p>\n<h4>Coste de la Entrada<\/h4>\n<p>La mejor opci\u00f3n es<strong> la adquisici\u00f3n de la entrada conjunta<\/strong>, pues aunque son visitables por separado, la mejor forma es hacerlo conjuntamente.<\/p>\n<p><strong>Precio<\/strong>: Entrada conjunta 5,50 euros\/persona.<br \/>\nDomingos tarde, (a partir de las 14:00 horas) gratuita la entrada a los jardines de la Alcazaba.<\/p>\n<h4>Horarios<\/h4>\n<p><strong>Abierto todos los d\u00edas<\/strong>.<br \/>\nEn horario de abril a octubre, de 9:00 a 20:00 hora.<br \/>\nEn horario de noviembre a marzo, de 9:00 a 18:00 horas.<\/p>\n<h4>Informaci\u00f3n complementaria<\/h4>\n<p>Visita <strong>la web de turismo de la Junta de Andaluc\u00eda<\/strong>: <a href=\"http:\/\/www.andalucia.org\/es\/turismo-cultural\/visitas\/malaga\/monumentos\/alcazaba-de-malaga\/\" target=\"_blank\" rel=\"dofollow noopener noreferrer\">Alcazaba y castillo de M\u00e1laga<\/a>.<\/p>\n<h3>Catedral de M\u00e1laga<\/h3>\n<p>Esta catedral <strong>se asienta en el lugar decidido por los Reyes Cat\u00f3licos tras la conquista de la ciudad<\/strong>, sobre el solar donde se asentaba una mezquita previamente y que estaba al l\u00edmite de las murallas medievales de origen \u00e1rabe.<\/p>\n<div id=\"attachment_4244\" style=\"width: 650px\" class=\"wp-caption aligncenter\"><img decoding=\"async\" aria-describedby=\"caption-attachment-4244\" src=\"https:\/\/destinoysabor.com\/blog\/wp-content\/uploads\/2019\/08\/d529a817ead590f9d7bd5c66b3f196fa.jpg\" alt=\"Parte posterior de la Catedral de M\u00e1laga\" width=\"640\" height=\"427\" class=\"size-full wp-image-4244\" srcset=\"https:\/\/destinoysabor.com\/blog\/wp-content\/uploads\/2019\/08\/d529a817ead590f9d7bd5c66b3f196fa.jpg 640w, https:\/\/destinoysabor.com\/blog\/wp-content\/uploads\/2019\/08\/d529a817ead590f9d7bd5c66b3f196fa-300x200.jpg 300w, https:\/\/destinoysabor.com\/blog\/wp-content\/uploads\/2019\/08\/d529a817ead590f9d7bd5c66b3f196fa-330x220.jpg 330w, https:\/\/destinoysabor.com\/blog\/wp-content\/uploads\/2019\/08\/d529a817ead590f9d7bd5c66b3f196fa-296x197.jpg 296w\" sizes=\"(max-width: 640px) 100vw, 640px\" \/><p id=\"caption-attachment-4244\" class=\"wp-caption-text\">Parte posterior de la Catedral de M\u00e1laga<\/p><\/div>\n<p><strong>Se inici\u00f3 la construcci\u00f3n a inicios del siglo XVI<\/strong>, en un estilo g\u00f3tico tard\u00edo, pero en seguida se replante\u00f3 el conjunto en un estilo m\u00e1s de la \u00e9poca del renacimiento. Por problemas econ\u00f3micos a\u00fan no resueltos, en el siglo XVIII se par\u00f3 su construcci\u00f3n quedando en un estado inconcluso.<\/p>\n<div id=\"attachment_4247\" style=\"width: 650px\" class=\"wp-caption aligncenter\"><img decoding=\"async\" aria-describedby=\"caption-attachment-4247\" src=\"https:\/\/destinoysabor.com\/blog\/wp-content\/uploads\/2019\/08\/ce6a2291e322069ae8a0a1ff4ea25abf.jpg\" alt=\"Catedral inconclusa de M\u00e1laga\" width=\"640\" height=\"427\" class=\"size-full wp-image-4247\" srcset=\"https:\/\/destinoysabor.com\/blog\/wp-content\/uploads\/2019\/08\/ce6a2291e322069ae8a0a1ff4ea25abf.jpg 640w, https:\/\/destinoysabor.com\/blog\/wp-content\/uploads\/2019\/08\/ce6a2291e322069ae8a0a1ff4ea25abf-300x200.jpg 300w, https:\/\/destinoysabor.com\/blog\/wp-content\/uploads\/2019\/08\/ce6a2291e322069ae8a0a1ff4ea25abf-330x220.jpg 330w, https:\/\/destinoysabor.com\/blog\/wp-content\/uploads\/2019\/08\/ce6a2291e322069ae8a0a1ff4ea25abf-296x197.jpg 296w\" sizes=\"(max-width: 640px) 100vw, 640px\" \/><p id=\"caption-attachment-4247\" class=\"wp-caption-text\">Catedral de M\u00e1laga<\/p><\/div>\n<p>Este hecho es muy patente en <strong>la falta de una torre campanario, su no rematada espada\u00f1a, y el conjunto escult\u00f3rico<\/strong> (entre otros). Pero pese a esto, su interior est\u00e1 casi acabado, logrando ser el segundo templo de mayor altura de sus b\u00f3vedas.<\/p>\n<p>Los techos nunca se acabaron del todo por lo que ha arrastrado problemas desde su consagraci\u00f3n, <strong>pero hace unos a\u00f1os finalmente se acometieron unos trabajos de urgencia que estabilizaron la construcci\u00f3n y la hicieron visitable por su parte superior<\/strong>, transformando estas vistas en un atractivo m\u00e1s de la iglesia.<\/p>\n<div id=\"attachment_4241\" style=\"width: 650px\" class=\"wp-caption aligncenter\"><img decoding=\"async\" aria-describedby=\"caption-attachment-4241\" src=\"https:\/\/destinoysabor.com\/blog\/wp-content\/uploads\/2019\/08\/0064a7be68635eef985b8ed41622426c.jpg\" alt=\"Interior de la Catedral de M\u00e1laga\" width=\"640\" height=\"427\" class=\"size-full wp-image-4241\" srcset=\"https:\/\/destinoysabor.com\/blog\/wp-content\/uploads\/2019\/08\/0064a7be68635eef985b8ed41622426c.jpg 640w, https:\/\/destinoysabor.com\/blog\/wp-content\/uploads\/2019\/08\/0064a7be68635eef985b8ed41622426c-300x200.jpg 300w, https:\/\/destinoysabor.com\/blog\/wp-content\/uploads\/2019\/08\/0064a7be68635eef985b8ed41622426c-330x220.jpg 330w, https:\/\/destinoysabor.com\/blog\/wp-content\/uploads\/2019\/08\/0064a7be68635eef985b8ed41622426c-296x197.jpg 296w\" sizes=\"(max-width: 640px) 100vw, 640px\" \/><p id=\"caption-attachment-4241\" class=\"wp-caption-text\">Interior de la Catedral de M\u00e1laga<\/p><\/div>\n<h2>Paseando por M\u00e1laga<\/h2>\n<p>Saliendo de la Catedral por la puerta principal, <strong>te deja de una bella estampa<\/strong>. Estas en la Plaza del Obispo. Todo el entorno es precioso.<\/p>\n<div id=\"attachment_4232\" style=\"width: 650px\" class=\"wp-caption aligncenter\"><img decoding=\"async\" aria-describedby=\"caption-attachment-4232\" src=\"https:\/\/destinoysabor.com\/blog\/wp-content\/uploads\/2019\/08\/eef8757bc550df01f840d9bedd43eee6.jpg\" alt=\"Plaza de Obispo de M\u00e1laga\" width=\"640\" height=\"360\" class=\"size-full wp-image-4232\" srcset=\"https:\/\/destinoysabor.com\/blog\/wp-content\/uploads\/2019\/08\/eef8757bc550df01f840d9bedd43eee6.jpg 640w, https:\/\/destinoysabor.com\/blog\/wp-content\/uploads\/2019\/08\/eef8757bc550df01f840d9bedd43eee6-300x169.jpg 300w, https:\/\/destinoysabor.com\/blog\/wp-content\/uploads\/2019\/08\/eef8757bc550df01f840d9bedd43eee6-330x186.jpg 330w\" sizes=\"(max-width: 640px) 100vw, 640px\" \/><p id=\"caption-attachment-4232\" class=\"wp-caption-text\">Plaza de Obispo de M\u00e1laga<\/p><\/div>\n<p>Como no tenemos mucho tiempo, <strong>iremos muy r\u00e1pido a buscar algunos de los lugares imprescindibles<\/strong>. Para buscar el Paseo de Larios, famoso por su decoraci\u00f3n en navidades. Pero antes, nos desviamos un poco para pasar por el Pasaje Chinitas.<\/p>\n<h3>Pasaje Chinitas<\/h3>\n<p>Este pasaje es <strong>un cruce de calles estrechas que forman una cruz<\/strong>. Tiene un <strong>aire bohemio<\/strong>, aunque igual de noche no es muy atractivo. En el encuentro de las cuatro calles, se abre una plazoleta peque\u00f1a, pero muy bonita. Es un buen sitio donde tomarse algo en alguno de los caf\u00e9s.<\/p>\n<div id=\"attachment_4245\" style=\"width: 650px\" class=\"wp-caption aligncenter\"><img decoding=\"async\" aria-describedby=\"caption-attachment-4245\" src=\"https:\/\/destinoysabor.com\/blog\/wp-content\/uploads\/2019\/08\/Pasaje-Chinitas.jpg\" alt=\"Pasaje Chinitas\" width=\"640\" height=\"426\" class=\"size-full wp-image-4245\" srcset=\"https:\/\/destinoysabor.com\/blog\/wp-content\/uploads\/2019\/08\/Pasaje-Chinitas.jpg 640w, https:\/\/destinoysabor.com\/blog\/wp-content\/uploads\/2019\/08\/Pasaje-Chinitas-300x200.jpg 300w, https:\/\/destinoysabor.com\/blog\/wp-content\/uploads\/2019\/08\/Pasaje-Chinitas-330x220.jpg 330w, https:\/\/destinoysabor.com\/blog\/wp-content\/uploads\/2019\/08\/Pasaje-Chinitas-296x197.jpg 296w\" sizes=\"(max-width: 640px) 100vw, 640px\" \/><p id=\"caption-attachment-4245\" class=\"wp-caption-text\">Pasaje Chinitas<\/p><\/div>\n<p>Este pasaje y callejuelas <strong>se popularizaron antes de la Guerra Civil por ser un lugar al que cant\u00f3 Federico Garc\u00eda Lorca<\/strong>.<\/p>\n<p>La salida de este pasaje <strong>desemboca en la Plaza de la Constituci\u00f3n<\/strong>. Para ello se atraviesa un arco que es uno de los restos de un convento de Carmelitas Descalzas.<\/p>\n<h3>Pasear por la Calle Larios<\/h3>\n<p>Esta calle es <strong>uno de los paseos m\u00e1s famosos de M\u00e1laga<\/strong>, ya que es un eje que atraviesa la ciudad norte sur. Une la Plaza de la Constituci\u00f3n con la Plaza de la Marina, ya en el Paseo mar\u00edtimo.<\/p>\n<div id=\"attachment_4246\" style=\"width: 650px\" class=\"wp-caption aligncenter\"><img decoding=\"async\" aria-describedby=\"caption-attachment-4246\" src=\"https:\/\/destinoysabor.com\/blog\/wp-content\/uploads\/2019\/08\/Calle-de-Larios.jpg\" alt=\"Calle de Larios\" width=\"640\" height=\"427\" class=\"size-full wp-image-4246\" srcset=\"https:\/\/destinoysabor.com\/blog\/wp-content\/uploads\/2019\/08\/Calle-de-Larios.jpg 640w, https:\/\/destinoysabor.com\/blog\/wp-content\/uploads\/2019\/08\/Calle-de-Larios-300x200.jpg 300w, https:\/\/destinoysabor.com\/blog\/wp-content\/uploads\/2019\/08\/Calle-de-Larios-330x220.jpg 330w, https:\/\/destinoysabor.com\/blog\/wp-content\/uploads\/2019\/08\/Calle-de-Larios-296x197.jpg 296w\" sizes=\"(max-width: 640px) 100vw, 640px\" \/><p id=\"caption-attachment-4246\" class=\"wp-caption-text\">Calle de Larios<\/p><\/div>\n<p>Esta calle de corte decimon\u00f3nico <strong>es una calle muy comercial<\/strong>. Se hizo famoso hace unos a\u00f1os por la curiosa y atractiva decoraci\u00f3n navide\u00f1a con una iluminaci\u00f3n espectacular.<\/p>\n<h3>Plaza de la Marina<\/h3>\n<p>Es una plaza abierta muy bonita. Es <strong>un punto de encuentro ya que est\u00e1 en medio del Paseo Mar\u00edtimo y el Paseo de Larios<\/strong>. En su entorno hay varias zonas infantiles entre los parques y jardines entre la ciudad y el puerto de M\u00e1laga.<\/p>\n<div id=\"attachment_4231\" style=\"width: 650px\" class=\"wp-caption aligncenter\"><img decoding=\"async\" aria-describedby=\"caption-attachment-4231\" src=\"https:\/\/destinoysabor.com\/blog\/wp-content\/uploads\/2019\/08\/e9be917f0e5d7ff03abc50c79834f425.jpg\" alt=\"Plaza de la Marina de M\u00e1laga\" width=\"640\" height=\"427\" class=\"size-full wp-image-4231\" srcset=\"https:\/\/destinoysabor.com\/blog\/wp-content\/uploads\/2019\/08\/e9be917f0e5d7ff03abc50c79834f425.jpg 640w, https:\/\/destinoysabor.com\/blog\/wp-content\/uploads\/2019\/08\/e9be917f0e5d7ff03abc50c79834f425-300x200.jpg 300w, https:\/\/destinoysabor.com\/blog\/wp-content\/uploads\/2019\/08\/e9be917f0e5d7ff03abc50c79834f425-330x220.jpg 330w, https:\/\/destinoysabor.com\/blog\/wp-content\/uploads\/2019\/08\/e9be917f0e5d7ff03abc50c79834f425-296x197.jpg 296w\" sizes=\"(max-width: 640px) 100vw, 640px\" \/><p id=\"caption-attachment-4231\" class=\"wp-caption-text\">Plaza de la Marina de M\u00e1laga<\/p><\/div>\n<p>Hacia un lado, iremos hacia el Mercado de las Atarazanas. Y hacia el otro, iremos hacia la plaza de Toros.<\/p>\n<h3>Mercado de las Atarazanas<\/h3>\n<p>Esta palabra igual tan compleja <strong>es como se llamaban a los astilleros cubiertos que se dieron durante la baja edad media<\/strong> en la zona musulmana. Este Mercado de las Atarazanas <strong>cuenta con una puerta de estilo \u00e1rabe granadino, fue rescatada de las atarazanas nazar\u00edes del siglo XIV<\/strong>, aunque la actual estructura es de hierro fundido del siglo XIX, con grandes vidrieras coloreadas.<\/p>\n<div id=\"attachment_4239\" style=\"width: 650px\" class=\"wp-caption aligncenter\"><img decoding=\"async\" aria-describedby=\"caption-attachment-4239\" src=\"https:\/\/destinoysabor.com\/blog\/wp-content\/uploads\/2019\/08\/4c171f14cfce8ef57bd0422cd6e545a6.jpg\" alt=\"Mercado de las Atarazanas de M\u00e1laga\" width=\"640\" height=\"400\" class=\"size-full wp-image-4239\" srcset=\"https:\/\/destinoysabor.com\/blog\/wp-content\/uploads\/2019\/08\/4c171f14cfce8ef57bd0422cd6e545a6.jpg 640w, https:\/\/destinoysabor.com\/blog\/wp-content\/uploads\/2019\/08\/4c171f14cfce8ef57bd0422cd6e545a6-300x188.jpg 300w, https:\/\/destinoysabor.com\/blog\/wp-content\/uploads\/2019\/08\/4c171f14cfce8ef57bd0422cd6e545a6-330x206.jpg 330w\" sizes=\"(max-width: 640px) 100vw, 640px\" \/><p id=\"caption-attachment-4239\" class=\"wp-caption-text\">Mercado de las Atarazanas de M\u00e1laga<\/p><\/div>\n<p>En su interior <strong>se encuentra un mercado de abastos; o <em>la plaza<\/em><\/strong>, que tambi\u00e9n se da ese nombre en otros lugares. Como sab\u00e9is, nos gusta siempre darnos una vuelta por estos mercados, porque as\u00ed se toma el pulso a la gastronom\u00eda local. Pero en este caso, es que es adem\u00e1s muy hermoso.<\/p>\n<h3>Paseo de la Marina y Parque de M\u00e1laga<\/h3>\n<p>Este paseo es <strong>una amplia avenida que hace de paseo mar\u00edtimo al estar junto al puerto de M\u00e1laga<\/strong>. Tiene una gran superficie ajardinada siguiendo un esquema de jard\u00edn mediterr\u00e1neo, aunque con plantas tropicales. Se asienta sobre un terreno ganado al mar en el siglo XIX y en su interior encontr\u00e1is varias zonas con columpios y zonas infantiles.<\/p>\n<div id=\"attachment_4261\" style=\"width: 650px\" class=\"wp-caption aligncenter\"><img decoding=\"async\" aria-describedby=\"caption-attachment-4261\" src=\"https:\/\/destinoysabor.com\/blog\/wp-content\/uploads\/2019\/08\/401ca634a9c088c156b1652140ac645f.jpg\" alt=\"Parque de M\u00e1laga\" width=\"640\" height=\"400\" class=\"size-full wp-image-4261\" srcset=\"https:\/\/destinoysabor.com\/blog\/wp-content\/uploads\/2019\/08\/401ca634a9c088c156b1652140ac645f.jpg 640w, https:\/\/destinoysabor.com\/blog\/wp-content\/uploads\/2019\/08\/401ca634a9c088c156b1652140ac645f-300x188.jpg 300w, https:\/\/destinoysabor.com\/blog\/wp-content\/uploads\/2019\/08\/401ca634a9c088c156b1652140ac645f-330x206.jpg 330w\" sizes=\"(max-width: 640px) 100vw, 640px\" \/><p id=\"caption-attachment-4261\" class=\"wp-caption-text\">Parque de M\u00e1laga<\/p><\/div>\n<p>En su interior, tambi\u00e9n se encuentra <strong>un interesante conjunto de esculturas<\/strong> del siglo XIX y XX, as\u00ed como <strong>el Auditorio Eduardo Oc\u00f3n<\/strong>.<\/p>\n<h2>Camino a la Malagueta<\/h2>\n<p>Al finalizar la zona ajardinada, <strong>se llega casi a la Malagueta. Pero antes, nos volveremos a encontrar con el Ayuntamiento junto a los Jardines de Pedro Luis Alonso<\/strong> y un poco m\u00e1s adelante, con la plaza de Toros de M\u00e1laga.<\/p>\n<div id=\"attachment_4265\" style=\"width: 611px\" class=\"wp-caption aligncenter\"><img decoding=\"async\" aria-describedby=\"caption-attachment-4265\" src=\"https:\/\/destinoysabor.com\/blog\/wp-content\/uploads\/2019\/08\/0a610008569723bacf3237d7b5cdb358.jpg\" alt=\"Ayuntamiento de M\u00e1laga - Imagen de AndaluciaR\u00fastica\" width=\"601\" height=\"401\" class=\"size-full wp-image-4265\" srcset=\"https:\/\/destinoysabor.com\/blog\/wp-content\/uploads\/2019\/08\/0a610008569723bacf3237d7b5cdb358.jpg 601w, https:\/\/destinoysabor.com\/blog\/wp-content\/uploads\/2019\/08\/0a610008569723bacf3237d7b5cdb358-300x200.jpg 300w, https:\/\/destinoysabor.com\/blog\/wp-content\/uploads\/2019\/08\/0a610008569723bacf3237d7b5cdb358-330x220.jpg 330w, https:\/\/destinoysabor.com\/blog\/wp-content\/uploads\/2019\/08\/0a610008569723bacf3237d7b5cdb358-296x197.jpg 296w\" sizes=\"(max-width: 601px) 100vw, 601px\" \/><p id=\"caption-attachment-4265\" class=\"wp-caption-text\">Ayuntamiento de M\u00e1laga &#8211; Imagen de AndaluciaR\u00fastica<\/p><\/div>\n<h3>Jardines de Pedro Luis Alonso<\/h3>\n<p>Ya casi al final de los jardines del Parque de M\u00e1laga, llegamos a <strong>un edificio impresionante de corte neobarroco, pero con detalles marcadamente modernistas<\/strong>. Es el Ayuntamiento de M\u00e1laga. Junto a \u00e9l, se encuentra el edificio del Banco de Espa\u00f1a que forma un conjunto arquitect\u00f3nico interesante.<\/p>\n<div id=\"attachment_4256\" style=\"width: 610px\" class=\"wp-caption aligncenter\"><img decoding=\"async\" aria-describedby=\"caption-attachment-4256\" src=\"https:\/\/destinoysabor.com\/blog\/wp-content\/uploads\/2019\/08\/a5a233a16ac6c61933ac84f5925f6f9f.jpg\" alt=\"Jardines de Pedro Luis Alonso - Imagen de Gu\u00eda de M\u00e1laga\" width=\"600\" height=\"400\" class=\"size-full wp-image-4256\" srcset=\"https:\/\/destinoysabor.com\/blog\/wp-content\/uploads\/2019\/08\/a5a233a16ac6c61933ac84f5925f6f9f.jpg 600w, https:\/\/destinoysabor.com\/blog\/wp-content\/uploads\/2019\/08\/a5a233a16ac6c61933ac84f5925f6f9f-300x200.jpg 300w, https:\/\/destinoysabor.com\/blog\/wp-content\/uploads\/2019\/08\/a5a233a16ac6c61933ac84f5925f6f9f-330x220.jpg 330w, https:\/\/destinoysabor.com\/blog\/wp-content\/uploads\/2019\/08\/a5a233a16ac6c61933ac84f5925f6f9f-296x197.jpg 296w\" sizes=\"(max-width: 600px) 100vw, 600px\" \/><p id=\"caption-attachment-4256\" class=\"wp-caption-text\">Jardines de Pedro Luis Alonso &#8211; Imagen de Gu\u00eda de M\u00e1laga<\/p><\/div>\n<p>Los jardines frente al ayuntamiento <strong>son conocidos como de Pedro Luis Alonso<\/strong>, primer alcalde de M\u00e1laga tras la guerra civil. Este jard\u00edn tiene <strong>influencias francesas<\/strong> con trazados geom\u00e9tricos, pero <strong>con plantas m\u00e1s t\u00edpicas del mediterr\u00e1neo<\/strong>. Como naranjos, cipreses,..<\/p>\n<h4>La coracha<\/h4>\n<p>La Coracha es una prolongaci\u00f3n de un reciento defensivo para cerrar un posible acceso por v\u00eda acu\u00e1tica. La Alcazaba de M\u00e1laga pose\u00eda esta muralla que bajaba hasta el mar. <strong>Junto a esta cerca defensiva, se estableci\u00f3 un barrio de viviendas conocido como <em>La Coracha<\/em><\/strong>.<\/p>\n<p>De \u00e9l, <strong>no queda m\u00e1s que el nombre pues fue derribado y la zona reacondicionada<\/strong> como unos jardines y rampas que permite ascender por el monte de Gibralfaro.<\/p>\n<div id=\"attachment_4254\" style=\"width: 650px\" class=\"wp-caption aligncenter\"><img decoding=\"async\" aria-describedby=\"caption-attachment-4254\" src=\"https:\/\/destinoysabor.com\/blog\/wp-content\/uploads\/2019\/08\/d9f3024c2a0826b7fce32a28c3aeeeeb.jpg\" alt=\"Aspecto origianal del barrio de la Coracha - Imagen de TodoColecci\u00f3n\" width=\"640\" height=\"426\" class=\"size-full wp-image-4254\" srcset=\"https:\/\/destinoysabor.com\/blog\/wp-content\/uploads\/2019\/08\/d9f3024c2a0826b7fce32a28c3aeeeeb.jpg 640w, https:\/\/destinoysabor.com\/blog\/wp-content\/uploads\/2019\/08\/d9f3024c2a0826b7fce32a28c3aeeeeb-300x200.jpg 300w, https:\/\/destinoysabor.com\/blog\/wp-content\/uploads\/2019\/08\/d9f3024c2a0826b7fce32a28c3aeeeeb-330x220.jpg 330w, https:\/\/destinoysabor.com\/blog\/wp-content\/uploads\/2019\/08\/d9f3024c2a0826b7fce32a28c3aeeeeb-296x197.jpg 296w\" sizes=\"(max-width: 640px) 100vw, 640px\" \/><p id=\"caption-attachment-4254\" class=\"wp-caption-text\">Aspecto origianal del barrio de la Coracha &#8211; Imagen de TodoColecci\u00f3n<\/p><\/div>\n<h3>Plaza de Toros de M\u00e1laga de La Malagueta<\/h3>\n<p>Es <strong>una plaza de toros de estilo neom\u00fadejar<\/strong>, un estilo que se impuso durante el <strong>siglo XIX<\/strong> para estas construcciones. Se trata de <strong>una plaza de 1\u00aa Categor\u00eda<\/strong>, lo que habla de la importancia de este edificio en la cultura taurina.<\/p>\n<div id=\"attachment_4253\" style=\"width: 634px\" class=\"wp-caption aligncenter\"><img decoding=\"async\" aria-describedby=\"caption-attachment-4253\" src=\"https:\/\/destinoysabor.com\/blog\/wp-content\/uploads\/2019\/08\/Plaza-de-toros-de-la-Malagueta-Imagen-de-Diario-del-Sur.jpg\" alt=\"Plaza de toros de la Malagueta - Imagen de Diario del Sur\" width=\"624\" height=\"385\" class=\"size-full wp-image-4253\" srcset=\"https:\/\/destinoysabor.com\/blog\/wp-content\/uploads\/2019\/08\/Plaza-de-toros-de-la-Malagueta-Imagen-de-Diario-del-Sur.jpg 624w, https:\/\/destinoysabor.com\/blog\/wp-content\/uploads\/2019\/08\/Plaza-de-toros-de-la-Malagueta-Imagen-de-Diario-del-Sur-300x185.jpg 300w, https:\/\/destinoysabor.com\/blog\/wp-content\/uploads\/2019\/08\/Plaza-de-toros-de-la-Malagueta-Imagen-de-Diario-del-Sur-330x204.jpg 330w\" sizes=\"(max-width: 624px) 100vw, 624px\" \/><p id=\"caption-attachment-4253\" class=\"wp-caption-text\">Plaza de toros de la Malagueta &#8211; Imagen de Diario del Sur<\/p><\/div>\n<p>En su interior <strong>se encuentra el Museo Taurino Antonio Ord\u00f3\u00f1ez<\/strong>.<\/p>\n<h2>Playas de M\u00e1laga<\/h2>\n<p>Aunque no somos muy de sol y playa, <strong>entendemos que una buena playa urbana es un lujazo<\/strong>. Y es que los malague\u00f1os pueden presumir de playas, ya que cuentan con tres.<\/p>\n<h3>Playa de la Malagueta<\/h3>\n<p><strong>La m\u00e1s conocida<\/strong>, al ser la m\u00e1s c\u00e9ntrica. Es de aproximadamente kil\u00f3metro y medio y bastante anchura.<br \/>\n<div id=\"attachment_4252\" style=\"width: 650px\" class=\"wp-caption aligncenter\"><img decoding=\"async\" aria-describedby=\"caption-attachment-4252\" src=\"https:\/\/destinoysabor.com\/blog\/wp-content\/uploads\/2019\/08\/Playa-de-la-Malagueta.jpg\" alt=\"Playa de la Malagueta\" width=\"640\" height=\"427\" class=\"size-full wp-image-4252\" srcset=\"https:\/\/destinoysabor.com\/blog\/wp-content\/uploads\/2019\/08\/Playa-de-la-Malagueta.jpg 640w, https:\/\/destinoysabor.com\/blog\/wp-content\/uploads\/2019\/08\/Playa-de-la-Malagueta-300x200.jpg 300w, https:\/\/destinoysabor.com\/blog\/wp-content\/uploads\/2019\/08\/Playa-de-la-Malagueta-330x220.jpg 330w, https:\/\/destinoysabor.com\/blog\/wp-content\/uploads\/2019\/08\/Playa-de-la-Malagueta-296x197.jpg 296w\" sizes=\"(max-width: 640px) 100vw, 640px\" \/><p id=\"caption-attachment-4252\" class=\"wp-caption-text\">Playa de la Malagueta<\/p><\/div>\n<h3>Playa de la Caleta<\/h3>\n<p>Casi <strong>una continuaci\u00f3n de la anterior<\/strong>, ya que solo un espig\u00f3n las divide. Muy similar aunque algo m\u00e1s estrecha.<\/p>\n<h3>Playa de la Misericordia<\/h3>\n<p>Esta es una playa al suroeste de la ciudad. Sabemos c\u00f3mo es por fotos, pues <strong>no la llegamos a ver<\/strong>.<\/p>\n<h2>Museos de M\u00e1laga<\/h2>\n<p>Pero es que M\u00e1laga es m\u00e1s que sol y playa, aunque haya que hablar de ello. Como hemos visto <strong>posee un rico patrimonio hist\u00f3rico art\u00edstico. Pero tambi\u00e9n cultural <\/strong>con algunos museos de lo m\u00e1s interesantes.<\/p>\n<p>No tuvimos tiempo para visitarlos, pero por lo que nos han dicho la mayor parte de ellos son totalmente recomendables.<\/p>\n<h3>Museo Picasso<\/h3>\n<p>Sin duda, <strong>hay que empezar con este<\/strong>, pues esta fue la ciudad que vio nacer a este malague\u00f1o universal, Pablo Picasso. Est\u00e1 en <strong>un edificio renacentista del siglo XVI con piezas privadas de la familia de Picasso<\/strong>.<\/p>\n<div id=\"attachment_4260\" style=\"width: 650px\" class=\"wp-caption aligncenter\"><img decoding=\"async\" aria-describedby=\"caption-attachment-4260\" src=\"https:\/\/destinoysabor.com\/blog\/wp-content\/uploads\/2019\/08\/6edea7ad2f05a3f3777d237d0b8794f4.jpg\" alt=\"Museo Picasso de M\u00e1laga - Imagen del museo\" width=\"640\" height=\"375\" class=\"size-full wp-image-4260\" srcset=\"https:\/\/destinoysabor.com\/blog\/wp-content\/uploads\/2019\/08\/6edea7ad2f05a3f3777d237d0b8794f4.jpg 640w, https:\/\/destinoysabor.com\/blog\/wp-content\/uploads\/2019\/08\/6edea7ad2f05a3f3777d237d0b8794f4-300x176.jpg 300w, https:\/\/destinoysabor.com\/blog\/wp-content\/uploads\/2019\/08\/6edea7ad2f05a3f3777d237d0b8794f4-330x193.jpg 330w\" sizes=\"(max-width: 640px) 100vw, 640px\" \/><p id=\"caption-attachment-4260\" class=\"wp-caption-text\">Museo Picasso de M\u00e1laga &#8211; Imagen del museo<\/p><\/div>\n<h4>Horarios<\/h4>\n<p><strong>Julio y agosto<\/strong>: Todos los d\u00edas de 10:00 a 20:00 h<br \/>\n<strong>Septiembre y octubre<\/strong>: Todos los d\u00edas de 10:00 a 19:00 h<br \/>\n<strong>De noviembre a febrero<\/strong>: Todos los d\u00edas de 10:00 a 18:00 h<br \/>\n<strong>De marzo a junio<\/strong>: Todos los d\u00edas de 10:00 a 19:00 h<\/p>\n<h4>Precio de las entradas<\/h4>\n<p>Entrada <strong>general <\/strong>a la exposici\u00f3n permanente: 8 \u20ac\/persona. (reducida: 6 \u20ac\/persona).<br \/>\nEntrada a las <strong>exposiciones temporales<\/strong>: 6,50 \u20ac\/persona. (reducida:4 \u20ac\/persona).<br \/>\nEntrada <strong>combinada<\/strong>: 12 \u20ac\/persona. (reducida: 7 \u20ac\/persona).<\/p>\n<p>Existen visitas guiadas y visitas libres con audiogu\u00edas.<\/p>\n<h3>Museo de M\u00e1laga<\/h3>\n<p>El Museo de M\u00e1laga es <strong>la fusi\u00f3n del Museo de Bellas Artes de M\u00e1laga con el Museo Arqueol\u00f3gico Provincial de M\u00e1laga,<\/strong> Tiene su sede en el Palacio de la Aduana. Alberga un extenso cat\u00e1logo, con una de las mayores colecciones de pintura de Espa\u00f1a.<\/p>\n<div id=\"attachment_4258\" style=\"width: 650px\" class=\"wp-caption aligncenter\"><img decoding=\"async\" aria-describedby=\"caption-attachment-4258\" src=\"https:\/\/destinoysabor.com\/blog\/wp-content\/uploads\/2019\/08\/6e0b06e5c671798b85b1d5759dbcb30d.jpg\" alt=\"Museo de M\u00e1laga\" width=\"640\" height=\"531\" class=\"size-full wp-image-4258\" srcset=\"https:\/\/destinoysabor.com\/blog\/wp-content\/uploads\/2019\/08\/6e0b06e5c671798b85b1d5759dbcb30d.jpg 640w, https:\/\/destinoysabor.com\/blog\/wp-content\/uploads\/2019\/08\/6e0b06e5c671798b85b1d5759dbcb30d-300x249.jpg 300w, https:\/\/destinoysabor.com\/blog\/wp-content\/uploads\/2019\/08\/6e0b06e5c671798b85b1d5759dbcb30d-330x274.jpg 330w\" sizes=\"(max-width: 640px) 100vw, 640px\" \/><p id=\"caption-attachment-4258\" class=\"wp-caption-text\">Museo de M\u00e1laga<\/p><\/div>\n<h3>Museo Carmen Thyssen de M\u00e1laga<\/h3>\n<p>Se trata de <strong>una sucursal del Museo Thyssen de Madrid<\/strong>, pero con obras de <strong>la colecci\u00f3n personal de Carmen Cervera<\/strong>, actual baronesa Thyssen, de origen malague\u00f1o. Son obras pict\u00f3ricas espa\u00f1olas del siglo XIX y XX de cortes rom\u00e1ntico y costumbrista.<\/p>\n<div id=\"attachment_4257\" style=\"width: 650px\" class=\"wp-caption aligncenter\"><img decoding=\"async\" aria-describedby=\"caption-attachment-4257\" src=\"https:\/\/destinoysabor.com\/blog\/wp-content\/uploads\/2019\/08\/41b83f8dc5167092aca06bc55212e81e.jpg\" alt=\"Museo Carmen Thyssen M\u00e1laga - Imagen de la Cadena Ser\" width=\"640\" height=\"398\" class=\"size-full wp-image-4257\" srcset=\"https:\/\/destinoysabor.com\/blog\/wp-content\/uploads\/2019\/08\/41b83f8dc5167092aca06bc55212e81e.jpg 640w, https:\/\/destinoysabor.com\/blog\/wp-content\/uploads\/2019\/08\/41b83f8dc5167092aca06bc55212e81e-300x187.jpg 300w, https:\/\/destinoysabor.com\/blog\/wp-content\/uploads\/2019\/08\/41b83f8dc5167092aca06bc55212e81e-330x205.jpg 330w\" sizes=\"(max-width: 640px) 100vw, 640px\" \/><p id=\"caption-attachment-4257\" class=\"wp-caption-text\">Museo Carmen Thyssen M\u00e1laga &#8211; Imagen de la Cadena Ser<\/p><\/div>\n<h4>Horarios<\/h4>\n<p>Abierto de martes a domingo de 10:00 a 20:00 h.<\/p>\n<h4>Precio de las entradas<\/h4>\n<p>Entrada general: 10 \u20ac\/persona.<br \/>\nEntrada reducida: 6 \u20ac\/persona.<br \/>\nEspecial para grupos de m\u00e1s de 8 personas, 8 \u20ac\/persona.<\/p>\n<h3>Museo del autom\u00f3vil<\/h3>\n<p><strong>Un curioso museo dedicado al autom\u00f3vil <\/strong>con piezas de veh\u00edculos cl\u00e1sicos de inicios de la automoci\u00f3n. Posee <strong>m\u00e1s de 90 veh\u00edculos completos<\/strong>; adem\u00e1s de se\u00f1ales y piezas relacionadas con el mundo de la automoci\u00f3n. Otro a\u00f1adido de inter\u00e9s es que se encuentra en una vieja f\u00e1brica de tabaco.<\/p>\n<div id=\"attachment_4259\" style=\"width: 650px\" class=\"wp-caption aligncenter\"><img decoding=\"async\" aria-describedby=\"caption-attachment-4259\" src=\"https:\/\/destinoysabor.com\/blog\/wp-content\/uploads\/2019\/08\/6ef7e8766c1e86205525640089ce5a71.jpg\" alt=\"Museo del autom\u00f3vil - Imagen del museo\" width=\"640\" height=\"427\" class=\"size-full wp-image-4259\" srcset=\"https:\/\/destinoysabor.com\/blog\/wp-content\/uploads\/2019\/08\/6ef7e8766c1e86205525640089ce5a71.jpg 640w, https:\/\/destinoysabor.com\/blog\/wp-content\/uploads\/2019\/08\/6ef7e8766c1e86205525640089ce5a71-300x200.jpg 300w, https:\/\/destinoysabor.com\/blog\/wp-content\/uploads\/2019\/08\/6ef7e8766c1e86205525640089ce5a71-330x220.jpg 330w, https:\/\/destinoysabor.com\/blog\/wp-content\/uploads\/2019\/08\/6ef7e8766c1e86205525640089ce5a71-296x197.jpg 296w\" sizes=\"(max-width: 640px) 100vw, 640px\" \/><p id=\"caption-attachment-4259\" class=\"wp-caption-text\">Museo del autom\u00f3vil &#8211; Imagen del museo<\/p><\/div>\n<h4>Horarios<\/h4>\n<p>Abierto en general de <strong>lunes a domingo<\/strong>, de 10:00 a 19:00 horas.<br \/>\nLa taquilla permanecer\u00e1 abierta hasta media hora antes del cierre del Museo.<\/p>\n<h4>Precio de las entradas<\/h4>\n<p>Entrada <strong>general<\/strong>: 9 \u20ac\/persona.<br \/>\nEntrada <strong>reducida<\/strong>: 5 \u20ac\/persona.<\/p>\n<h3>Centre Pompidou M\u00e1laga<\/h3>\n<p>Es una <strong>sucursal del Centre Pompidou de Par\u00eds<\/strong>. Est\u00e1 en un edificio conocido como \u00abEl Cubo\u00bb. Su colecci\u00f3n se compone de obras de Frida Khalo, Picasso, Bacon, Magritte, Leger, Max Ernst, de Chirico, Giacometti, Brancusi, Marc Chagall, Julio Gonz\u00e1lez, Joan Mir\u00f3 o Antoni T\u00e1pies, entre otros.<\/p>\n<div id=\"attachment_4255\" style=\"width: 650px\" class=\"wp-caption aligncenter\"><img decoding=\"async\" aria-describedby=\"caption-attachment-4255\" src=\"https:\/\/destinoysabor.com\/blog\/wp-content\/uploads\/2019\/08\/f17e0010f99fffe85f1353e0346f52e7.jpg\" alt=\"Centre Pompidou M\u00e1laga - Imagen de la Fundaci\u00f3n Cruzcampo\" width=\"640\" height=\"427\" class=\"size-full wp-image-4255\" srcset=\"https:\/\/destinoysabor.com\/blog\/wp-content\/uploads\/2019\/08\/f17e0010f99fffe85f1353e0346f52e7.jpg 640w, https:\/\/destinoysabor.com\/blog\/wp-content\/uploads\/2019\/08\/f17e0010f99fffe85f1353e0346f52e7-300x200.jpg 300w, https:\/\/destinoysabor.com\/blog\/wp-content\/uploads\/2019\/08\/f17e0010f99fffe85f1353e0346f52e7-330x220.jpg 330w, https:\/\/destinoysabor.com\/blog\/wp-content\/uploads\/2019\/08\/f17e0010f99fffe85f1353e0346f52e7-296x197.jpg 296w\" sizes=\"(max-width: 640px) 100vw, 640px\" \/><p id=\"caption-attachment-4255\" class=\"wp-caption-text\">Centre Pompidou M\u00e1laga &#8211; Imagen de la Fundaci\u00f3n Cruzcampo<\/p><\/div>\n<p>Sin duda, existen much\u00edsimos m\u00e1s museos, a cual m\u00e1s interesante, como <strong>el Museo de Arte Contempor\u00e1neo, el Museo del Vidrio y el Cristal, el Museo de la M\u00fasica o el Museo del vino de M\u00e1laga<\/strong>. Estos los tendr\u00e9is que ir descubriendo vosotros.<\/p>\n<p>Y como veis, M\u00e1laga es <strong>una ciudad que puede conquistarte el coraz\u00f3n<\/strong>, pues aunque no lo parezca por ser la capital de la Costa del Sol, es una maravilla llena de <strong>muchos m\u00e1s encantos que el mero turismo de Sol y Playa<\/strong>.<\/p>\n<p> \u00bfLo conoc\u00edas? \u00bfHab\u00e9is estado alguna vez? <strong>Nosotros tendremos que regresar, porque sabemos que hay muchas cosas a\u00fan por ver;<\/strong> \u00bfQu\u00e9 m\u00e1s cosas nos sugerir\u00edas para otra experiencia de visita a M\u00e1laga, la perla de la Costa del Sol?<\/p>\n<p><font size=\"2\"><strong>Nota:<\/strong> Imagen de portada de Visita a M\u00e1laga, cortes\u00eda de <a href=\"https:\/\/www.guiarepsol.com\/es\/fichas\/monumento\/teatro-romano-17166\/\" rel=\"noopener nofollow noreferrer\" target=\"_blank\">Gu\u00edas Repsol<\/a>.<\/font><\/p>\n<h4>Tambi\u00e9n te puede interesar<\/h4>\n<ul>\n<li><a href=\"https:\/\/destinoysabor.com\/blog\/recorriendo-las-costas-de-cadiz\/\">Las costas de C\u00e1diz, de Tartessos a Atl\u00e1ntida<\/a>.<\/li>\n<li><a href=\"https:\/\/destinoysabor.com\/blog\/rutas-por-sierra-nevada\/\">Senderismo de verano en Sierra Nevada, descubre las rutas de fusi\u00f3n<\/a>.<\/li>\n<li><a href=\"https:\/\/destinoysabor.com\/blog\/turismo-alternativo-en-torrevieja\/\">Turismo alternativo en Torrevieja<\/a>.<\/li>\n<\/ul>\n","protected":false},"excerpt":{"rendered":"<p>Te contamos una visita r\u00e1pida a M\u00e1laga, aunque es una ciudad que merece dedicarse varios d\u00edas y disfrutar de sus muchos encantos; que son mucho m\u00e1s que solo sol y playa. \u00bfLa conoces?<\/p>\n","protected":false},"author":8,"featured_media":4267,"comment_status":"open","ping_status":"closed","sticky":false,"template":"","format":"standard","meta":{"rop_custom_images_group":[],"rop_custom_messages_group":[],"rop_publish_now":"initial","rop_publish_now_accounts":{"twitter_3437733573_3437733573":""},"rop_publish_now_history":[],"rop_publish_now_status":"pending","footnotes":""},"categories":[1,17,19,169,111],"tags":[600,601,602],"class_list":["post-4219","post","type-post","status-publish","format-standard","has-post-thumbnail","hentry","category-actualidad-del-turismo-gastronomico","category-andalucia","category-espana","category-planes-familiares","category-planes-turisticos","tag-andalucia","tag-malaga","tag-visita-rapida"],"yoast_head":"<!-- This site is optimized with the Yoast SEO plugin v26.5 - https:\/\/yoast.com\/wordpress\/plugins\/seo\/ -->\n<title>Visita a M\u00e1laga, la perla del mediterr\u00e1neo occidental - Destino y Sabor<\/title>\n<meta name=\"description\" content=\"Te contamos una visita r\u00e1pida a M\u00e1laga, aunque es una ciudad que merece dedicarse varios d\u00edas y disfrutar de sus muchos encantos\" \/>\n<meta name=\"robots\" content=\"index, follow, max-snippet:-1, max-image-preview:large, max-video-preview:-1\" \/>\n<link rel=\"canonical\" href=\"https:\/\/destinoysabor.com\/blog\/visita-a-malaga\/\" \/>\n<meta property=\"og:locale\" content=\"es_ES\" \/>\n<meta property=\"og:type\" content=\"article\" \/>\n<meta property=\"og:title\" content=\"Visita a M\u00e1laga, la perla del mediterr\u00e1neo occidental - Destino y Sabor\" \/>\n<meta property=\"og:description\" content=\"Te contamos una visita r\u00e1pida a M\u00e1laga, aunque es una ciudad que merece dedicarse varios d\u00edas y disfrutar de sus muchos encantos; que son mucho m\u00e1s que solo sol y playa. \u00bfLa conoces?\" \/>\n<meta property=\"og:url\" content=\"https:\/\/destinoysabor.com\/blog\/visita-a-malaga\/\" \/>\n<meta property=\"og:site_name\" content=\"Destino y Sabor\" \/>\n<meta property=\"article:publisher\" content=\"https:\/\/www.facebook.com\/destinoysabor\/\" \/>\n<meta property=\"article:published_time\" content=\"2019-08-23T04:43:18+00:00\" \/>\n<meta property=\"article:modified_time\" content=\"2019-08-23T08:29:30+00:00\" \/>\n<meta property=\"og:image\" content=\"https:\/\/destinoysabor.com\/blog\/wp-content\/uploads\/2019\/08\/bac0eb1a1bc0f216418dc529f254dcb3.jpg\" \/>\n\t<meta property=\"og:image:width\" content=\"1000\" \/>\n\t<meta property=\"og:image:height\" content=\"469\" \/>\n\t<meta property=\"og:image:type\" content=\"image\/jpeg\" \/>\n<meta name=\"author\" content=\"Equipo de Redacci\u00f3n\" \/>\n<meta name=\"twitter:card\" content=\"summary_large_image\" \/>\n<meta name=\"twitter:title\" content=\"Visita a M\u00e1laga, la perla del mediterr\u00e1neo occidental - Destino y Sabor\" \/>\n<meta name=\"twitter:description\" content=\"Te contamos una visita r\u00e1pida a M\u00e1laga, aunque es una ciudad que merece dedicarse varios d\u00edas y disfrutar de sus muchos encantos; que son mucho m\u00e1s que solo sol y playa. \u00bfLa conoces?\" \/>\n<meta name=\"twitter:creator\" content=\"@Destino_Sabor\" \/>\n<meta name=\"twitter:site\" content=\"@Destino_Sabor\" \/>\n<meta name=\"twitter:label1\" content=\"Escrito por\" \/>\n\t<meta name=\"twitter:data1\" content=\"Equipo de Redacci\u00f3n\" \/>\n\t<meta name=\"twitter:label2\" content=\"Tiempo de lectura\" \/>\n\t<meta name=\"twitter:data2\" content=\"17 minutos\" \/>\n<script type=\"application\/ld+json\" class=\"yoast-schema-graph\">{\"@context\":\"https:\/\/schema.org\",\"@graph\":[{\"@type\":\"WebPage\",\"@id\":\"https:\/\/destinoysabor.com\/blog\/visita-a-malaga\/\",\"url\":\"https:\/\/destinoysabor.com\/blog\/visita-a-malaga\/\",\"name\":\"Visita a M\u00e1laga, la perla del mediterr\u00e1neo occidental - Destino y Sabor\",\"isPartOf\":{\"@id\":\"https:\/\/destinoysabor.com\/blog\/#website\"},\"primaryImageOfPage\":{\"@id\":\"https:\/\/destinoysabor.com\/blog\/visita-a-malaga\/#primaryimage\"},\"image\":{\"@id\":\"https:\/\/destinoysabor.com\/blog\/visita-a-malaga\/#primaryimage\"},\"thumbnailUrl\":\"https:\/\/destinoysabor.com\/blog\/wp-content\/uploads\/2019\/08\/bac0eb1a1bc0f216418dc529f254dcb3.jpg\",\"datePublished\":\"2019-08-23T04:43:18+00:00\",\"dateModified\":\"2019-08-23T08:29:30+00:00\",\"author\":{\"@id\":\"https:\/\/destinoysabor.com\/blog\/#\/schema\/person\/ef46ed08f9b7dd9fc20573c9f373fff6\"},\"description\":\"Te contamos una visita r\u00e1pida a M\u00e1laga, aunque es una ciudad que merece dedicarse varios d\u00edas y disfrutar de sus muchos encantos\",\"breadcrumb\":{\"@id\":\"https:\/\/destinoysabor.com\/blog\/visita-a-malaga\/#breadcrumb\"},\"inLanguage\":\"es\",\"potentialAction\":[{\"@type\":\"ReadAction\",\"target\":[\"https:\/\/destinoysabor.com\/blog\/visita-a-malaga\/\"]}]},{\"@type\":\"ImageObject\",\"inLanguage\":\"es\",\"@id\":\"https:\/\/destinoysabor.com\/blog\/visita-a-malaga\/#primaryimage\",\"url\":\"https:\/\/destinoysabor.com\/blog\/wp-content\/uploads\/2019\/08\/bac0eb1a1bc0f216418dc529f254dcb3.jpg\",\"contentUrl\":\"https:\/\/destinoysabor.com\/blog\/wp-content\/uploads\/2019\/08\/bac0eb1a1bc0f216418dc529f254dcb3.jpg\",\"width\":1000,\"height\":469,\"caption\":\"Visita a M\u00e1laga\"},{\"@type\":\"BreadcrumbList\",\"@id\":\"https:\/\/destinoysabor.com\/blog\/visita-a-malaga\/#breadcrumb\",\"itemListElement\":[{\"@type\":\"ListItem\",\"position\":1,\"name\":\"Portada\",\"item\":\"https:\/\/destinoysabor.com\/blog\/\"},{\"@type\":\"ListItem\",\"position\":2,\"name\":\"Visita a M\u00e1laga, la perla del mediterr\u00e1neo occidental\"}]},{\"@type\":\"WebSite\",\"@id\":\"https:\/\/destinoysabor.com\/blog\/#website\",\"url\":\"https:\/\/destinoysabor.com\/blog\/\",\"name\":\"Destino y Sabor\",\"description\":\"los mejores planes para foodies y winelovers\",\"potentialAction\":[{\"@type\":\"SearchAction\",\"target\":{\"@type\":\"EntryPoint\",\"urlTemplate\":\"https:\/\/destinoysabor.com\/blog\/?s={search_term_string}\"},\"query-input\":{\"@type\":\"PropertyValueSpecification\",\"valueRequired\":true,\"valueName\":\"search_term_string\"}}],\"inLanguage\":\"es\"},{\"@type\":\"Person\",\"@id\":\"https:\/\/destinoysabor.com\/blog\/#\/schema\/person\/ef46ed08f9b7dd9fc20573c9f373fff6\",\"name\":\"Equipo de Redacci\u00f3n\",\"image\":{\"@type\":\"ImageObject\",\"inLanguage\":\"es\",\"@id\":\"https:\/\/destinoysabor.com\/blog\/#\/schema\/person\/image\/\",\"url\":\"https:\/\/secure.gravatar.com\/avatar\/1bd82ae362a0e7b6e8693df0ac62adbf630f5ae137623cf28552a4141e0b996a?s=96&r=g\",\"contentUrl\":\"https:\/\/secure.gravatar.com\/avatar\/1bd82ae362a0e7b6e8693df0ac62adbf630f5ae137623cf28552a4141e0b996a?s=96&r=g\",\"caption\":\"Equipo de Redacci\u00f3n\"},\"sameAs\":[\"https:\/\/destinoysabor.com\/blog\"],\"url\":\"https:\/\/destinoysabor.com\/blog\/author\/equipo-de-redaccion\/\"}]}<\/script>\n<!-- \/ Yoast SEO plugin. -->","yoast_head_json":{"title":"Visita a M\u00e1laga, la perla del mediterr\u00e1neo occidental - Destino y Sabor","description":"Te contamos una visita r\u00e1pida a M\u00e1laga, aunque es una ciudad que merece dedicarse varios d\u00edas y disfrutar de sus muchos encantos","robots":{"index":"index","follow":"follow","max-snippet":"max-snippet:-1","max-image-preview":"max-image-preview:large","max-video-preview":"max-video-preview:-1"},"canonical":"https:\/\/destinoysabor.com\/blog\/visita-a-malaga\/","og_locale":"es_ES","og_type":"article","og_title":"Visita a M\u00e1laga, la perla del mediterr\u00e1neo occidental - Destino y Sabor","og_description":"Te contamos una visita r\u00e1pida a M\u00e1laga, aunque es una ciudad que merece dedicarse varios d\u00edas y disfrutar de sus muchos encantos; que son mucho m\u00e1s que solo sol y playa. \u00bfLa conoces?","og_url":"https:\/\/destinoysabor.com\/blog\/visita-a-malaga\/","og_site_name":"Destino y Sabor","article_publisher":"https:\/\/www.facebook.com\/destinoysabor\/","article_published_time":"2019-08-23T04:43:18+00:00","article_modified_time":"2019-08-23T08:29:30+00:00","og_image":[{"width":1000,"height":469,"url":"https:\/\/destinoysabor.com\/blog\/wp-content\/uploads\/2019\/08\/bac0eb1a1bc0f216418dc529f254dcb3.jpg","type":"image\/jpeg"}],"author":"Equipo de Redacci\u00f3n","twitter_card":"summary_large_image","twitter_title":"Visita a M\u00e1laga, la perla del mediterr\u00e1neo occidental - Destino y Sabor","twitter_description":"Te contamos una visita r\u00e1pida a M\u00e1laga, aunque es una ciudad que merece dedicarse varios d\u00edas y disfrutar de sus muchos encantos; que son mucho m\u00e1s que solo sol y playa. \u00bfLa conoces?","twitter_creator":"@Destino_Sabor","twitter_site":"@Destino_Sabor","twitter_misc":{"Escrito por":"Equipo de Redacci\u00f3n","Tiempo de lectura":"17 minutos"},"schema":{"@context":"https:\/\/schema.org","@graph":[{"@type":"WebPage","@id":"https:\/\/destinoysabor.com\/blog\/visita-a-malaga\/","url":"https:\/\/destinoysabor.com\/blog\/visita-a-malaga\/","name":"Visita a M\u00e1laga, la perla del mediterr\u00e1neo occidental - Destino y Sabor","isPartOf":{"@id":"https:\/\/destinoysabor.com\/blog\/#website"},"primaryImageOfPage":{"@id":"https:\/\/destinoysabor.com\/blog\/visita-a-malaga\/#primaryimage"},"image":{"@id":"https:\/\/destinoysabor.com\/blog\/visita-a-malaga\/#primaryimage"},"thumbnailUrl":"https:\/\/destinoysabor.com\/blog\/wp-content\/uploads\/2019\/08\/bac0eb1a1bc0f216418dc529f254dcb3.jpg","datePublished":"2019-08-23T04:43:18+00:00","dateModified":"2019-08-23T08:29:30+00:00","author":{"@id":"https:\/\/destinoysabor.com\/blog\/#\/schema\/person\/ef46ed08f9b7dd9fc20573c9f373fff6"},"description":"Te contamos una visita r\u00e1pida a M\u00e1laga, aunque es una ciudad que merece dedicarse varios d\u00edas y disfrutar de sus muchos encantos","breadcrumb":{"@id":"https:\/\/destinoysabor.com\/blog\/visita-a-malaga\/#breadcrumb"},"inLanguage":"es","potentialAction":[{"@type":"ReadAction","target":["https:\/\/destinoysabor.com\/blog\/visita-a-malaga\/"]}]},{"@type":"ImageObject","inLanguage":"es","@id":"https:\/\/destinoysabor.com\/blog\/visita-a-malaga\/#primaryimage","url":"https:\/\/destinoysabor.com\/blog\/wp-content\/uploads\/2019\/08\/bac0eb1a1bc0f216418dc529f254dcb3.jpg","contentUrl":"https:\/\/destinoysabor.com\/blog\/wp-content\/uploads\/2019\/08\/bac0eb1a1bc0f216418dc529f254dcb3.jpg","width":1000,"height":469,"caption":"Visita a M\u00e1laga"},{"@type":"BreadcrumbList","@id":"https:\/\/destinoysabor.com\/blog\/visita-a-malaga\/#breadcrumb","itemListElement":[{"@type":"ListItem","position":1,"name":"Portada","item":"https:\/\/destinoysabor.com\/blog\/"},{"@type":"ListItem","position":2,"name":"Visita a M\u00e1laga, la perla del mediterr\u00e1neo occidental"}]},{"@type":"WebSite","@id":"https:\/\/destinoysabor.com\/blog\/#website","url":"https:\/\/destinoysabor.com\/blog\/","name":"Destino y Sabor","description":"los mejores planes para foodies y winelovers","potentialAction":[{"@type":"SearchAction","target":{"@type":"EntryPoint","urlTemplate":"https:\/\/destinoysabor.com\/blog\/?s={search_term_string}"},"query-input":{"@type":"PropertyValueSpecification","valueRequired":true,"valueName":"search_term_string"}}],"inLanguage":"es"},{"@type":"Person","@id":"https:\/\/destinoysabor.com\/blog\/#\/schema\/person\/ef46ed08f9b7dd9fc20573c9f373fff6","name":"Equipo de Redacci\u00f3n","image":{"@type":"ImageObject","inLanguage":"es","@id":"https:\/\/destinoysabor.com\/blog\/#\/schema\/person\/image\/","url":"https:\/\/secure.gravatar.com\/avatar\/1bd82ae362a0e7b6e8693df0ac62adbf630f5ae137623cf28552a4141e0b996a?s=96&r=g","contentUrl":"https:\/\/secure.gravatar.com\/avatar\/1bd82ae362a0e7b6e8693df0ac62adbf630f5ae137623cf28552a4141e0b996a?s=96&r=g","caption":"Equipo de Redacci\u00f3n"},"sameAs":["https:\/\/destinoysabor.com\/blog"],"url":"https:\/\/destinoysabor.com\/blog\/author\/equipo-de-redaccion\/"}]}},"jetpack_featured_media_url":"https:\/\/destinoysabor.com\/blog\/wp-content\/uploads\/2019\/08\/bac0eb1a1bc0f216418dc529f254dcb3.jpg","_links":{"self":[{"href":"https:\/\/destinoysabor.com\/blog\/wp-json\/wp\/v2\/posts\/4219","targetHints":{"allow":["GET"]}}],"collection":[{"href":"https:\/\/destinoysabor.com\/blog\/wp-json\/wp\/v2\/posts"}],"about":[{"href":"https:\/\/destinoysabor.com\/blog\/wp-json\/wp\/v2\/types\/post"}],"author":[{"embeddable":true,"href":"https:\/\/destinoysabor.com\/blog\/wp-json\/wp\/v2\/users\/8"}],"replies":[{"embeddable":true,"href":"https:\/\/destinoysabor.com\/blog\/wp-json\/wp\/v2\/comments?post=4219"}],"version-history":[{"count":17,"href":"https:\/\/destinoysabor.com\/blog\/wp-json\/wp\/v2\/posts\/4219\/revisions"}],"predecessor-version":[{"id":4268,"href":"https:\/\/destinoysabor.com\/blog\/wp-json\/wp\/v2\/posts\/4219\/revisions\/4268"}],"wp:featuredmedia":[{"embeddable":true,"href":"https:\/\/destinoysabor.com\/blog\/wp-json\/wp\/v2\/media\/4267"}],"wp:attachment":[{"href":"https:\/\/destinoysabor.com\/blog\/wp-json\/wp\/v2\/media?parent=4219"}],"wp:term":[{"taxonomy":"category","embeddable":true,"href":"https:\/\/destinoysabor.com\/blog\/wp-json\/wp\/v2\/categories?post=4219"},{"taxonomy":"post_tag","embeddable":true,"href":"https:\/\/destinoysabor.com\/blog\/wp-json\/wp\/v2\/tags?post=4219"}],"curies":[{"name":"wp","href":"https:\/\/api.w.org\/{rel}","templated":true}]}}