{"id":4532,"date":"2019-11-08T06:15:26","date_gmt":"2019-11-08T06:15:26","guid":{"rendered":"https:\/\/destinoysabor.com\/blog\/?p=4532"},"modified":"2020-12-23T08:08:41","modified_gmt":"2020-12-23T08:08:41","slug":"el-cafe-de-la-opera-en-al-madrid-hotel-week","status":"publish","type":"post","link":"https:\/\/destinoysabor.com\/blog\/el-cafe-de-la-opera-en-al-madrid-hotel-week\/","title":{"rendered":"El Caf\u00e9 de la \u00d3pera en al Madrid Hotel Week"},"content":{"rendered":"<p>La semana que viene, si tienes la oportunidad de estar por Madrid, tienes la posibilidad de disfrutar adem\u00e1s de la gastronom\u00eda de la capital, una combinaci\u00f3n de m\u00fasica, gastronom\u00eda, cultura y ocio <strong>gracias al Madrid Hotel Week en el Caf\u00e9 de la \u00d3pera<\/strong>, el restaurante del Hotel \u00d3pera de Madrid.<\/p>\n<blockquote><p>Este espacio es famoso por ser uno de los establecimientos m\u00e1s l\u00edricos en el coraz\u00f3n de Madrid.<\/p><\/blockquote>\n<h2>Madrid Hotel Week<\/h2>\n<p>La semana que viene, <strong>del 11 al 17 de noviembre<\/strong>, Madrid se llenar\u00e1 de <strong>un sinf\u00edn de actividades con el objetivo de dar a conocer y poner en valor la buena oferta hostelera<\/strong> de la ciudad. <\/p>\n<div id=\"attachment_3010\" style=\"width: 650px\" class=\"wp-caption aligncenter\"><img decoding=\"async\" aria-describedby=\"caption-attachment-3010\" src=\"https:\/\/destinoysabor.com\/blog\/wp-content\/uploads\/2018\/09\/Plaza-mayor-de-Madrid-Destino-y-Sabor.jpg\" alt=\"Plaza mayor de Madrid - Destino y Sabor\" width=\"640\" height=\"400\" class=\"size-full wp-image-3010\" srcset=\"https:\/\/destinoysabor.com\/blog\/wp-content\/uploads\/2018\/09\/Plaza-mayor-de-Madrid-Destino-y-Sabor.jpg 640w, https:\/\/destinoysabor.com\/blog\/wp-content\/uploads\/2018\/09\/Plaza-mayor-de-Madrid-Destino-y-Sabor-300x188.jpg 300w, https:\/\/destinoysabor.com\/blog\/wp-content\/uploads\/2018\/09\/Plaza-mayor-de-Madrid-Destino-y-Sabor-330x206.jpg 330w\" sizes=\"(max-width: 640px) 100vw, 640px\" \/><p id=\"caption-attachment-3010\" class=\"wp-caption-text\">Plaza mayor de Madrid &#8211; Destino y Sabor<\/p><\/div>\n<p>La ciudad de <strong>Madrid llenar\u00e1 su agenda cultural y de ocio<\/strong>, a\u00fan m\u00e1s si cabe<\/p>\n<h3> El Caf\u00e9 de la \u00d3pera en al Madrid Hotel Week<\/h3>\n<p>Para ir abriendo boca, <strong>el Caf\u00e9 \u00d3pera ha preparado una semana cargada de una combinaci\u00f3n de actividades que combinan la gastronom\u00eda de autor y la obra &#8220;Carmen&#8221;<\/strong>, como gran final de la semana. <strong>Carmen, una de las \u00f3peras m\u00e1s famosas de la cultura universal<\/strong>. Y es que el Caf\u00e9 de la \u00d3pera es <strong>un rinc\u00f3n \u00fanico y m\u00e1gico de Madrid<\/strong>, con un restaurante diferente gracias a la compa\u00f1\u00eda l\u00edrica que pone m\u00fasica a las mejores cenas cantadas de la capital.<\/p>\n<div id=\"attachment_4541\" style=\"width: 650px\" class=\"wp-caption aligncenter\"><img decoding=\"async\" aria-describedby=\"caption-attachment-4541\" src=\"https:\/\/destinoysabor.com\/blog\/wp-content\/uploads\/2019\/11\/b14d86c1a049658b1894fd67993ee932.jpg\" alt=\"Restaurante del Hotel\" title=\"Cafe de la \u00d3pera - Imagen de Miguel \u00c1ngel Mu\u00f1oz\" width=\"640\" height=\"426\" class=\"size-full wp-image-4541\" srcset=\"https:\/\/destinoysabor.com\/blog\/wp-content\/uploads\/2019\/11\/b14d86c1a049658b1894fd67993ee932.jpg 640w, https:\/\/destinoysabor.com\/blog\/wp-content\/uploads\/2019\/11\/b14d86c1a049658b1894fd67993ee932-300x200.jpg 300w, https:\/\/destinoysabor.com\/blog\/wp-content\/uploads\/2019\/11\/b14d86c1a049658b1894fd67993ee932-330x220.jpg 330w, https:\/\/destinoysabor.com\/blog\/wp-content\/uploads\/2019\/11\/b14d86c1a049658b1894fd67993ee932-296x197.jpg 296w\" sizes=\"(max-width: 640px) 100vw, 640px\" \/><p id=\"caption-attachment-4541\" class=\"wp-caption-text\">Caf\u00e9 de la \u00d3pera &#8211; Imagen de Miguel \u00c1ngel Mu\u00f1oz<\/p><\/div>\n<p>Para el \u00faltimo d\u00eda, <strong>el domingo 17, hay un evento especialmente m\u00e1gico de \u00f3pera para ni\u00f1os entre 4 y 12 a\u00f1os<\/strong>, con el objetivo de atraer a familias, adem\u00e1s de parejas a lo largo de esta semana en la que participa en el Madrid Hotel Week.<\/p>\n<p>No obstante, te contamos <strong>las tres principales puestas en escena<\/strong>:<\/p>\n<h4>La Zarzuela: lo mejor de nuestro g\u00e9nero l\u00edrico<\/h4>\n<p>El llamado g\u00e9nero chico estar\u00e1 presente en el Caf\u00e9 de la \u00f3pera; <strong>un g\u00e9nero caracter\u00edstico de la l\u00edrica Espa\u00f1ola<\/strong>.<\/p>\n<div id=\"attachment_4538\" style=\"width: 522px\" class=\"wp-caption aligncenter\"><img decoding=\"async\" aria-describedby=\"caption-attachment-4538\" src=\"https:\/\/destinoysabor.com\/blog\/wp-content\/uploads\/2019\/11\/6bd54b494c6c24c16fa149eb9b360bae.jpg\" alt=\"Zarzuela en el Restaurante del Hotel\" title=\"Zarzuela en el Caf\u00e9 de la \u00d3pera - Imagen del Restaurante\" width=\"512\" height=\"384\" class=\"size-full wp-image-4538\" srcset=\"https:\/\/destinoysabor.com\/blog\/wp-content\/uploads\/2019\/11\/6bd54b494c6c24c16fa149eb9b360bae.jpg 512w, https:\/\/destinoysabor.com\/blog\/wp-content\/uploads\/2019\/11\/6bd54b494c6c24c16fa149eb9b360bae-300x225.jpg 300w, https:\/\/destinoysabor.com\/blog\/wp-content\/uploads\/2019\/11\/6bd54b494c6c24c16fa149eb9b360bae-330x248.jpg 330w\" sizes=\"(max-width: 512px) 100vw, 512px\" \/><p id=\"caption-attachment-4538\" class=\"wp-caption-text\">Zarzuela en el Caf\u00e9 de la \u00d3pera &#8211; Imagen del Restaurante<\/p><\/div>\n<p>Habr\u00e1 <strong>actuaciones durante los servicios de comida, de 13:45 a 16:00 con estribillos y coplillas<\/strong>, con cantantes ataviados con trajes de las zarzuelas m\u00e1s t\u00edpicas, que sobretodo sorprender\u00e1n a los comensales que se acerquen por primera vez a disfrutar de este espect\u00e1culo que a\u00fana arte y gastronom\u00eda.<\/p>\n<p>El precio del men\u00fa est\u00e1 ajustado a <strong>17,50 \u20ac\/comensal<\/strong>, a diario; y <strong>22,00\u20ac\/comensal<\/strong> el fin de semana.<\/p>\n<h4>\u00d3pera Menuda: Especial Ni\u00f1os<\/h4>\n<p>Para los m\u00e1s peque\u00f1os de la casa, hay tambi\u00e9n una sesi\u00f3n especial dedicada a ellos dentro de este restaurante tan l\u00edrico. <strong>El pr\u00f3ximo domingo, 17 de noviembre, habr\u00e1 una actuaci\u00f3n especial<\/strong> para que puedan adentrarse en sus primeros pasos en el mundo musical, con temas de las m\u00e1s famosas \u00f3peras y zarzuelas, en una interacci\u00f3n entre artistas y p\u00fablico.<\/p>\n<p>Esta actuaci\u00f3n <strong>ser\u00e1 de 12:00 a 13:00 horas, con un coste de 8,00 \u20ac\/ni\u00f1o<\/strong>.<\/p>\n<h4>\u00d3pera Carmen, la guinda del pastel de una semana dedicada al arte<\/h4>\n<p>Posiblemente <strong>una de las obras m\u00e1s conocidas, aunque mucha gente no la conozca en su totalidad<\/strong>; un homenaje a la cultura popular del siglo XIX en la Espa\u00f1a del sur, <strong>compuesta por el franc\u00e9s Georges Bizet<\/strong>, aunque igual llena de t\u00f3picos.<\/p>\n<div id=\"attachment_4543\" style=\"width: 430px\" class=\"wp-caption aligncenter\"><img decoding=\"async\" aria-describedby=\"caption-attachment-4543\" src=\"https:\/\/destinoysabor.com\/blog\/wp-content\/uploads\/2019\/11\/8d1d70ea954e2ee0d3f0da47665efc7d.jpg\" alt=\"\u00d3pera Carmen en su cartel original - Imagen de Wikipedia\" width=\"420\" height=\"565\" class=\"size-full wp-image-4543\" srcset=\"https:\/\/destinoysabor.com\/blog\/wp-content\/uploads\/2019\/11\/8d1d70ea954e2ee0d3f0da47665efc7d.jpg 420w, https:\/\/destinoysabor.com\/blog\/wp-content\/uploads\/2019\/11\/8d1d70ea954e2ee0d3f0da47665efc7d-223x300.jpg 223w, https:\/\/destinoysabor.com\/blog\/wp-content\/uploads\/2019\/11\/8d1d70ea954e2ee0d3f0da47665efc7d-330x444.jpg 330w\" sizes=\"(max-width: 420px) 100vw, 420px\" \/><p id=\"caption-attachment-4543\" class=\"wp-caption-text\">\u00d3pera Carmen en su cartel original &#8211; Imagen de Wikipedia<\/p><\/div>\n<p>La versi\u00f3n representada es <strong>una adaptaci\u00f3n para ser compatible con una cena teatralizada<\/strong>, con d\u00faos de voces que se entremezclan para armonizarse con la cena, creando un escenario lleno de belleza, luces, danza y sabores en <strong>una experiencia \u00fanica, cuya inspiraci\u00f3n es la tradici\u00f3n gastron\u00f3mica andaluza<\/strong>.<\/p>\n<blockquote><p>Este es el marco de representaci\u00f3n de la \u00d3pera Carmen, en una cena cantada, poniendo el colof\u00f3n a la Madrid Hotel Week, con esta actuaci\u00f3n maridada con m\u00fasica, sorpresas y gastronom\u00eda.<\/p><\/blockquote>\n<div id=\"attachment_4545\" style=\"width: 650px\" class=\"wp-caption aligncenter\"><img decoding=\"async\" aria-describedby=\"caption-attachment-4545\" src=\"https:\/\/destinoysabor.com\/blog\/wp-content\/uploads\/2019\/11\/6eab560f5f74a50a15b61346c0c941ea.jpg\" alt=\"Restaurante del Hotel \u00d3pera\" title=\"Cafe de la \u00d3pera - Foto de Miguel \u00c1ngel Mu\u00f1oz\" width=\"640\" height=\"400\" class=\"size-full wp-image-4545\" srcset=\"https:\/\/destinoysabor.com\/blog\/wp-content\/uploads\/2019\/11\/6eab560f5f74a50a15b61346c0c941ea.jpg 640w, https:\/\/destinoysabor.com\/blog\/wp-content\/uploads\/2019\/11\/6eab560f5f74a50a15b61346c0c941ea-300x188.jpg 300w, https:\/\/destinoysabor.com\/blog\/wp-content\/uploads\/2019\/11\/6eab560f5f74a50a15b61346c0c941ea-330x206.jpg 330w\" sizes=\"(max-width: 640px) 100vw, 640px\" \/><p id=\"caption-attachment-4545\" class=\"wp-caption-text\">Caf\u00e9 de la \u00d3pera &#8211; Foto de Miguel \u00c1ngel Mu\u00f1oz<\/p><\/div>\n<p>Las actuaciones ser\u00e1n <strong>el jueves, viernes y s\u00e1bado, a las 21:30 horas con un men\u00fa completo<\/strong>, que incluye vinos. <strong>El precio es de 55 \u20ac\/persona<\/strong>.<\/p>\n<h2>El Caf\u00e9 de la \u00d3pera<\/h2>\n<p>Este restaurante <strong>es parte del Hotel \u00d3pera de Madrid<\/strong>. Un lugar que hace olvidar el tiempo y el espacio, haciendo posible que las manecillas del reloj carezcan de sentido. En definitiva, <strong>un lugar donde dejar disfrutar a los cinco sentidos<\/strong> en una experiencia gastron\u00f3mica que va m\u00e1s all\u00e1 del paladar, ya que el entorno permite degustar hasta cada nota musical.<\/p>\n<div id=\"attachment_4547\" style=\"width: 650px\" class=\"wp-caption aligncenter\"><img decoding=\"async\" aria-describedby=\"caption-attachment-4547\" src=\"https:\/\/destinoysabor.com\/blog\/wp-content\/uploads\/2019\/11\/170d36ab2fb6143e1adea6c02c104937.jpg\" alt=\"Actuaci\u00f3n en el Caf\u00e9 de la \u00d3pera - Imagen de Miguel \u00c1ngel Mu\u00f1oz\" width=\"640\" height=\"400\" class=\"size-full wp-image-4547\" srcset=\"https:\/\/destinoysabor.com\/blog\/wp-content\/uploads\/2019\/11\/170d36ab2fb6143e1adea6c02c104937.jpg 640w, https:\/\/destinoysabor.com\/blog\/wp-content\/uploads\/2019\/11\/170d36ab2fb6143e1adea6c02c104937-300x188.jpg 300w, https:\/\/destinoysabor.com\/blog\/wp-content\/uploads\/2019\/11\/170d36ab2fb6143e1adea6c02c104937-330x206.jpg 330w\" sizes=\"(max-width: 640px) 100vw, 640px\" \/><p id=\"caption-attachment-4547\" class=\"wp-caption-text\">Actuaci\u00f3n en el Caf\u00e9 de la \u00d3pera &#8211; Imagen de Miguel \u00c1ngel Mu\u00f1oz<\/p><\/div>\n<h3>Situaci\u00f3n<\/h3>\n<p>Este restaurante con encanto, <strong>a\u00fana una exquisita oferta en carnes y pescados<\/strong>, y donde el tradicional \u201cbuen comer\u201d se entremezcla con la cocina m\u00e1s vanguardista. <\/p>\n<p><a href=\"https:\/\/www.elcafedelaopera.com\/\" rel=\"nofollow noopener noreferrer\" target=\"_Blank\"><strong>Restaurante el Caf\u00e9 de la \u00d3pera<\/strong><\/a><br \/>\nCalle de Arrieta, 6 (<a href=\"https:\/\/goo.gl\/maps\/xos4xVD6HU3ej1dk9\" target=\"_Blank\" rel=\"nofollow noopener noreferrer\">ver en un mapa<\/a>)<br \/>\n28013 &#8211; Madrid.<\/p>\n<p>Telf. +34 915 41 28 00<\/p>\n<h3>Hotel \u00d3pera Madrid<\/h3>\n<p>Este hotel boutique<strong> se encuentra en el centro hist\u00f3rico de Madrid<\/strong>, en un lugar privilegiado junto al Teatro de la \u00d3pera y el Palacio Real. Un lugar \u00fanico <strong>para disfrutar del Madrid m\u00e1s castizo, y al mismo tiempo bohemio<\/strong>, con todas las comodidades de <strong>un hotel 4 estrellas<\/strong>.<\/p>\n<div id=\"attachment_4539\" style=\"width: 590px\" class=\"wp-caption aligncenter\"><img decoding=\"async\" aria-describedby=\"caption-attachment-4539\" src=\"https:\/\/destinoysabor.com\/blog\/wp-content\/uploads\/2019\/11\/30c095b24041f5cc34503fe7041d6b10.jpg\" alt=\"Hotel \u00d3pera de Madrid - Imagen de RVeDIPress\" width=\"580\" height=\"387\" class=\"size-full wp-image-4539\" srcset=\"https:\/\/destinoysabor.com\/blog\/wp-content\/uploads\/2019\/11\/30c095b24041f5cc34503fe7041d6b10.jpg 580w, https:\/\/destinoysabor.com\/blog\/wp-content\/uploads\/2019\/11\/30c095b24041f5cc34503fe7041d6b10-300x200.jpg 300w, https:\/\/destinoysabor.com\/blog\/wp-content\/uploads\/2019\/11\/30c095b24041f5cc34503fe7041d6b10-330x220.jpg 330w, https:\/\/destinoysabor.com\/blog\/wp-content\/uploads\/2019\/11\/30c095b24041f5cc34503fe7041d6b10-296x197.jpg 296w\" sizes=\"(max-width: 580px) 100vw, 580px\" \/><p id=\"caption-attachment-4539\" class=\"wp-caption-text\">Hotel \u00d3pera de Madrid &#8211; Imagen de RVeDIPress<\/p><\/div>\n<h4>Reserva aqu\u00ed<\/h4>\n<p>Reserva <strong>una <a href=\"https:\/\/www.booking.com\/hotel\/es\/operasercotel.es.html?aid=1281624;sid=6cacca2f390dbc7aeb8db2324842c4f9;atlas_src=sr_iw_btn;dist=0;group_adults=2;group_children=1;nflt=class%3D4%3B;no_rooms=1;room1=A%2CA%2C12;sb_price_type=total;type=total;ucfs=1&#038;\" rel=\"noopener noreferrer\" target=\"_blank\">noche de Hotel \u00d3pera Madrid<\/a><\/strong>, al mejor precio, en ese enlace.<\/p>\n<p><font size=\"2\"><strong>Nota:<\/strong> Imagen de portada cortes\u00eda de <a href=\"https:\/\/www.comoencasaencualquierlugar.com\/\" rel=\"noopener noreferrer\" target=\"_blank\">Miguel \u00c1ngel Mu\u00f1oz<\/a>.<\/font><\/p>\n<h4>Tambi\u00e9n te puede interesar<\/h4>\n<ul>\n<li><a href=\"https:\/\/destinoysabor.com\/blog\/visita-al-palacio-de-liria\/\">Visita al Palacio de Liria, una joya desconocida de Madrid<\/a>.<\/li>\n<li><a href=\"https:\/\/destinoysabor.com\/blog\/hotel-las-baronas-de-santa-cruz-de-salcedo\/\">Hotel Rural Las Baronas de Santa Cruz de Salcedo, Burgos<\/a>.<\/li>\n<li><a href=\"https:\/\/destinoysabor.com\/blog\/rincones-ocultos-de-madrid\/\">Parque del Capricho, uno de los rincones m\u00e1s rom\u00e1nticos de Madrid<\/a>.<\/li>\n<\/ul>\n","protected":false},"excerpt":{"rendered":"<p>La semana que viene, del 11 al 17 de noviembre se celebra la Madrid Hotel Week. El Caf\u00e9 de la \u00d3pera participa con un programa especial de cenas cantadas<\/p>\n","protected":false},"author":8,"featured_media":4537,"comment_status":"open","ping_status":"closed","sticky":false,"template":"","format":"standard","meta":{"rop_custom_images_group":[],"rop_custom_messages_group":[],"rop_publish_now":"initial","rop_publish_now_accounts":{"twitter_3437733573_3437733573":""},"rop_publish_now_history":[],"rop_publish_now_status":"pending","footnotes":""},"categories":[1,2,605,203,112],"tags":[626,621,270,627],"class_list":["post-4532","post","type-post","status-publish","format-standard","has-post-thumbnail","hentry","category-actualidad-del-turismo-gastronomico","category-casas-rurales","category-madrid","category-no-rrss","category-restaurantes","tag-gastronomia","tag-hoteles","tag-madrid","tag-restaurantes"],"yoast_head":"<!-- This site is optimized with the Yoast SEO plugin v26.5 - https:\/\/yoast.com\/wordpress\/plugins\/seo\/ -->\n<title>El Caf\u00e9 de la \u00d3pera en al Madrid Hotel Week - Destino y Sabor<\/title>\n<meta name=\"description\" content=\"La semana que viene, del 11 al 17 de noviembre se celebra la Madrid Hotel Week. El Caf\u00e9 de la \u00d3pera participa con un programa especial de cenas cantadas\" \/>\n<meta name=\"robots\" content=\"index, follow, max-snippet:-1, max-image-preview:large, max-video-preview:-1\" \/>\n<link rel=\"canonical\" href=\"https:\/\/destinoysabor.com\/blog\/el-cafe-de-la-opera-en-al-madrid-hotel-week\/\" \/>\n<meta property=\"og:locale\" content=\"es_ES\" \/>\n<meta property=\"og:type\" content=\"article\" \/>\n<meta property=\"og:title\" content=\"El Caf\u00e9 de la \u00d3pera en al Madrid Hotel Week - Destino y Sabor\" \/>\n<meta property=\"og:description\" content=\"La semana que viene, del 11 al 17 de noviembre se celebra la Madrid Hotel Week. El Caf\u00e9 de la \u00d3pera participa con un programa especial de cenas cantadas\" \/>\n<meta property=\"og:url\" content=\"https:\/\/destinoysabor.com\/blog\/el-cafe-de-la-opera-en-al-madrid-hotel-week\/\" \/>\n<meta property=\"og:site_name\" content=\"Destino y Sabor\" \/>\n<meta property=\"article:publisher\" content=\"https:\/\/www.facebook.com\/destinoysabor\/\" \/>\n<meta property=\"article:published_time\" content=\"2019-11-08T06:15:26+00:00\" \/>\n<meta property=\"article:modified_time\" content=\"2020-12-23T08:08:41+00:00\" \/>\n<meta property=\"og:image\" content=\"https:\/\/destinoysabor.com\/blog\/wp-content\/uploads\/2019\/11\/81d65634c06b904e69b1e3363d8eccc2.jpg\" \/>\n\t<meta property=\"og:image:width\" content=\"1000\" \/>\n\t<meta property=\"og:image:height\" content=\"460\" \/>\n\t<meta property=\"og:image:type\" content=\"image\/jpeg\" \/>\n<meta name=\"author\" content=\"Equipo de Redacci\u00f3n\" \/>\n<meta name=\"twitter:card\" content=\"summary_large_image\" \/>\n<meta name=\"twitter:title\" content=\"El Caf\u00e9 de la \u00d3pera en al Madrid Hotel Week - Destino y Sabor\" \/>\n<meta name=\"twitter:description\" content=\"La semana que viene, del 11 al 17 de noviembre se celebra la Madrid Hotel Week. El Caf\u00e9 de la \u00d3pera participa con un programa especial de cenas cantadas\" \/>\n<meta name=\"twitter:image\" content=\"https:\/\/destinoysabor.com\/blog\/wp-content\/uploads\/2019\/11\/81d65634c06b904e69b1e3363d8eccc2.jpg\" \/>\n<meta name=\"twitter:creator\" content=\"@Destino_Sabor\" \/>\n<meta name=\"twitter:site\" content=\"@Destino_Sabor\" \/>\n<meta name=\"twitter:label1\" content=\"Escrito por\" \/>\n\t<meta name=\"twitter:data1\" content=\"Equipo de Redacci\u00f3n\" \/>\n\t<meta name=\"twitter:label2\" content=\"Tiempo de lectura\" \/>\n\t<meta name=\"twitter:data2\" content=\"5 minutos\" \/>\n<script type=\"application\/ld+json\" class=\"yoast-schema-graph\">{\"@context\":\"https:\/\/schema.org\",\"@graph\":[{\"@type\":\"WebPage\",\"@id\":\"https:\/\/destinoysabor.com\/blog\/el-cafe-de-la-opera-en-al-madrid-hotel-week\/\",\"url\":\"https:\/\/destinoysabor.com\/blog\/el-cafe-de-la-opera-en-al-madrid-hotel-week\/\",\"name\":\"El Caf\u00e9 de la \u00d3pera en al Madrid Hotel Week - Destino y Sabor\",\"isPartOf\":{\"@id\":\"https:\/\/destinoysabor.com\/blog\/#website\"},\"primaryImageOfPage\":{\"@id\":\"https:\/\/destinoysabor.com\/blog\/el-cafe-de-la-opera-en-al-madrid-hotel-week\/#primaryimage\"},\"image\":{\"@id\":\"https:\/\/destinoysabor.com\/blog\/el-cafe-de-la-opera-en-al-madrid-hotel-week\/#primaryimage\"},\"thumbnailUrl\":\"https:\/\/destinoysabor.com\/blog\/wp-content\/uploads\/2019\/11\/81d65634c06b904e69b1e3363d8eccc2.jpg\",\"datePublished\":\"2019-11-08T06:15:26+00:00\",\"dateModified\":\"2020-12-23T08:08:41+00:00\",\"author\":{\"@id\":\"https:\/\/destinoysabor.com\/blog\/#\/schema\/person\/ef46ed08f9b7dd9fc20573c9f373fff6\"},\"description\":\"La semana que viene, del 11 al 17 de noviembre se celebra la Madrid Hotel Week. El Caf\u00e9 de la \u00d3pera participa con un programa especial de cenas cantadas\",\"breadcrumb\":{\"@id\":\"https:\/\/destinoysabor.com\/blog\/el-cafe-de-la-opera-en-al-madrid-hotel-week\/#breadcrumb\"},\"inLanguage\":\"es\",\"potentialAction\":[{\"@type\":\"ReadAction\",\"target\":[\"https:\/\/destinoysabor.com\/blog\/el-cafe-de-la-opera-en-al-madrid-hotel-week\/\"]}]},{\"@type\":\"ImageObject\",\"inLanguage\":\"es\",\"@id\":\"https:\/\/destinoysabor.com\/blog\/el-cafe-de-la-opera-en-al-madrid-hotel-week\/#primaryimage\",\"url\":\"https:\/\/destinoysabor.com\/blog\/wp-content\/uploads\/2019\/11\/81d65634c06b904e69b1e3363d8eccc2.jpg\",\"contentUrl\":\"https:\/\/destinoysabor.com\/blog\/wp-content\/uploads\/2019\/11\/81d65634c06b904e69b1e3363d8eccc2.jpg\",\"width\":1000,\"height\":460,\"caption\":\"Caf\u00e9 de la \u00d3pera\"},{\"@type\":\"BreadcrumbList\",\"@id\":\"https:\/\/destinoysabor.com\/blog\/el-cafe-de-la-opera-en-al-madrid-hotel-week\/#breadcrumb\",\"itemListElement\":[{\"@type\":\"ListItem\",\"position\":1,\"name\":\"Portada\",\"item\":\"https:\/\/destinoysabor.com\/blog\/\"},{\"@type\":\"ListItem\",\"position\":2,\"name\":\"El Caf\u00e9 de la \u00d3pera en al Madrid Hotel Week\"}]},{\"@type\":\"WebSite\",\"@id\":\"https:\/\/destinoysabor.com\/blog\/#website\",\"url\":\"https:\/\/destinoysabor.com\/blog\/\",\"name\":\"Destino y Sabor\",\"description\":\"los mejores planes para foodies y winelovers\",\"potentialAction\":[{\"@type\":\"SearchAction\",\"target\":{\"@type\":\"EntryPoint\",\"urlTemplate\":\"https:\/\/destinoysabor.com\/blog\/?s={search_term_string}\"},\"query-input\":{\"@type\":\"PropertyValueSpecification\",\"valueRequired\":true,\"valueName\":\"search_term_string\"}}],\"inLanguage\":\"es\"},{\"@type\":\"Person\",\"@id\":\"https:\/\/destinoysabor.com\/blog\/#\/schema\/person\/ef46ed08f9b7dd9fc20573c9f373fff6\",\"name\":\"Equipo de Redacci\u00f3n\",\"image\":{\"@type\":\"ImageObject\",\"inLanguage\":\"es\",\"@id\":\"https:\/\/destinoysabor.com\/blog\/#\/schema\/person\/image\/\",\"url\":\"https:\/\/secure.gravatar.com\/avatar\/1bd82ae362a0e7b6e8693df0ac62adbf630f5ae137623cf28552a4141e0b996a?s=96&r=g\",\"contentUrl\":\"https:\/\/secure.gravatar.com\/avatar\/1bd82ae362a0e7b6e8693df0ac62adbf630f5ae137623cf28552a4141e0b996a?s=96&r=g\",\"caption\":\"Equipo de Redacci\u00f3n\"},\"sameAs\":[\"https:\/\/destinoysabor.com\/blog\"],\"url\":\"https:\/\/destinoysabor.com\/blog\/author\/equipo-de-redaccion\/\"}]}<\/script>\n<!-- \/ Yoast SEO plugin. -->","yoast_head_json":{"title":"El Caf\u00e9 de la \u00d3pera en al Madrid Hotel Week - Destino y Sabor","description":"La semana que viene, del 11 al 17 de noviembre se celebra la Madrid Hotel Week. El Caf\u00e9 de la \u00d3pera participa con un programa especial de cenas cantadas","robots":{"index":"index","follow":"follow","max-snippet":"max-snippet:-1","max-image-preview":"max-image-preview:large","max-video-preview":"max-video-preview:-1"},"canonical":"https:\/\/destinoysabor.com\/blog\/el-cafe-de-la-opera-en-al-madrid-hotel-week\/","og_locale":"es_ES","og_type":"article","og_title":"El Caf\u00e9 de la \u00d3pera en al Madrid Hotel Week - Destino y Sabor","og_description":"La semana que viene, del 11 al 17 de noviembre se celebra la Madrid Hotel Week. El Caf\u00e9 de la \u00d3pera participa con un programa especial de cenas cantadas","og_url":"https:\/\/destinoysabor.com\/blog\/el-cafe-de-la-opera-en-al-madrid-hotel-week\/","og_site_name":"Destino y Sabor","article_publisher":"https:\/\/www.facebook.com\/destinoysabor\/","article_published_time":"2019-11-08T06:15:26+00:00","article_modified_time":"2020-12-23T08:08:41+00:00","og_image":[{"width":1000,"height":460,"url":"https:\/\/destinoysabor.com\/blog\/wp-content\/uploads\/2019\/11\/81d65634c06b904e69b1e3363d8eccc2.jpg","type":"image\/jpeg"}],"author":"Equipo de Redacci\u00f3n","twitter_card":"summary_large_image","twitter_title":"El Caf\u00e9 de la \u00d3pera en al Madrid Hotel Week - Destino y Sabor","twitter_description":"La semana que viene, del 11 al 17 de noviembre se celebra la Madrid Hotel Week. El Caf\u00e9 de la \u00d3pera participa con un programa especial de cenas cantadas","twitter_image":"https:\/\/destinoysabor.com\/blog\/wp-content\/uploads\/2019\/11\/81d65634c06b904e69b1e3363d8eccc2.jpg","twitter_creator":"@Destino_Sabor","twitter_site":"@Destino_Sabor","twitter_misc":{"Escrito por":"Equipo de Redacci\u00f3n","Tiempo de lectura":"5 minutos"},"schema":{"@context":"https:\/\/schema.org","@graph":[{"@type":"WebPage","@id":"https:\/\/destinoysabor.com\/blog\/el-cafe-de-la-opera-en-al-madrid-hotel-week\/","url":"https:\/\/destinoysabor.com\/blog\/el-cafe-de-la-opera-en-al-madrid-hotel-week\/","name":"El Caf\u00e9 de la \u00d3pera en al Madrid Hotel Week - Destino y Sabor","isPartOf":{"@id":"https:\/\/destinoysabor.com\/blog\/#website"},"primaryImageOfPage":{"@id":"https:\/\/destinoysabor.com\/blog\/el-cafe-de-la-opera-en-al-madrid-hotel-week\/#primaryimage"},"image":{"@id":"https:\/\/destinoysabor.com\/blog\/el-cafe-de-la-opera-en-al-madrid-hotel-week\/#primaryimage"},"thumbnailUrl":"https:\/\/destinoysabor.com\/blog\/wp-content\/uploads\/2019\/11\/81d65634c06b904e69b1e3363d8eccc2.jpg","datePublished":"2019-11-08T06:15:26+00:00","dateModified":"2020-12-23T08:08:41+00:00","author":{"@id":"https:\/\/destinoysabor.com\/blog\/#\/schema\/person\/ef46ed08f9b7dd9fc20573c9f373fff6"},"description":"La semana que viene, del 11 al 17 de noviembre se celebra la Madrid Hotel Week. El Caf\u00e9 de la \u00d3pera participa con un programa especial de cenas cantadas","breadcrumb":{"@id":"https:\/\/destinoysabor.com\/blog\/el-cafe-de-la-opera-en-al-madrid-hotel-week\/#breadcrumb"},"inLanguage":"es","potentialAction":[{"@type":"ReadAction","target":["https:\/\/destinoysabor.com\/blog\/el-cafe-de-la-opera-en-al-madrid-hotel-week\/"]}]},{"@type":"ImageObject","inLanguage":"es","@id":"https:\/\/destinoysabor.com\/blog\/el-cafe-de-la-opera-en-al-madrid-hotel-week\/#primaryimage","url":"https:\/\/destinoysabor.com\/blog\/wp-content\/uploads\/2019\/11\/81d65634c06b904e69b1e3363d8eccc2.jpg","contentUrl":"https:\/\/destinoysabor.com\/blog\/wp-content\/uploads\/2019\/11\/81d65634c06b904e69b1e3363d8eccc2.jpg","width":1000,"height":460,"caption":"Caf\u00e9 de la \u00d3pera"},{"@type":"BreadcrumbList","@id":"https:\/\/destinoysabor.com\/blog\/el-cafe-de-la-opera-en-al-madrid-hotel-week\/#breadcrumb","itemListElement":[{"@type":"ListItem","position":1,"name":"Portada","item":"https:\/\/destinoysabor.com\/blog\/"},{"@type":"ListItem","position":2,"name":"El Caf\u00e9 de la \u00d3pera en al Madrid Hotel Week"}]},{"@type":"WebSite","@id":"https:\/\/destinoysabor.com\/blog\/#website","url":"https:\/\/destinoysabor.com\/blog\/","name":"Destino y Sabor","description":"los mejores planes para foodies y winelovers","potentialAction":[{"@type":"SearchAction","target":{"@type":"EntryPoint","urlTemplate":"https:\/\/destinoysabor.com\/blog\/?s={search_term_string}"},"query-input":{"@type":"PropertyValueSpecification","valueRequired":true,"valueName":"search_term_string"}}],"inLanguage":"es"},{"@type":"Person","@id":"https:\/\/destinoysabor.com\/blog\/#\/schema\/person\/ef46ed08f9b7dd9fc20573c9f373fff6","name":"Equipo de Redacci\u00f3n","image":{"@type":"ImageObject","inLanguage":"es","@id":"https:\/\/destinoysabor.com\/blog\/#\/schema\/person\/image\/","url":"https:\/\/secure.gravatar.com\/avatar\/1bd82ae362a0e7b6e8693df0ac62adbf630f5ae137623cf28552a4141e0b996a?s=96&r=g","contentUrl":"https:\/\/secure.gravatar.com\/avatar\/1bd82ae362a0e7b6e8693df0ac62adbf630f5ae137623cf28552a4141e0b996a?s=96&r=g","caption":"Equipo de Redacci\u00f3n"},"sameAs":["https:\/\/destinoysabor.com\/blog"],"url":"https:\/\/destinoysabor.com\/blog\/author\/equipo-de-redaccion\/"}]}},"jetpack_featured_media_url":"https:\/\/destinoysabor.com\/blog\/wp-content\/uploads\/2019\/11\/81d65634c06b904e69b1e3363d8eccc2.jpg","_links":{"self":[{"href":"https:\/\/destinoysabor.com\/blog\/wp-json\/wp\/v2\/posts\/4532","targetHints":{"allow":["GET"]}}],"collection":[{"href":"https:\/\/destinoysabor.com\/blog\/wp-json\/wp\/v2\/posts"}],"about":[{"href":"https:\/\/destinoysabor.com\/blog\/wp-json\/wp\/v2\/types\/post"}],"author":[{"embeddable":true,"href":"https:\/\/destinoysabor.com\/blog\/wp-json\/wp\/v2\/users\/8"}],"replies":[{"embeddable":true,"href":"https:\/\/destinoysabor.com\/blog\/wp-json\/wp\/v2\/comments?post=4532"}],"version-history":[{"count":10,"href":"https:\/\/destinoysabor.com\/blog\/wp-json\/wp\/v2\/posts\/4532\/revisions"}],"predecessor-version":[{"id":5378,"href":"https:\/\/destinoysabor.com\/blog\/wp-json\/wp\/v2\/posts\/4532\/revisions\/5378"}],"wp:featuredmedia":[{"embeddable":true,"href":"https:\/\/destinoysabor.com\/blog\/wp-json\/wp\/v2\/media\/4537"}],"wp:attachment":[{"href":"https:\/\/destinoysabor.com\/blog\/wp-json\/wp\/v2\/media?parent=4532"}],"wp:term":[{"taxonomy":"category","embeddable":true,"href":"https:\/\/destinoysabor.com\/blog\/wp-json\/wp\/v2\/categories?post=4532"},{"taxonomy":"post_tag","embeddable":true,"href":"https:\/\/destinoysabor.com\/blog\/wp-json\/wp\/v2\/tags?post=4532"}],"curies":[{"name":"wp","href":"https:\/\/api.w.org\/{rel}","templated":true}]}}