{"id":5708,"date":"2021-08-06T05:33:04","date_gmt":"2021-08-06T05:33:04","guid":{"rendered":"https:\/\/destinoysabor.com\/blog\/?p=5708"},"modified":"2021-08-05T09:35:34","modified_gmt":"2021-08-05T09:35:34","slug":"enoturismo-en-bodegas-casa-de-mateus","status":"publish","type":"post","link":"https:\/\/destinoysabor.com\/blog\/enoturismo-en-bodegas-casa-de-mateus\/","title":{"rendered":"Enoturismo en Bodegas Casa de Mateus"},"content":{"rendered":"<p>Es muy posible que no hayas probado nunca sus vinos, <strong>pero seguro que, si ves una botella, la distingues, por su peculiar forma<\/strong>. En ella, destaca una etiqueta que muestra un palacio hermoso y barroco, <strong>es el Palacio bodegas Casa de Mateus, en una pedan\u00eda pr\u00f3xima a Vila Real, en Portugal<\/strong>. Y aunque este vino no est\u00e1 relacionado con el palacio, es un buen reclamo.<\/p>\n<p>Vamos a relatarte <strong>la experiencia que vivimos y una valoraci\u00f3n de la experiencia de visitar este Palacio barroco<\/strong> del Centro Norte de Portugal.<\/p>\n<h3>\u00cdndice de contenidos<\/h3>\n<p>Para facilitarte el uso de esta publicaci\u00f3n, hemos creado este \u00edndice con los puntos esenciales que debes conocer en una visita a las bodegas Casa de Mateus.<\/p>\n<p><strong>La visita a las instalaciones de la finca:<\/strong><\/p>\n<ul>\n<li><a href=\"#Exteriores\">Exteriores de la finca y jardines de arriba<\/a>.<\/li>\n<li><a href=\"#Bodega\">Visita a la bodega y vinos de Casa de Mateus<\/a>.<\/li>\n<li><a href=\"#Palacio\">Visita al palacio barroco<\/a>.<\/li>\n<li><a href=\"#Iglesia\">Visita a la Capillo del palacio<\/a>.<\/li>\n<li><a href=\"#Jardines\">Jardines de abajo y vi\u00f1edos<\/a>.<\/li>\n<\/ul>\n<p><strong>Informaci\u00f3n del palacio:<\/strong><\/p>\n<ul>\n<li><a href=\"#Situacion\">Situaci\u00f3n<\/a>.<\/li>\n<li><a href=\"#Horarios\">Horarios de apertura<\/a>.<\/li>\n<li><a href=\"#Precios\">Precio de las entradas<\/a>.<\/li>\n<\/ul>\n<p><strong>Informaci\u00f3n general sobre el entorno<\/strong><\/p>\n<ul>\n<li><a href=\"#Llegar\">\u00bfC\u00f3mo llegar?<\/a><\/li>\n<li><a href=\"#Comer\">\u00bfD\u00f3nde comer?<\/a><\/li>\n<li><a href=\"#Dormir\">\u00bfD\u00f3nde alojarse?<\/a><\/li>\n<li><a href=\"#Historia\">Breve relato hist\u00f3rico de las Bodegas Casa Mateus<\/a>.<\/li>\n<\/ul>\n<p>Esperamos, <strong>que os sean de utilidad<\/strong>.<\/p>\n<h3>Preparando el viaje<\/h3>\n<p><strong>Es posible que por s\u00ed sola, estas bodegas no sean s\u00faper especiales, aunque tienen su encanto; pero son ideales dentro de un plan para disfrutar del interior del Centro Norte de Portugal,<\/strong> especialmente entre las regiones de <a href=\"https:\/\/destinoysabor.com\/blog\/guia-para-no-perderte-nada-en-una-visita-a-viseu\/\">Viseu<\/a> y <a href=\"https:\/\/destinoysabor.com\/blog\/guia-para-visitar-vila-real\/\">Vila Real<\/a>.<\/p>\n<div id=\"attachment_5238\" style=\"width: 590px\" class=\"wp-caption aligncenter\"><img decoding=\"async\" aria-describedby=\"caption-attachment-5238\" src=\"https:\/\/destinoysabor.com\/blog\/wp-content\/uploads\/2020\/12\/Camara-Municipal-De-Vila-Real-Destino-y-Sabor.jpg\" alt=\"C\u00e2mara Municipal De Vila Real - Destino y Sabor\" width=\"580\" class=\"size-full wp-image-5238\" srcset=\"https:\/\/destinoysabor.com\/blog\/wp-content\/uploads\/2020\/12\/Camara-Municipal-De-Vila-Real-Destino-y-Sabor.jpg 640w, https:\/\/destinoysabor.com\/blog\/wp-content\/uploads\/2020\/12\/Camara-Municipal-De-Vila-Real-Destino-y-Sabor-300x169.jpg 300w, https:\/\/destinoysabor.com\/blog\/wp-content\/uploads\/2020\/12\/Camara-Municipal-De-Vila-Real-Destino-y-Sabor-330x186.jpg 330w\" sizes=\"(max-width: 640px) 100vw, 640px\" \/><p id=\"caption-attachment-5238\" class=\"wp-caption-text\">C\u00e2mara Municipal De Vila Real &#8211; Destino y Sabor<\/p><\/div>\n<p>Las bodegas Mateus <strong>se encuadran en una <em>fregues\u00eda<\/em>, o parroquias, o barrio de Vila Real<\/strong>, distando del centro de la ciudad vieja escasos kil\u00f3metros, si bien cabr\u00eda esperar que hace 200 a\u00f1os estuviera muy lejos de la ciudad.<\/p>\n<p>Esto significa que <strong>si estas visitando Vila Real, deber\u00e1s tomar el coche para ir a Mateus<\/strong>, pues andando se tardar\u00eda bastante.<\/p>\n<h4>Controversia entre el vino Mateus Ros\u00e9 y bodegas Casa de Mateus<\/h4>\n<p>Pues, <strong>aunque los vinos Mateus Ros\u00e8 usan la imagen del palacio, estos vinos sin denominaci\u00f3n de origen no son elaborados en las bodegas Casa de Mateus<\/strong>. Este vino pertenece a la empresa bodeguera Sogrape Vinhos, propietaria entre otras marcas de <a href=\"https:\/\/destinoysabor.com\/blog\/curiosidades-sobre-los-vinos-de-oporto\/\">vinos de Oporto<\/a> Sandeman.<\/p>\n<p><img decoding=\"async\" src=\"https:\/\/destinoysabor.com\/blog\/wp-content\/uploads\/2021\/08\/mateus-rose.jpg\" alt=\"\" width=\"220\" class=\"aligncenter\" \/><\/p>\n<p>Pero, <strong>estas bodegas si van a producir vino, un vino de la DOP. Douro<\/strong>, que luego se env\u00eda a la ribera opuesta de Oporto, <a href=\"https:\/\/destinoysabor.com\/blog\/turismo-en-vilanova-de-gaia\/\">Vilanova de Gaia<\/a>, para <strong>elaborar vinos de la DOG. Porto<\/strong>.<\/p>\n<h2>Haciendo enoturismo en Bodegas Casa de Mateus<\/h2>\n<p>Hay quiz\u00e1s dos vertientes, con un punto en com\u00fan, <strong>que es la visita al palacio<\/strong>. Una exclusivamente cultural, con la visita a un palacio barroco de gran belleza, y otra m\u00e1s enotur\u00edstica, que adem\u00e1s se complementa con los vinos y su producci\u00f3n.<\/p>\n<div id=\"attachment_5729\" style=\"width: 650px\" class=\"wp-caption aligncenter\"><img decoding=\"async\" aria-describedby=\"caption-attachment-5729\" src=\"https:\/\/destinoysabor.com\/blog\/wp-content\/uploads\/2021\/08\/Exterior-de-la-finca-Casa-Mateus-Destino-y-Sabor.jpg\" alt=\"Exterior de la finca Casa Mateus - Destino y Sabor\" width=\"640\" height=\"360\" class=\"size-full wp-image-5729\" srcset=\"https:\/\/destinoysabor.com\/blog\/wp-content\/uploads\/2021\/08\/Exterior-de-la-finca-Casa-Mateus-Destino-y-Sabor.jpg 640w, https:\/\/destinoysabor.com\/blog\/wp-content\/uploads\/2021\/08\/Exterior-de-la-finca-Casa-Mateus-Destino-y-Sabor-300x169.jpg 300w, https:\/\/destinoysabor.com\/blog\/wp-content\/uploads\/2021\/08\/Exterior-de-la-finca-Casa-Mateus-Destino-y-Sabor-330x186.jpg 330w\" sizes=\"(max-width: 640px) 100vw, 640px\" \/><p id=\"caption-attachment-5729\" class=\"wp-caption-text\">Exterior de la finca Casa Mateus &#8211; Destino y Sabor<\/p><\/div>\n<h3>Visita cultural al Solar Casa de Mateus<\/h3>\n<p>El nombre completo es este, aunque se simplifica por facilidad. <strong>Este palacio est\u00e1 dentro de una gran finca, con jardines variados, en el que no se puede entrar con el coche<\/strong>, por lo que lo normal es que se aparque en frente, y luego hay que darse un peque\u00f1o paseo.<a name=\"Exteriores\"><\/a><\/p>\n<h4>Zona exterior<\/h4>\n<p>La puerta de acceso a visitas <strong>se abre directamente en la carretera N322<\/strong>, pero en frente hay un parking habilitado, junto a unos jardines y algunos establecimientos que hacen de enotecas, restaurantes y terrazas.<\/p>\n<div id=\"attachment_5730\" style=\"width: 590px\" class=\"wp-caption aligncenter\"><img decoding=\"async\" aria-describedby=\"caption-attachment-5730\" src=\"https:\/\/destinoysabor.com\/blog\/wp-content\/uploads\/2021\/08\/Puerta-de-acceso-al-recinto-del-Palacio-Bodegas-Casa-de-Mateus-Destino-y-Sabor.jpg\" alt=\"Puerta de acceso al recinto del Palacio Bodegas Casa de Mateus - Destino y Sabor\" width=\"580\" height=\"326\" class=\"size-full wp-image-5730\" srcset=\"https:\/\/destinoysabor.com\/blog\/wp-content\/uploads\/2021\/08\/Puerta-de-acceso-al-recinto-del-Palacio-Bodegas-Casa-de-Mateus-Destino-y-Sabor.jpg 580w, https:\/\/destinoysabor.com\/blog\/wp-content\/uploads\/2021\/08\/Puerta-de-acceso-al-recinto-del-Palacio-Bodegas-Casa-de-Mateus-Destino-y-Sabor-300x169.jpg 300w, https:\/\/destinoysabor.com\/blog\/wp-content\/uploads\/2021\/08\/Puerta-de-acceso-al-recinto-del-Palacio-Bodegas-Casa-de-Mateus-Destino-y-Sabor-330x185.jpg 330w\" sizes=\"(max-width: 580px) 100vw, 580px\" \/><p id=\"caption-attachment-5730\" class=\"wp-caption-text\">Puerta de acceso al recinto del Palacio Bodegas Casa de Mateus &#8211; Destino y Sabor<\/p><\/div>\n<p>Est\u00e1n al otro lado de la carretera, <strong>por lo que hay que cruzar por un paso de peatones y luego caminar por el arc\u00e9n<\/strong> pocos metros y ya llegar a la puerta.<\/p>\n<h4>Jardines delanteros<\/h4>\n<p>En la puerta <strong>hay una garita que vende las entradas al palacio y a la bodega<\/strong>. Incluso si solo quer\u00e9is dar <strong>un paseo por los jardines, hace falta entrada<\/strong>, pero si luego quer\u00e9is visitar las explicaciones en visita guiada, deber\u00e9is adquirir una entrada superior.<\/p>\n<p>Los jardines delanteros <strong>siguen un esquema de jard\u00edn espa\u00f1ol, donde la naturaleza crece m\u00e1s libre<\/strong>, y tan solo se han creado senderos para atravesarla. All\u00ed, <strong>\u00e1rboles de diversas especies componen una especie de jard\u00edn \u201csalvaje\u201d<\/strong>.<\/p>\n<div id=\"attachment_5731\" style=\"width: 650px\" class=\"wp-caption aligncenter\"><img decoding=\"async\" aria-describedby=\"caption-attachment-5731\" src=\"https:\/\/destinoysabor.com\/blog\/wp-content\/uploads\/2021\/08\/Palacio-Casa-de-Mateus-reflejado-en-el-estanque-de-los-jardines-Destino-y-Sabor.jpg\" alt=\"Palacio Casa de Mateus reflejado en el estanque de los jardines - Destino y Sabor\" width=\"640\" height=\"359\" class=\"size-full wp-image-5731\" srcset=\"https:\/\/destinoysabor.com\/blog\/wp-content\/uploads\/2021\/08\/Palacio-Casa-de-Mateus-reflejado-en-el-estanque-de-los-jardines-Destino-y-Sabor.jpg 640w, https:\/\/destinoysabor.com\/blog\/wp-content\/uploads\/2021\/08\/Palacio-Casa-de-Mateus-reflejado-en-el-estanque-de-los-jardines-Destino-y-Sabor-300x168.jpg 300w, https:\/\/destinoysabor.com\/blog\/wp-content\/uploads\/2021\/08\/Palacio-Casa-de-Mateus-reflejado-en-el-estanque-de-los-jardines-Destino-y-Sabor-330x185.jpg 330w\" sizes=\"(max-width: 640px) 100vw, 640px\" \/><p id=\"caption-attachment-5731\" class=\"wp-caption-text\">Palacio Casa de Mateus reflejado en el estanque de los jardines &#8211; Destino y Sabor<\/p><\/div>\n<p><strong>El camino principal termina llevando tras un giro y un ligero descenso, hasta un gran estanque artificial<\/strong>. All\u00ed hay <strong>una de las vistas m\u00e1s famosas y hermosas de este lugar<\/strong>. Es muy rom\u00e1ntico. Adem\u00e1s, es la vista que se coloca en esa etiqueta de los vinos de Mateus de los que hemos hablado al inicio.<\/p>\n<p>En esta zona es donde <strong>se localizan los \u00e1rboles m\u00e1s grandes, destacando varias secuoyas de tama\u00f1o grandioso<\/strong>; aut\u00e9nticos colosos de la naturaleza. Tambi\u00e9n est\u00e1 el lago, donde hay <strong>una escultura, casi escondida, de una ninfa de m\u00e1rmol de Jos\u00e9 Cutileiro<\/strong>.<\/p>\n<div id=\"attachment_5720\" style=\"width: 650px\" class=\"wp-caption aligncenter\"><img decoding=\"async\" aria-describedby=\"caption-attachment-5720\" src=\"https:\/\/destinoysabor.com\/blog\/wp-content\/uploads\/2021\/08\/Secuoyas-gigantes-en-los-jardines-del-Palacio-Mateus-Destino-y-Sabor.jpg\" alt=\"Secuoyas gigantes en los jardines del Palacio Mateus - Destino y Sabor\" width=\"640\" height=\"360\" class=\"size-full wp-image-5720\" srcset=\"https:\/\/destinoysabor.com\/blog\/wp-content\/uploads\/2021\/08\/Secuoyas-gigantes-en-los-jardines-del-Palacio-Mateus-Destino-y-Sabor.jpg 640w, https:\/\/destinoysabor.com\/blog\/wp-content\/uploads\/2021\/08\/Secuoyas-gigantes-en-los-jardines-del-Palacio-Mateus-Destino-y-Sabor-300x169.jpg 300w, https:\/\/destinoysabor.com\/blog\/wp-content\/uploads\/2021\/08\/Secuoyas-gigantes-en-los-jardines-del-Palacio-Mateus-Destino-y-Sabor-330x186.jpg 330w\" sizes=\"(max-width: 640px) 100vw, 640px\" \/><p id=\"caption-attachment-5720\" class=\"wp-caption-text\">Secuoyas gigantes en los jardines del Palacio Mateus &#8211; Destino y Sabor<\/p><\/div>\n<blockquote><p>Justo en frente nuestro se encuentra el palacio, con la t\u00edpica simetr\u00eda del barroco, con un patio de armas flanqueado por dos alas del edificio principal.<\/Blockquote><\/p>\n<p>Viendo la fachada desde el lago, <strong>a nuestra izquierda se encuentra las antiguas bodegas de elaboraci\u00f3n de vino<\/strong>; que, aunque se pueden seguir us\u00e1ndose, son casi un museo del vino, donde se sigue elaborando a\u00fan vino. Y entre estos dos edificios, <strong>un poco m\u00e1s al fondo, se encuentra la capilla del palacio<\/strong>. Las tres construcciones forman <strong>un conjunto muy armonioso<\/strong>.<a name=\"Bodega\"><\/a><\/p>\n<h3>Visita a las antiguas Bodegas<\/h3>\n<p>Las antiguas bodegas <strong>es un punto de reuni\u00f3n mientras se hace la hora para iniciar la visita al palacio en s\u00ed<\/strong>. Estas bodegas de elaboraci\u00f3n datan del siglo XVIII, y <strong>aunque hay equipos nuevos, se conserva mucha maquinaria antigua<\/strong> hecha de madera y metal.<\/p>\n<p>Nuestra visita no comprend\u00eda la entrada a esta parte en s\u00ed, <strong>aunque al tener que esperar un rato, pudimos disfrutar de ella durante bastantes minutos<\/strong>. Si eres un <em>winelover<\/em> como nosotros, reconocer\u00e1s la mayor parte de las m\u00e1quinas.<\/p>\n<div id=\"attachment_5721\" style=\"width: 650px\" class=\"wp-caption aligncenter\"><img decoding=\"async\" aria-describedby=\"caption-attachment-5721\" src=\"https:\/\/destinoysabor.com\/blog\/wp-content\/uploads\/2021\/08\/Instalaciones-de-las-bodegas-de-la-Casa-Mateus-Destino-y-Sabor.jpg\" alt=\"Instalaciones de las bodegas de la Casa Mateus - Destino y Sabor\" width=\"640\" height=\"427\" class=\"size-full wp-image-5721\" srcset=\"https:\/\/destinoysabor.com\/blog\/wp-content\/uploads\/2021\/08\/Instalaciones-de-las-bodegas-de-la-Casa-Mateus-Destino-y-Sabor.jpg 640w, https:\/\/destinoysabor.com\/blog\/wp-content\/uploads\/2021\/08\/Instalaciones-de-las-bodegas-de-la-Casa-Mateus-Destino-y-Sabor-300x200.jpg 300w, https:\/\/destinoysabor.com\/blog\/wp-content\/uploads\/2021\/08\/Instalaciones-de-las-bodegas-de-la-Casa-Mateus-Destino-y-Sabor-330x220.jpg 330w, https:\/\/destinoysabor.com\/blog\/wp-content\/uploads\/2021\/08\/Instalaciones-de-las-bodegas-de-la-Casa-Mateus-Destino-y-Sabor-296x197.jpg 296w\" sizes=\"(max-width: 640px) 100vw, 640px\" \/><p id=\"caption-attachment-5721\" class=\"wp-caption-text\">Instalaciones de las bodegas de la Casa Mateus &#8211; Destino y Sabor<\/p><\/div>\n<p>En esta zona, <strong>aunque existe equipos modernos de elaboraci\u00f3n, hab\u00eda varias prensa manuales, lagares,.. antiguos<\/strong>; imaginamos que eran los originales, donde casi ya funcionaban como una cadena industrial. Y es que, bien es cierto que, la primera denominaci\u00f3n de origen del mundo fue portuguesa, en concreto para los vinos de Oporto.<\/p>\n<h4>\u00bfC\u00f3mo se elaboran los vinos de Oporto<\/h4>\n<p>Y, <strong>\u00bfC\u00f3mo se elaboran estos vinos?<\/strong> Tal y como contaron los compa\u00f1eros de La mesa del Conde, <a href=\"https:\/\/lamesadelconde.es\/vinos-de-oporto-en-bodegas-calem\/\" rel=\"noopener\" target=\"_blank\">los vinos de Oporto<\/a> son unos vinos que <strong>se elaboran en dos fases<\/strong>. Primero, en la bodegas de origen en la zona alta del Douro portugu\u00e9s, que va desde la frontera hasta m\u00e1s o menos Vila Real; donde <strong>se elaboran unos vinos a medio hacer<\/strong>.<\/p>\n<div id=\"attachment_1990\" style=\"width: 590px\" class=\"wp-caption aligncenter\"><img decoding=\"async\" aria-describedby=\"caption-attachment-1990\" src=\"https:\/\/destinoysabor.com\/blog\/wp-content\/uploads\/2017\/07\/3a3fc2ada6ab8f16df9e15f905564d5c.jpg\" alt=\"R\u00edo Duero a su paso por Oporto, con sus tradicionales barcas que transportaban el vino - Destino y Sabor\" width=\"580\" class=\"size-full wp-image-1990\" srcset=\"https:\/\/destinoysabor.com\/blog\/wp-content\/uploads\/2017\/07\/3a3fc2ada6ab8f16df9e15f905564d5c.jpg 640w, https:\/\/destinoysabor.com\/blog\/wp-content\/uploads\/2017\/07\/3a3fc2ada6ab8f16df9e15f905564d5c-300x188.jpg 300w, https:\/\/destinoysabor.com\/blog\/wp-content\/uploads\/2017\/07\/3a3fc2ada6ab8f16df9e15f905564d5c-330x206.jpg 330w\" sizes=\"(max-width: 640px) 100vw, 640px\" \/><p id=\"caption-attachment-1990\" class=\"wp-caption-text\">R\u00edo Duero a su paso por Oporto, con sus tradicionales barcas que transportaban el vino &#8211; Destino y Sabor<\/p><\/div>\n<p>Y luego una segunda, <strong>en Vilanova de Gaia, donde se fortalecen con aguardientes blancos sin sabor<\/strong>, de forma que, con el paso de muchos a\u00f1os en dep\u00f3sitos de madera de roble, se integra el alcohol con la dulzura de los az\u00facares residuales del vino de Douro.<\/p>\n<h4>Vinos de la Bodega Casa de Mateus<\/h4>\n<p>Despejada la duda de si los vinos rosados Mateus y estas instalaciones tienen relaci\u00f3n directa, <strong>os diremos que los vinos elaborados aqu\u00ed, son vinos de Oporto<\/strong>, por lo que en estas instalaciones se elabora la base de ese vino del Douro, pero se finaliza en Oporto.<\/p>\n<p><img decoding=\"async\" src=\"https:\/\/destinoysabor.com\/blog\/wp-content\/uploads\/2021\/08\/Botelle-de-Quinta-da-Costa.jpg\" alt=\"\"  width=\"220\" class=\"aligncenter size-full wp-image-5722\" srcset=\"https:\/\/destinoysabor.com\/blog\/wp-content\/uploads\/2021\/08\/Botelle-de-Quinta-da-Costa.jpg 172w, https:\/\/destinoysabor.com\/blog\/wp-content\/uploads\/2021\/08\/Botelle-de-Quinta-da-Costa-129x300.jpg 129w\" sizes=\"(max-width: 172px) 100vw, 172px\" \/><\/p>\n<p>Los vinos elaborados por esta bodega <strong>son los vinos de Quinta da Costas<\/strong>, en varios formatos, Vintage, Aguaneiras, o LBV (Late Bottled Vintage). No obstante, desde hace un tiempo, en las degustaciones, <strong>tambi\u00e9n se puede catar vinos de la DOP. Douro<\/strong>.<a name=\"Palacio\"><\/a><\/p>\n<h3>Visita al Palacio<\/h3>\n<p>Si bien la parte de la bodega est\u00e1 m\u00e1s ligada al enoturismo, <strong>la visita al palacio y a la capilla, es algo compartido con un turismo m\u00e1s convencional<\/strong>.<\/p>\n<p>El acceso al edificio <strong>se realiza desde dos sitios, la parte noble<\/strong>, subiendo por unas escaleras reales; o bien, <strong>si se entraba con coche de caballos<\/strong>, por un acceso a nivel de tierra por el eje de simetr\u00eda del palacio.<\/p>\n<div id=\"attachment_5728\" style=\"width: 650px\" class=\"wp-caption aligncenter\"><img decoding=\"async\" aria-describedby=\"caption-attachment-5728\" src=\"https:\/\/destinoysabor.com\/blog\/wp-content\/uploads\/2021\/08\/Entrada-principal-al-palacio-Destino-y-Sabor.jpg\" alt=\"Bodegas Casa de Mateus\" title=\"Entrada principal al palacio - Destino y Sabor\" width=\"640\" height=\"395\" class=\"size-full wp-image-5728\" srcset=\"https:\/\/destinoysabor.com\/blog\/wp-content\/uploads\/2021\/08\/Entrada-principal-al-palacio-Destino-y-Sabor.jpg 640w, https:\/\/destinoysabor.com\/blog\/wp-content\/uploads\/2021\/08\/Entrada-principal-al-palacio-Destino-y-Sabor-300x185.jpg 300w, https:\/\/destinoysabor.com\/blog\/wp-content\/uploads\/2021\/08\/Entrada-principal-al-palacio-Destino-y-Sabor-330x204.jpg 330w\" sizes=\"(max-width: 640px) 100vw, 640px\" \/><p id=\"caption-attachment-5728\" class=\"wp-caption-text\">Entrada principal al palacio &#8211; Destino y Sabor<\/p><\/div>\n<p>En el interior <strong>no nos dejaron hacer fotograf\u00edas, por lo que poco podemos mostraros<\/strong>. Os indicaremos que es <strong>un edificio restaurado y conservado con varias salas visitables<\/strong>. Hay un ala con elementos m\u00e1s originales, mientras que el otro posee elementos antiguos, casi <em>vintage<\/em>, que se dice actualmente, pero que eran m\u00e1s funcionales. <\/p>\n<h4>Estancias visitables<\/h4>\n<p><strong>No vamos a contarte todo lo que puedes ver, pues te recomendamos visitar este hermoso palacio<\/strong>, aunque s\u00ed te daremos algunas pinceladas de las estancias que se muestran en una visita guiada.<\/p>\n<div id=\"attachment_5743\" style=\"width: 650px\" class=\"wp-caption aligncenter\"><img decoding=\"async\" aria-describedby=\"caption-attachment-5743\" src=\"https:\/\/destinoysabor.com\/blog\/wp-content\/uploads\/2021\/08\/Recibidor-del-palacio-Imagen-de-Xiquinhosilva.jpg\" alt=\"Bodegas Casa de Mateus\" title=\"Recibidor del palacio - Imagen de Xiquinhosilva\" width=\"640\" height=\"360\" class=\"size-full wp-image-5743\" srcset=\"https:\/\/destinoysabor.com\/blog\/wp-content\/uploads\/2021\/08\/Recibidor-del-palacio-Imagen-de-Xiquinhosilva.jpg 640w, https:\/\/destinoysabor.com\/blog\/wp-content\/uploads\/2021\/08\/Recibidor-del-palacio-Imagen-de-Xiquinhosilva-300x169.jpg 300w, https:\/\/destinoysabor.com\/blog\/wp-content\/uploads\/2021\/08\/Recibidor-del-palacio-Imagen-de-Xiquinhosilva-330x186.jpg 330w\" sizes=\"(max-width: 640px) 100vw, 640px\" \/><p id=\"caption-attachment-5743\" class=\"wp-caption-text\">Recibidor del palacio &#8211; Imagen de Xiquinhosilva<\/p><\/div>\n<p><strong>El ala oriental del palacio fue habitada por el constructor original<\/strong>, por lo que son conocidas como las antiguas \u201cSalas de Mateus d&#8217;All\u00e9m\u201d, pues <strong>conservan gran parte de la esencia original<\/strong>, pues no ha tenido grandes reformas, si obviamos las realizadas por su nieto para volverlas algo m\u00e1s \u201cmodernas y funcionales\u201d. No obstante, est\u00e1n una colecci\u00f3n de muebles de bella factura neoclasicista, as\u00ed como gran cantidad de esculturas y pinturas.<\/p>\n<div id=\"attachment_5740\" style=\"width: 650px\" class=\"wp-caption aligncenter\"><img decoding=\"async\" aria-describedby=\"caption-attachment-5740\" src=\"https:\/\/destinoysabor.com\/blog\/wp-content\/uploads\/2021\/08\/Biblioteca-del-Palacio-Imagen-de-Pedro-de-Maia.jpg\" alt=\"Bodegas Casa de Mateus\" title=\"Biblioteca del Palacio - Imagen de Pedro de Maia\" width=\"640\" height=\"427\" class=\"size-full wp-image-5740\" srcset=\"https:\/\/destinoysabor.com\/blog\/wp-content\/uploads\/2021\/08\/Biblioteca-del-Palacio-Imagen-de-Pedro-de-Maia.jpg 640w, https:\/\/destinoysabor.com\/blog\/wp-content\/uploads\/2021\/08\/Biblioteca-del-Palacio-Imagen-de-Pedro-de-Maia-300x200.jpg 300w, https:\/\/destinoysabor.com\/blog\/wp-content\/uploads\/2021\/08\/Biblioteca-del-Palacio-Imagen-de-Pedro-de-Maia-330x220.jpg 330w, https:\/\/destinoysabor.com\/blog\/wp-content\/uploads\/2021\/08\/Biblioteca-del-Palacio-Imagen-de-Pedro-de-Maia-296x197.jpg 296w\" sizes=\"(max-width: 640px) 100vw, 640px\" \/><p id=\"caption-attachment-5740\" class=\"wp-caption-text\">Biblioteca del Palacio &#8211; Imagen de Pedro de Maia<\/p><\/div>\n<p>En otras alas del edificio <strong>est\u00e1n las habitaciones de ladrillo, la de la vajilla azul, y el comedor<\/strong>. En esta sala se exponen bellos ejemplos de cuberter\u00edas de plata barrocas y rococ\u00f3, as\u00ed como piezas de porcelana china.<\/p>\n<div id=\"attachment_5741\" style=\"width: 650px\" class=\"wp-caption aligncenter\"><img decoding=\"async\" aria-describedby=\"caption-attachment-5741\" src=\"https:\/\/destinoysabor.com\/blog\/wp-content\/uploads\/2021\/08\/Comedor-de-gala-del-palacio-Imagen-de-Xiquinhosilva.jpg\" alt=\"Bodegas Casa de Mateus\" title=\"Comedor de gala del palacio - Imagen de Xiquinhosilva\" width=\"640\" height=\"427\" class=\"size-full wp-image-5741\" srcset=\"https:\/\/destinoysabor.com\/blog\/wp-content\/uploads\/2021\/08\/Comedor-de-gala-del-palacio-Imagen-de-Xiquinhosilva.jpg 640w, https:\/\/destinoysabor.com\/blog\/wp-content\/uploads\/2021\/08\/Comedor-de-gala-del-palacio-Imagen-de-Xiquinhosilva-300x200.jpg 300w, https:\/\/destinoysabor.com\/blog\/wp-content\/uploads\/2021\/08\/Comedor-de-gala-del-palacio-Imagen-de-Xiquinhosilva-330x220.jpg 330w, https:\/\/destinoysabor.com\/blog\/wp-content\/uploads\/2021\/08\/Comedor-de-gala-del-palacio-Imagen-de-Xiquinhosilva-296x197.jpg 296w\" sizes=\"(max-width: 640px) 100vw, 640px\" \/><p id=\"caption-attachment-5741\" class=\"wp-caption-text\">Comedor de gala del palacio &#8211; Imagen de Xiquinhosilva<\/p><\/div>\n<p>Existe otra sala dedicada a ser <strong>una especie de museo de arte sacro, con piezas rescatadas de diversos lugares, especialmente en los siglos XVII y XVIII<\/strong>. Por destacar alguna pieza m\u00e1s en concreto, las im\u00e1genes de <em>Nossa Senhora da Concei\u00e7\u00e3o<\/em>, realizada en marfil de origen indoportugu\u00e9s. Santa Ana ense\u00f1ando a leer a la Virgen y Cristo agonizante cingalo-portugu\u00e9s, del siglo XVI tallado en m\u00e1rmol.<\/p>\n<h4>La armer\u00eda<\/h4>\n<p>La familia Sousa Botelho Mour\u00e3o <strong>tambi\u00e9n tuvo una faceta militar, llegando a ser gobernadores y capitanes general de S\u00e3o Paulo durante el siglo XVIII<\/strong>. Fruto de su actividad, existe este sala acondicionada para rendir homenaje a las aventuras, especialmente a D. Lu\u00eds Ant\u00f3nio de Sousa Botelho Mour\u00e3o, cabeza de la familia en la segunda mitad del siglo XVIII.<\/p>\n<h4>Diferentes estilos<\/h4>\n<p>Dentro de <strong>las colecciones del palacio, destaca la interesante e importante biblioteca de la familia Sousa Botelho<\/strong>, la misma que lleva siendo propietaria de la finca desde que se orden\u00f3 edificar. En las diferentes estancias visitables, <strong>puedes disfrutar de los artesonados, pinturas al \u00f3leo, muebles de \u00e9poca, platos y jarrones orientales, etc.<\/strong> Todo de muy buen gusto en general.<\/p>\n<div id=\"attachment_5742\" style=\"width: 650px\" class=\"wp-caption aligncenter\"><img decoding=\"async\" aria-describedby=\"caption-attachment-5742\" src=\"https:\/\/destinoysabor.com\/blog\/wp-content\/uploads\/2021\/08\/Estancia-visitable-del-palacio-Imagen-de-Xiquinhosilva.jpg\" alt=\"Bodegas Casa de Mateus\" title=\"Estancia visitable del palacio - Imagen de Xiquinhosilva\" width=\"640\" height=\"360\" class=\"size-full wp-image-5742\" srcset=\"https:\/\/destinoysabor.com\/blog\/wp-content\/uploads\/2021\/08\/Estancia-visitable-del-palacio-Imagen-de-Xiquinhosilva.jpg 640w, https:\/\/destinoysabor.com\/blog\/wp-content\/uploads\/2021\/08\/Estancia-visitable-del-palacio-Imagen-de-Xiquinhosilva-300x169.jpg 300w, https:\/\/destinoysabor.com\/blog\/wp-content\/uploads\/2021\/08\/Estancia-visitable-del-palacio-Imagen-de-Xiquinhosilva-330x186.jpg 330w\" sizes=\"(max-width: 640px) 100vw, 640px\" \/><p id=\"caption-attachment-5742\" class=\"wp-caption-text\">Estancia visitable del palacio &#8211; Imagen de Xiquinhosilva<\/p><\/div>\n<h4>Las caballerizas<\/h4>\n<p>Si bien nuestra visita <strong>no comprendi\u00f3 las salas del servicio<\/strong>, ya que posiblemente las originales se han transformado en oficinas de los equipos de gesti\u00f3n y mantenimiento de la finca y la empresa, si hay una zona que vamos a visitar.<\/p>\n<div id=\"attachment_5723\" style=\"width: 650px\" class=\"wp-caption aligncenter\"><img decoding=\"async\" aria-describedby=\"caption-attachment-5723\" src=\"https:\/\/destinoysabor.com\/blog\/wp-content\/uploads\/2021\/08\/Las-caballerizas-bajo-el-palacio-Destino-y-Sabor.jpg\" alt=\"Las caballerizas bajo el palacio - Destino y Sabor\" width=\"640\" height=\"427\" class=\"size-full wp-image-5723\" srcset=\"https:\/\/destinoysabor.com\/blog\/wp-content\/uploads\/2021\/08\/Las-caballerizas-bajo-el-palacio-Destino-y-Sabor.jpg 640w, https:\/\/destinoysabor.com\/blog\/wp-content\/uploads\/2021\/08\/Las-caballerizas-bajo-el-palacio-Destino-y-Sabor-300x200.jpg 300w, https:\/\/destinoysabor.com\/blog\/wp-content\/uploads\/2021\/08\/Las-caballerizas-bajo-el-palacio-Destino-y-Sabor-330x220.jpg 330w, https:\/\/destinoysabor.com\/blog\/wp-content\/uploads\/2021\/08\/Las-caballerizas-bajo-el-palacio-Destino-y-Sabor-296x197.jpg 296w\" sizes=\"(max-width: 640px) 100vw, 640px\" \/><p id=\"caption-attachment-5723\" class=\"wp-caption-text\">Las caballerizas bajo el palacio &#8211; Destino y Sabor<\/p><\/div>\n<p>Son <strong>las caballerizas del Palacio. All\u00ed hay varios carruajes de la familia<\/strong>. Lo m\u00e1s llamativo es el empedrado original de trabajo; que, aunque no es una zona noble, sigue estando realizado con mucho estilo y dedicaci\u00f3n.<a name=\"Iglesia\"><\/a><\/p>\n<h3>Visita a la Capilla del Palacio<\/h3>\n<p>Como buen palacio cat\u00f3lico, <strong>este complejo est\u00e1 rematado por una capilla, si bien algo escorada de la fachada principal<\/strong> y con accesos directos desde los patios y desde el palacio.<\/p>\n<div id=\"attachment_5724\" style=\"width: 650px\" class=\"wp-caption aligncenter\"><img decoding=\"async\" aria-describedby=\"caption-attachment-5724\" src=\"https:\/\/destinoysabor.com\/blog\/wp-content\/uploads\/2021\/08\/Fachada-principal-de-la-Capilla-del-palacio-Destino-y-Sabor.jpg\" alt=\"Fachada principal de la Capilla del palacio - Destino y Sabor\" width=\"640\" height=\"360\" class=\"size-full wp-image-5724\" srcset=\"https:\/\/destinoysabor.com\/blog\/wp-content\/uploads\/2021\/08\/Fachada-principal-de-la-Capilla-del-palacio-Destino-y-Sabor.jpg 640w, https:\/\/destinoysabor.com\/blog\/wp-content\/uploads\/2021\/08\/Fachada-principal-de-la-Capilla-del-palacio-Destino-y-Sabor-300x169.jpg 300w, https:\/\/destinoysabor.com\/blog\/wp-content\/uploads\/2021\/08\/Fachada-principal-de-la-Capilla-del-palacio-Destino-y-Sabor-330x186.jpg 330w\" sizes=\"(max-width: 640px) 100vw, 640px\" \/><p id=\"caption-attachment-5724\" class=\"wp-caption-text\">Fachada principal de la Capilla del palacio &#8211; Destino y Sabor<\/p><\/div>\n<p>Se trata de <strong>una construcci\u00f3n barroca ligeramente posterior al edificio principal<\/strong>, ya que sustituy\u00f3 a una primera capilla inicial, para hacerla m\u00e1s amplia y acorde a la construcci\u00f3n palaciega.<\/p>\n<div id=\"attachment_5744\" style=\"width: 650px\" class=\"wp-caption aligncenter\"><img decoding=\"async\" aria-describedby=\"caption-attachment-5744\" src=\"https:\/\/destinoysabor.com\/blog\/wp-content\/uploads\/2021\/08\/Retablo-tipico-de-las-iglesias-de-Portugal-en-la-Capilla-Imagen-de-Xiquinhosilva.jpg\" alt=\"Retablo t\u00edpico de las iglesias de Portugal en la Capilla - Imagen de Xiquinhosilva\" width=\"640\" height=\"427\" class=\"size-full wp-image-5744\" srcset=\"https:\/\/destinoysabor.com\/blog\/wp-content\/uploads\/2021\/08\/Retablo-tipico-de-las-iglesias-de-Portugal-en-la-Capilla-Imagen-de-Xiquinhosilva.jpg 640w, https:\/\/destinoysabor.com\/blog\/wp-content\/uploads\/2021\/08\/Retablo-tipico-de-las-iglesias-de-Portugal-en-la-Capilla-Imagen-de-Xiquinhosilva-300x200.jpg 300w, https:\/\/destinoysabor.com\/blog\/wp-content\/uploads\/2021\/08\/Retablo-tipico-de-las-iglesias-de-Portugal-en-la-Capilla-Imagen-de-Xiquinhosilva-330x220.jpg 330w, https:\/\/destinoysabor.com\/blog\/wp-content\/uploads\/2021\/08\/Retablo-tipico-de-las-iglesias-de-Portugal-en-la-Capilla-Imagen-de-Xiquinhosilva-296x197.jpg 296w\" sizes=\"(max-width: 640px) 100vw, 640px\" \/><p id=\"caption-attachment-5744\" class=\"wp-caption-text\">Retablo t\u00edpico de las iglesias de Portugal en la Capilla &#8211; Imagen de Xiquinhosilva<\/p><\/div>\n<p>Su interior, <strong>para el estilo barroco imperante es bastante sencillo<\/strong> debido a las reformas necesarias para su restauraci\u00f3n. Dentro, <strong>la capilla mayor posee el estilo cl\u00e1sico de los retablos portugueses<\/strong>. En ese retablo con muchos pisos, se guardan muchas reliquias atesoradas por la familia. <a name=\"Jardines\"><\/a><\/p>\n<h3>Visita a los jardines posteriores<\/h3>\n<p>Finalizada la visita a las construcciones principales, <strong>el visitante puede permanecer un rato m\u00e1s en los jardines posteriores<\/strong>. Estos jardines son distintos a los que vimos inicialmente. <strong>Son m\u00e1s de estilo franc\u00e9s, con paternes decorados con setos, flores y alguna fuente<\/strong>.<\/p>\n<div id=\"attachment_5725\" style=\"width: 650px\" class=\"wp-caption aligncenter\"><img decoding=\"async\" aria-describedby=\"caption-attachment-5725\" src=\"https:\/\/destinoysabor.com\/blog\/wp-content\/uploads\/2021\/08\/Jardines-posteriores-del-palacio-Casa-de-Mateus-Destino-y-Sabor.jpg\" alt=\"Jardines posteriores del palacio Casa de Mateus - Destino y Sabor\" width=\"640\" height=\"360\" class=\"size-full wp-image-5725\" srcset=\"https:\/\/destinoysabor.com\/blog\/wp-content\/uploads\/2021\/08\/Jardines-posteriores-del-palacio-Casa-de-Mateus-Destino-y-Sabor.jpg 640w, https:\/\/destinoysabor.com\/blog\/wp-content\/uploads\/2021\/08\/Jardines-posteriores-del-palacio-Casa-de-Mateus-Destino-y-Sabor-300x169.jpg 300w, https:\/\/destinoysabor.com\/blog\/wp-content\/uploads\/2021\/08\/Jardines-posteriores-del-palacio-Casa-de-Mateus-Destino-y-Sabor-330x186.jpg 330w\" sizes=\"(max-width: 640px) 100vw, 640px\" \/><p id=\"caption-attachment-5725\" class=\"wp-caption-text\">Jardines posteriores del palacio Casa de Mateus &#8211; Destino y Sabor<\/p><\/div>\n<p>En la l\u00ednea de simetr\u00eda del palacio, <strong>aparece un t\u00fanel formado por \u00e1rboles cipreses domados para crear un pasillo con mucha oscuridad.<\/strong> Adem\u00e1s, es necesario descender unas escaleras para llegar. Pasando este t\u00fanel vegetal, se llega a la huertas y vi\u00f1edos de la finca, quedando los jardines a un nivel superior a modo de terrazas.<\/p>\n<div id=\"attachment_5726\" style=\"width: 650px\" class=\"wp-caption aligncenter\"><img decoding=\"async\" aria-describedby=\"caption-attachment-5726\" src=\"https:\/\/destinoysabor.com\/blog\/wp-content\/uploads\/2021\/08\/Huerto-y-vinedos-del-palacio-Destino-y-Sabor.jpg\" alt=\"Huerto y vi\u00f1edos del palacio - Destino y Sabor\" width=\"640\" height=\"360\" class=\"size-full wp-image-5726\" srcset=\"https:\/\/destinoysabor.com\/blog\/wp-content\/uploads\/2021\/08\/Huerto-y-vinedos-del-palacio-Destino-y-Sabor.jpg 640w, https:\/\/destinoysabor.com\/blog\/wp-content\/uploads\/2021\/08\/Huerto-y-vinedos-del-palacio-Destino-y-Sabor-300x169.jpg 300w, https:\/\/destinoysabor.com\/blog\/wp-content\/uploads\/2021\/08\/Huerto-y-vinedos-del-palacio-Destino-y-Sabor-330x186.jpg 330w\" sizes=\"(max-width: 640px) 100vw, 640px\" \/><p id=\"caption-attachment-5726\" class=\"wp-caption-text\">Huerto y vi\u00f1edos del palacio &#8211; Destino y Sabor<\/p><\/div>\n<h2>Valoraci\u00f3n general de la visita<\/h2>\n<p>Sin duda <strong>es una experiencia interesante, aunque no es muy econ\u00f3mica, para el coste medio de Portugal<\/strong>, pero como en muchos aspectos relacionados con el enoturismo en Portugal, est\u00e1 muy bien planteado, con mucha elegancia.<\/p>\n<blockquote><p>El coste de la entrada a los jardines es bastante elevado en comparaci\u00f3n con el de la visita guiada, por lo que, si tienes tiempo, te recomendamos hacer la visita completa.<\/p><\/blockquote>\n<h3>Las degustaciones y catas de vino<\/h3>\n<p>Nuestra experiencia catando vinos en Portugal es buena, <strong>por lo general suelen estar bien dirigidas<\/strong>. La cata en esta bodega palacio es interesante, porque <strong>existen tarifas que os permiten catar vinos tanto de Oporto como los vinos del Douro<\/strong>.<\/p>\n<h3>Visita en familia<\/h3>\n<p><strong>La visita al palacio puede resultar molesta si viaj\u00e1is con ni\u00f1os peque\u00f1os<\/strong>, pues hay muchas explicaciones y esto puede resultar aburrida para ellos. Al no dejar de ser una vivienda de la familia, con objetos originales, <strong>los gu\u00edas son bastante estrictos en el orden<\/strong>; totalmente comprensible. <a name=\"Situacion\"><\/a><\/p>\n<h2>Informaci\u00f3n de inter\u00e9s<\/h2>\n<h3>Situaci\u00f3n<\/h3>\n<p><strong>Palacio Casa de Mateus<\/strong><br \/>\nCarretera nacional N322 (<a href=\"https:\/\/goo.gl\/maps\/6jJEVGZWpWMd3GE37\" rel=\"NoFollow noopener\" target=\"_Blank\">ver en un mapa<\/a>)<br \/>\nFregues\u00eda de Mateus, Villa Real (Portugal) <\/p>\n<div id=\"attachment_5736\" style=\"width: 650px\" class=\"wp-caption aligncenter\"><img decoding=\"async\" aria-describedby=\"caption-attachment-5736\" src=\"https:\/\/destinoysabor.com\/blog\/wp-content\/uploads\/2021\/08\/Jardines-de-Mateus-Destino-y-Sabor.jpg\" alt=\"Jardines de Mateus - Destino y Sabor\" width=\"640\" height=\"360\" class=\"size-full wp-image-5736\" srcset=\"https:\/\/destinoysabor.com\/blog\/wp-content\/uploads\/2021\/08\/Jardines-de-Mateus-Destino-y-Sabor.jpg 640w, https:\/\/destinoysabor.com\/blog\/wp-content\/uploads\/2021\/08\/Jardines-de-Mateus-Destino-y-Sabor-300x169.jpg 300w, https:\/\/destinoysabor.com\/blog\/wp-content\/uploads\/2021\/08\/Jardines-de-Mateus-Destino-y-Sabor-330x186.jpg 330w\" sizes=\"(max-width: 640px) 100vw, 640px\" \/><p id=\"caption-attachment-5736\" class=\"wp-caption-text\">Jardines de Mateus &#8211; Destino y Sabor<\/p><\/div><a name=\"Horarios\"><\/a><\/p>\n<h3>Horarios de apertura al p\u00fablico<\/h3>\n<p>De lunes a viernes de 9:30 a 18:00 horas.<br \/>\nS\u00e1bados y domingos: de 9:00 a 18:00 horas.<br \/>\n<strong>Visitas guiadas cada 15 minutos<\/strong> en grupos reducidos. Consultar en la taquilla horario por idioma. <a name=\"Precios\"><\/a><\/p>\n<h3>Precios de las entradas<\/h3>\n<p>Existen <strong>varios formatos de visita<\/strong>. Os contamos del m\u00e1s completo al m\u00e1s b\u00e1sico.<\/p>\n<h4>Visita guiada completa<\/h4>\n<p>Incluye la visita al palacio, la capilla y la bodega, m\u00e1s visita libre a los jardines. Tiempo aproximado <strong>1 hora<\/strong>.<br \/>\nAdulto: 20,00 \u20ac\/persona.<br \/>\nNi\u00f1os de 6 a 12 a\u00f1os: 10,00 \u20ac\/persona.<br \/>\nEstudiantes hasta 25: 15,00 \u20ac\/persona.<\/p>\n<h4>Visita guiada est\u00e1ndar<\/h4>\n<p>Se trata de una visita guiada por el palacio, e incluye la visita libre a los jardines. El tiempo aproximado es de <strong>30 minutos<\/strong>.<br \/>\nAdulto: 13,00 \u20ac\/persona.<br \/>\nNi\u00f1os de 6 a 12 a\u00f1os: 6,50 \u20ac\/persona.<br \/>\nEstudiantes hasta 25: 9,75 \u20ac\/persona.<\/p>\n<h4>Visita libre a los jardines<\/h4>\n<p>Se trata de una <strong>visita por libre a los jardines<\/strong> de la Casa de Mateus.<br \/>\nAdulto: 9,50 \u20ac\/persona.<br \/>\nNi\u00f1os de 6 a 12 a\u00f1os: 4,75 \u20ac\/persona.<br \/>\nEstudiantes hasta 25: 7,00 \u20ac\/persona.<\/p>\n<div id=\"attachment_5727\" style=\"width: 650px\" class=\"wp-caption aligncenter\"><img decoding=\"async\" aria-describedby=\"caption-attachment-5727\" src=\"https:\/\/destinoysabor.com\/blog\/wp-content\/uploads\/2021\/08\/Tunel-de-arboles-en-los-jardines-posteriores-Destino-y-Sabor.jpg\" alt=\"T\u00fanel de \u00e1rboles en los jardines posteriores - Destino y Sabor\" width=\"640\" height=\"360\" class=\"size-full wp-image-5727\" srcset=\"https:\/\/destinoysabor.com\/blog\/wp-content\/uploads\/2021\/08\/Tunel-de-arboles-en-los-jardines-posteriores-Destino-y-Sabor.jpg 640w, https:\/\/destinoysabor.com\/blog\/wp-content\/uploads\/2021\/08\/Tunel-de-arboles-en-los-jardines-posteriores-Destino-y-Sabor-300x169.jpg 300w, https:\/\/destinoysabor.com\/blog\/wp-content\/uploads\/2021\/08\/Tunel-de-arboles-en-los-jardines-posteriores-Destino-y-Sabor-330x186.jpg 330w\" sizes=\"(max-width: 640px) 100vw, 640px\" \/><p id=\"caption-attachment-5727\" class=\"wp-caption-text\">T\u00fanel de \u00e1rboles en los jardines posteriores &#8211; Destino y Sabor<\/p><\/div>\n<h4>Otras visitas<\/h4>\n<p>Existen <strong>otras opciones de visita a medida<\/strong>, puedes consultar directamente en <a href=\"http:\/\/casademateus.com\/marcacao-de-visitas-como-chegar-2020\/\" rel=\"NoFollow noopener\" target=\"_blank\">su web<\/a>. Hay bonos familiares, a la carta, especiales con almuerzo,..<\/p>\n<h4>Coste de las catas<\/h4>\n<p>Existen <strong>varios formatos de degustaci\u00f3n comentadas<\/strong>. Todas incluyen agua, pan y productos t\u00edpicos de la tierra para acompa\u00f1ar los vinos a catar. Estas degustaciones van de 2 vinos DOP. Douro, a 4 4 vinos de la DOG. Porto, pasando por varias combinaciones. <a name=\"Llegar\"><\/a><\/p>\n<h2>Informaci\u00f3n general<\/h2>\n<h3>\u00bfC\u00f3mo llegar<\/h3>\n<p>Aunque ya lo hemos comentado, <strong>el <a href=\"https:\/\/goo.gl\/maps\/6jJEVGZWpWMd3GE37\" rel=\"NoFollow noopener\" target=\"_Blank\">Palacio Bodegas Casa de Mateus<\/a> se encuentra en un barrio en el extrarradio de Vila Real, en Portugal<\/strong>. Esta ciudad es la capital de la regi\u00f3n hom\u00f3nima, si bien tienes que llegar a la ciudad y luego buscar <strong>la carretera N322, y a escasos 5 kil\u00f3metros<\/strong> aproximadamente te encuentras con la finca. <a name=\"Comer\"><\/a><\/p>\n<h3>\u00bfD\u00f3nde comer?<\/h3>\n<p>Si vas muy apurado, <strong>puedes comer en los bares y restaurantes que han surgido a la puerta de la finca<\/strong>. Nosotros no comimos ah\u00ed, por lo que no podemos darte referencia. Entendemos que al ser un lugar un tanto m\u00e1s aislado y con menor competencia pueda resultar caro, aunque Portugal resulta econ\u00f3mico para comer en general.<\/p>\n<div id=\"attachment_5264\" style=\"width: 590px\" class=\"wp-caption aligncenter\"><img decoding=\"async\" aria-describedby=\"caption-attachment-5264\" src=\"https:\/\/destinoysabor.com\/blog\/wp-content\/uploads\/2020\/12\/Franceshina-en-Vila-Real-Destino-y-Sabor.jpg\" alt=\"Franceshina en Vila Real - Destino y Sabor\" width=\"580\" height=\"326\" class=\"size-full wp-image-5264\" srcset=\"https:\/\/destinoysabor.com\/blog\/wp-content\/uploads\/2020\/12\/Franceshina-en-Vila-Real-Destino-y-Sabor.jpg 580w, https:\/\/destinoysabor.com\/blog\/wp-content\/uploads\/2020\/12\/Franceshina-en-Vila-Real-Destino-y-Sabor-300x169.jpg 300w, https:\/\/destinoysabor.com\/blog\/wp-content\/uploads\/2020\/12\/Franceshina-en-Vila-Real-Destino-y-Sabor-330x185.jpg 330w\" sizes=\"(max-width: 580px) 100vw, 580px\" \/><p id=\"caption-attachment-5264\" class=\"wp-caption-text\">Franceshina en Vila Real &#8211; Destino y Sabor<\/p><\/div>\n<p>Como te contamos en nuestra gu\u00eda sobre Vila Real, <strong>en la ciudad vieja hay muchos restaurantes con comida local<\/strong>, y aunque est\u00e1n bastante orientados al turismo, se come bastante bien a poco precio. <a name=\"Dormir\"><\/a><\/p>\n<h3>\u00bfD\u00f3nde alojarte?<\/h3>\n<p>Nuevamente nos referenciaremos a la anterior publicaci\u00f3n sobre Vila Real. <strong>Nosotros no nos alojamos en esta ciudad<\/strong>, ya que est\u00e1bamos a medio camino entre Vila Real y Viseu, <strong>en la casa rural <a href=\"https:\/\/www.booking.com\/hotel\/pt\/quinta-da-rabacosa-turismo-rural.es.html?aid=1281624;sid=6cacca2f390dbc7aeb8db2324842c4f9;dest_id=-2162572;dest_type=city;dist=0;group_adults=1;group_children=0;hapos=1;hpos=1;no_rooms=1;req_adults=1;req_children=0;room1=A;sb_price_type=total;sr_order=popularity;srepoch=1563868183;srpvid=e19b370b99660025;type=total;ucfs=1&#038;#hotelTmpl\" target=\"_Blank\" rel=\"NoFollow noopener noreferrer\">Quinta da Raba\u00e7osa<\/a>, en Castro Daire<\/strong>. Totalmente recomendable para un turismo familiar.<\/p>\n<div id=\"attachment_4271\" style=\"width: 650px\" class=\"wp-caption aligncenter\"><img decoding=\"async\" aria-describedby=\"caption-attachment-4271\" src=\"https:\/\/destinoysabor.com\/blog\/wp-content\/uploads\/2019\/08\/2377cf250cb730ce4a6a2e544ccac10f.jpg\" alt=\"Quinta da Raba\u00e7osa - Destino y Sabor\" width=\"580\" class=\"size-full wp-image-4271\" srcset=\"https:\/\/destinoysabor.com\/blog\/wp-content\/uploads\/2019\/08\/2377cf250cb730ce4a6a2e544ccac10f.jpg 640w, https:\/\/destinoysabor.com\/blog\/wp-content\/uploads\/2019\/08\/2377cf250cb730ce4a6a2e544ccac10f-300x200.jpg 300w, https:\/\/destinoysabor.com\/blog\/wp-content\/uploads\/2019\/08\/2377cf250cb730ce4a6a2e544ccac10f-330x220.jpg 330w, https:\/\/destinoysabor.com\/blog\/wp-content\/uploads\/2019\/08\/2377cf250cb730ce4a6a2e544ccac10f-296x197.jpg 296w\" sizes=\"(max-width: 640px) 100vw, 640px\" \/><p id=\"caption-attachment-4271\" class=\"wp-caption-text\"><a href=\"https:\/\/www.booking.com\/hotel\/pt\/quinta-da-rabacosa-turismo-rural.es.html?aid=1281624;sid=6cacca2f390dbc7aeb8db2324842c4f9;dest_id=-2162572;dest_type=city;dist=0;group_adults=1;group_children=0;hapos=1;hpos=1;no_rooms=1;req_adults=1;req_children=0;room1=A;sb_price_type=total;sr_order=popularity;srepoch=1563868183;srpvid=e19b370b99660025;type=total;ucfs=1&#038;#hotelTmpl\" target=\"_Blank\" rel=\"NoFollow noopener noreferrer\">Quinta da Raba\u00e7osa<\/a> &#8211; Destino y Sabor<\/p><\/div>\n<p>Ahora bien, <strong>si quieres alojarte en Vila Real<\/strong>, cuidado, porque no hay mucha oferta. Nos parecen interesantes <strong><a href=\"https:\/\/www.booking.com\/hotel\/pt\/quarto-nadir-afonso.es.html?aid=1366112;sid=810d0fb5194806bd5f19e409f53523f5;atlas_src=sr_iw_btn;dest_id=-2179752;dest_type=city;dist=0;group_adults=2;group_children=0;no_rooms=1;room1=A%2CA;sb_price_type=total;type=total;ucfs=1&#038;\" rel=\"nofollow noopener\" target=\"_blank\">los apartahoteles Novabila Guesthouse<\/a><\/strong> o la <strong><a href=\"https:\/\/www.booking.com\/hotel\/pt\/douro-village-hostel.es.html?aid=1366112;sid=810d0fb5194806bd5f19e409f53523f5;atlas_src=sr_iw_btn;dest_id=-2179752;dest_type=city;dist=0;group_adults=2;group_children=0;no_rooms=1;room1=A%2CA;sb_price_type=total;type=total;ucfs=1&#038;\" rel=\"nofollow noopener\" target=\"_blank\">casa de hu\u00e9spedes Douro Village Hostel<\/a><\/strong>. Reserva con tiempo, o igual no encuentras plazas disponibles. <a name=\"Historia\"><\/a><\/p>\n<h3>Breve relato hist\u00f3rico del Palacio Casa de Mateus<\/h3>\n<p>El palacio actual <strong>fue ordenado edificar durante la primera mitad del siglo XVIII por el tercer Conde de Mateus, Don Ant\u00f3nio Jos\u00e9 Botelho Mour\u00e3o<\/strong>. Desde entonces, esta posesi\u00f3n se ha mantenido siempre dentro de la familia Sousa Botelho.<\/p>\n<div id=\"attachment_5733\" style=\"width: 180px\" class=\"wp-caption aligncenter\"><img decoding=\"async\" aria-describedby=\"caption-attachment-5733\" src=\"https:\/\/destinoysabor.com\/blog\/wp-content\/uploads\/2021\/08\/Escudo-de-armas-de-Don-Antonio-Jose-Botelho-Mourao-Imagen-de-Casa-de-Mateus.jpg\" alt=\"Escudo de armas de Don Ant\u00f3nio Jos\u00e9 Botelho Mour\u00e3o - Imagen de Casa de Mateus\" width=\"170\" height=\"220\" class=\"size-full wp-image-5733\" \/><p id=\"caption-attachment-5733\" class=\"wp-caption-text\">Escudo de armas de Don Ant\u00f3nio Jos\u00e9 Botelho Mour\u00e3o &#8211; Imagen de Casa de Mateus<\/p><\/div>\n<p>Para su dise\u00f1o, <strong>el arquitecto designado fue el italiano Nicolau Nasoni<\/strong>, reconocido arquitecto de inicios del siglo XVIII, siguiendo trazas barrocas. Los jardines, del palacio fueron organizados posteriormente a la finalizaci\u00f3n de las obras del palacio y la capilla. Se incluy\u00f3 una laguna artificial, en la que el escultor Jos\u00e9 Cutileiro, tall\u00f3 en m\u00e1rmol una escultura de una ninfa.<\/p>\n<p>Y ya ves, <strong>este peque\u00f1o palacio es un precioso ejemplo de palacio barroco portugu\u00e9s<\/strong>, que conjuntamente a la bodega, son un complemento perfecto para visitar en Vila Real.<\/p>\n<h4>Tambi\u00e9n te puede interesar<\/h4>\n<ul>\n<li><a href=\"https:\/\/destinoysabor.com\/blog\/guia-para-visitar-vila-real\/\" rel=\"noopener\" target=\"_blank\">Gu\u00eda para visitar Vila Real, la joya del Douro portugu\u00e9s<\/a>.<\/li>\n<li><a href=\"https:\/\/destinoysabor.com\/blog\/salto-de-agua-de-fisgas-de-ermelo\/\" rel=\"noopener\" target=\"_blank\">Salto de agua de Fisgas de Ermelo, en Vila Real<\/a>.<\/li>\n<li><a href=\"https:\/\/destinoysabor.com\/blog\/guia-para-visitar-lamego\/\" rel=\"noopener\" target=\"_blank\">Gu\u00eda para visitar Lamego, y no perderte nada<\/a>.<\/li>\n<\/ul>\n","protected":false},"excerpt":{"rendered":"<p>Te contamos nuestra experiencia realizando enoturismo en el Palacio Bodegas Casa de Mateus, en Vila Real, Portugal. Un lugar lleno de la magia y el romanticismo del siglo XVIII portugu\u00e9s cerca del Douro.<\/p>\n","protected":false},"author":2,"featured_media":5735,"comment_status":"open","ping_status":"closed","sticky":false,"template":"","format":"standard","meta":{"rop_custom_images_group":[],"rop_custom_messages_group":[],"rop_publish_now":"initial","rop_publish_now_accounts":{"twitter_3437733573_3437733573":""},"rop_publish_now_history":[],"rop_publish_now_status":"pending","footnotes":""},"categories":[1,625,385,595,111,608],"tags":[687,658,686,688,675],"class_list":["post-5708","post","type-post","status-publish","format-standard","has-post-thumbnail","hentry","category-actualidad-del-turismo-gastronomico","category-enoturismo","category-europa","category-guias-de-viaje","category-planes-turisticos","category-portugal","tag-barroco","tag-bodegas","tag-casa-mateus","tag-palacios","tag-vila-real"],"yoast_head":"<!-- This site is optimized with the Yoast SEO plugin v26.5 - https:\/\/yoast.com\/wordpress\/plugins\/seo\/ -->\n<title>Enoturismo en Bodegas Casa de Mateus \u2013 Destino y Sabor<\/title>\n<meta name=\"description\" content=\"Te contamos nuestra experiencia realizando enoturismo en el Palacio Bodegas Casa de Mateus, en Vila Real, Portugal. Un lugar lleno de magia.\" \/>\n<meta name=\"robots\" content=\"index, follow, max-snippet:-1, max-image-preview:large, max-video-preview:-1\" \/>\n<link rel=\"canonical\" href=\"https:\/\/destinoysabor.com\/blog\/enoturismo-en-bodegas-casa-de-mateus\/\" \/>\n<meta property=\"og:locale\" content=\"es_ES\" \/>\n<meta property=\"og:type\" content=\"article\" \/>\n<meta property=\"og:title\" content=\"Enoturismo en Bodegas Casa de Mateus \u2013 Destino y Sabor\" \/>\n<meta property=\"og:description\" content=\"Te contamos nuestra experiencia realizando enoturismo en el Palacio Bodegas Casa de Mateus, en Vila Real, Portugal. Un lugar lleno de la magia y el romanticismo del siglo XVIII portugu\u00e9s cerca del Douro.\" \/>\n<meta property=\"og:url\" content=\"https:\/\/destinoysabor.com\/blog\/enoturismo-en-bodegas-casa-de-mateus\/\" \/>\n<meta property=\"og:site_name\" content=\"Destino y Sabor\" \/>\n<meta property=\"article:publisher\" content=\"https:\/\/www.facebook.com\/destinoysabor\/\" \/>\n<meta property=\"article:published_time\" content=\"2021-08-06T05:33:04+00:00\" \/>\n<meta property=\"og:image\" content=\"https:\/\/destinoysabor.com\/blog\/wp-content\/uploads\/2021\/08\/Enoturismo-en-Bodegas-Casa-Mateus-Destino-y-Sabor.jpg\" \/>\n\t<meta property=\"og:image:width\" content=\"1200\" \/>\n\t<meta property=\"og:image:height\" content=\"552\" \/>\n\t<meta property=\"og:image:type\" content=\"image\/jpeg\" \/>\n<meta name=\"author\" content=\"David V\u00e1zquez\" \/>\n<meta name=\"twitter:card\" content=\"summary_large_image\" \/>\n<meta name=\"twitter:title\" content=\"Enoturismo en Bodegas Casa de Mateus \u2013 Destino y Sabor\" \/>\n<meta name=\"twitter:description\" content=\"Te contamos nuestra experiencia realizando enoturismo en el Palacio Bodegas Casa de Mateus, en Vila Real, Portugal. Un lugar lleno de la magia y el romanticismo del siglo XVIII portugu\u00e9s cerca del Douro.\" \/>\n<meta name=\"twitter:image\" content=\"https:\/\/destinoysabor.com\/blog\/wp-content\/uploads\/2021\/08\/Enoturismo-en-Bodegas-Casa-Mateus-Destino-y-Sabor.jpg\" \/>\n<meta name=\"twitter:creator\" content=\"@Destino_Sabor\" \/>\n<meta name=\"twitter:site\" content=\"@Destino_Sabor\" \/>\n<meta name=\"twitter:label1\" content=\"Escrito por\" \/>\n\t<meta name=\"twitter:data1\" content=\"David V\u00e1zquez\" \/>\n\t<meta name=\"twitter:label2\" content=\"Tiempo de lectura\" \/>\n\t<meta name=\"twitter:data2\" content=\"16 minutos\" \/>\n<script type=\"application\/ld+json\" class=\"yoast-schema-graph\">{\"@context\":\"https:\/\/schema.org\",\"@graph\":[{\"@type\":\"WebPage\",\"@id\":\"https:\/\/destinoysabor.com\/blog\/enoturismo-en-bodegas-casa-de-mateus\/\",\"url\":\"https:\/\/destinoysabor.com\/blog\/enoturismo-en-bodegas-casa-de-mateus\/\",\"name\":\"Enoturismo en Bodegas Casa de Mateus \u2013 Destino y Sabor\",\"isPartOf\":{\"@id\":\"https:\/\/destinoysabor.com\/blog\/#website\"},\"primaryImageOfPage\":{\"@id\":\"https:\/\/destinoysabor.com\/blog\/enoturismo-en-bodegas-casa-de-mateus\/#primaryimage\"},\"image\":{\"@id\":\"https:\/\/destinoysabor.com\/blog\/enoturismo-en-bodegas-casa-de-mateus\/#primaryimage\"},\"thumbnailUrl\":\"https:\/\/destinoysabor.com\/blog\/wp-content\/uploads\/2021\/08\/Enoturismo-en-Bodegas-Casa-Mateus-Destino-y-Sabor.jpg\",\"datePublished\":\"2021-08-06T05:33:04+00:00\",\"author\":{\"@id\":\"https:\/\/destinoysabor.com\/blog\/#\/schema\/person\/87dc8dd6f102c79f8099580c399f2920\"},\"description\":\"Te contamos nuestra experiencia realizando enoturismo en el Palacio Bodegas Casa de Mateus, en Vila Real, Portugal. Un lugar lleno de magia.\",\"breadcrumb\":{\"@id\":\"https:\/\/destinoysabor.com\/blog\/enoturismo-en-bodegas-casa-de-mateus\/#breadcrumb\"},\"inLanguage\":\"es\",\"potentialAction\":[{\"@type\":\"ReadAction\",\"target\":[\"https:\/\/destinoysabor.com\/blog\/enoturismo-en-bodegas-casa-de-mateus\/\"]}]},{\"@type\":\"ImageObject\",\"inLanguage\":\"es\",\"@id\":\"https:\/\/destinoysabor.com\/blog\/enoturismo-en-bodegas-casa-de-mateus\/#primaryimage\",\"url\":\"https:\/\/destinoysabor.com\/blog\/wp-content\/uploads\/2021\/08\/Enoturismo-en-Bodegas-Casa-Mateus-Destino-y-Sabor.jpg\",\"contentUrl\":\"https:\/\/destinoysabor.com\/blog\/wp-content\/uploads\/2021\/08\/Enoturismo-en-Bodegas-Casa-Mateus-Destino-y-Sabor.jpg\",\"width\":1200,\"height\":552,\"caption\":\"Enoturismo en Bodegas Casa Mateus\"},{\"@type\":\"BreadcrumbList\",\"@id\":\"https:\/\/destinoysabor.com\/blog\/enoturismo-en-bodegas-casa-de-mateus\/#breadcrumb\",\"itemListElement\":[{\"@type\":\"ListItem\",\"position\":1,\"name\":\"Portada\",\"item\":\"https:\/\/destinoysabor.com\/blog\/\"},{\"@type\":\"ListItem\",\"position\":2,\"name\":\"Enoturismo en Bodegas Casa de Mateus\"}]},{\"@type\":\"WebSite\",\"@id\":\"https:\/\/destinoysabor.com\/blog\/#website\",\"url\":\"https:\/\/destinoysabor.com\/blog\/\",\"name\":\"Destino y Sabor\",\"description\":\"los mejores planes para foodies y winelovers\",\"potentialAction\":[{\"@type\":\"SearchAction\",\"target\":{\"@type\":\"EntryPoint\",\"urlTemplate\":\"https:\/\/destinoysabor.com\/blog\/?s={search_term_string}\"},\"query-input\":{\"@type\":\"PropertyValueSpecification\",\"valueRequired\":true,\"valueName\":\"search_term_string\"}}],\"inLanguage\":\"es\"},{\"@type\":\"Person\",\"@id\":\"https:\/\/destinoysabor.com\/blog\/#\/schema\/person\/87dc8dd6f102c79f8099580c399f2920\",\"name\":\"David V\u00e1zquez\",\"image\":{\"@type\":\"ImageObject\",\"inLanguage\":\"es\",\"@id\":\"https:\/\/destinoysabor.com\/blog\/#\/schema\/person\/image\/\",\"url\":\"https:\/\/secure.gravatar.com\/avatar\/cd12db6c575a90c3b75cfa0f794b74d425201c768612fad17e9f13cd33d48be8?s=96&r=g\",\"contentUrl\":\"https:\/\/secure.gravatar.com\/avatar\/cd12db6c575a90c3b75cfa0f794b74d425201c768612fad17e9f13cd33d48be8?s=96&r=g\",\"caption\":\"David V\u00e1zquez\"},\"sameAs\":[\"https:\/\/lamesadelconde.es\"],\"url\":\"https:\/\/destinoysabor.com\/blog\/author\/david-vazquez\/\"}]}<\/script>\n<!-- \/ Yoast SEO plugin. -->","yoast_head_json":{"title":"Enoturismo en Bodegas Casa de Mateus \u2013 Destino y Sabor","description":"Te contamos nuestra experiencia realizando enoturismo en el Palacio Bodegas Casa de Mateus, en Vila Real, Portugal. Un lugar lleno de magia.","robots":{"index":"index","follow":"follow","max-snippet":"max-snippet:-1","max-image-preview":"max-image-preview:large","max-video-preview":"max-video-preview:-1"},"canonical":"https:\/\/destinoysabor.com\/blog\/enoturismo-en-bodegas-casa-de-mateus\/","og_locale":"es_ES","og_type":"article","og_title":"Enoturismo en Bodegas Casa de Mateus \u2013 Destino y Sabor","og_description":"Te contamos nuestra experiencia realizando enoturismo en el Palacio Bodegas Casa de Mateus, en Vila Real, Portugal. Un lugar lleno de la magia y el romanticismo del siglo XVIII portugu\u00e9s cerca del Douro.","og_url":"https:\/\/destinoysabor.com\/blog\/enoturismo-en-bodegas-casa-de-mateus\/","og_site_name":"Destino y Sabor","article_publisher":"https:\/\/www.facebook.com\/destinoysabor\/","article_published_time":"2021-08-06T05:33:04+00:00","og_image":[{"width":1200,"height":552,"url":"https:\/\/destinoysabor.com\/blog\/wp-content\/uploads\/2021\/08\/Enoturismo-en-Bodegas-Casa-Mateus-Destino-y-Sabor.jpg","type":"image\/jpeg"}],"author":"David V\u00e1zquez","twitter_card":"summary_large_image","twitter_title":"Enoturismo en Bodegas Casa de Mateus \u2013 Destino y Sabor","twitter_description":"Te contamos nuestra experiencia realizando enoturismo en el Palacio Bodegas Casa de Mateus, en Vila Real, Portugal. Un lugar lleno de la magia y el romanticismo del siglo XVIII portugu\u00e9s cerca del Douro.","twitter_image":"https:\/\/destinoysabor.com\/blog\/wp-content\/uploads\/2021\/08\/Enoturismo-en-Bodegas-Casa-Mateus-Destino-y-Sabor.jpg","twitter_creator":"@Destino_Sabor","twitter_site":"@Destino_Sabor","twitter_misc":{"Escrito por":"David V\u00e1zquez","Tiempo de lectura":"16 minutos"},"schema":{"@context":"https:\/\/schema.org","@graph":[{"@type":"WebPage","@id":"https:\/\/destinoysabor.com\/blog\/enoturismo-en-bodegas-casa-de-mateus\/","url":"https:\/\/destinoysabor.com\/blog\/enoturismo-en-bodegas-casa-de-mateus\/","name":"Enoturismo en Bodegas Casa de Mateus \u2013 Destino y Sabor","isPartOf":{"@id":"https:\/\/destinoysabor.com\/blog\/#website"},"primaryImageOfPage":{"@id":"https:\/\/destinoysabor.com\/blog\/enoturismo-en-bodegas-casa-de-mateus\/#primaryimage"},"image":{"@id":"https:\/\/destinoysabor.com\/blog\/enoturismo-en-bodegas-casa-de-mateus\/#primaryimage"},"thumbnailUrl":"https:\/\/destinoysabor.com\/blog\/wp-content\/uploads\/2021\/08\/Enoturismo-en-Bodegas-Casa-Mateus-Destino-y-Sabor.jpg","datePublished":"2021-08-06T05:33:04+00:00","author":{"@id":"https:\/\/destinoysabor.com\/blog\/#\/schema\/person\/87dc8dd6f102c79f8099580c399f2920"},"description":"Te contamos nuestra experiencia realizando enoturismo en el Palacio Bodegas Casa de Mateus, en Vila Real, Portugal. Un lugar lleno de magia.","breadcrumb":{"@id":"https:\/\/destinoysabor.com\/blog\/enoturismo-en-bodegas-casa-de-mateus\/#breadcrumb"},"inLanguage":"es","potentialAction":[{"@type":"ReadAction","target":["https:\/\/destinoysabor.com\/blog\/enoturismo-en-bodegas-casa-de-mateus\/"]}]},{"@type":"ImageObject","inLanguage":"es","@id":"https:\/\/destinoysabor.com\/blog\/enoturismo-en-bodegas-casa-de-mateus\/#primaryimage","url":"https:\/\/destinoysabor.com\/blog\/wp-content\/uploads\/2021\/08\/Enoturismo-en-Bodegas-Casa-Mateus-Destino-y-Sabor.jpg","contentUrl":"https:\/\/destinoysabor.com\/blog\/wp-content\/uploads\/2021\/08\/Enoturismo-en-Bodegas-Casa-Mateus-Destino-y-Sabor.jpg","width":1200,"height":552,"caption":"Enoturismo en Bodegas Casa Mateus"},{"@type":"BreadcrumbList","@id":"https:\/\/destinoysabor.com\/blog\/enoturismo-en-bodegas-casa-de-mateus\/#breadcrumb","itemListElement":[{"@type":"ListItem","position":1,"name":"Portada","item":"https:\/\/destinoysabor.com\/blog\/"},{"@type":"ListItem","position":2,"name":"Enoturismo en Bodegas Casa de Mateus"}]},{"@type":"WebSite","@id":"https:\/\/destinoysabor.com\/blog\/#website","url":"https:\/\/destinoysabor.com\/blog\/","name":"Destino y Sabor","description":"los mejores planes para foodies y winelovers","potentialAction":[{"@type":"SearchAction","target":{"@type":"EntryPoint","urlTemplate":"https:\/\/destinoysabor.com\/blog\/?s={search_term_string}"},"query-input":{"@type":"PropertyValueSpecification","valueRequired":true,"valueName":"search_term_string"}}],"inLanguage":"es"},{"@type":"Person","@id":"https:\/\/destinoysabor.com\/blog\/#\/schema\/person\/87dc8dd6f102c79f8099580c399f2920","name":"David V\u00e1zquez","image":{"@type":"ImageObject","inLanguage":"es","@id":"https:\/\/destinoysabor.com\/blog\/#\/schema\/person\/image\/","url":"https:\/\/secure.gravatar.com\/avatar\/cd12db6c575a90c3b75cfa0f794b74d425201c768612fad17e9f13cd33d48be8?s=96&r=g","contentUrl":"https:\/\/secure.gravatar.com\/avatar\/cd12db6c575a90c3b75cfa0f794b74d425201c768612fad17e9f13cd33d48be8?s=96&r=g","caption":"David V\u00e1zquez"},"sameAs":["https:\/\/lamesadelconde.es"],"url":"https:\/\/destinoysabor.com\/blog\/author\/david-vazquez\/"}]}},"jetpack_featured_media_url":"https:\/\/destinoysabor.com\/blog\/wp-content\/uploads\/2021\/08\/Enoturismo-en-Bodegas-Casa-Mateus-Destino-y-Sabor.jpg","_links":{"self":[{"href":"https:\/\/destinoysabor.com\/blog\/wp-json\/wp\/v2\/posts\/5708","targetHints":{"allow":["GET"]}}],"collection":[{"href":"https:\/\/destinoysabor.com\/blog\/wp-json\/wp\/v2\/posts"}],"about":[{"href":"https:\/\/destinoysabor.com\/blog\/wp-json\/wp\/v2\/types\/post"}],"author":[{"embeddable":true,"href":"https:\/\/destinoysabor.com\/blog\/wp-json\/wp\/v2\/users\/2"}],"replies":[{"embeddable":true,"href":"https:\/\/destinoysabor.com\/blog\/wp-json\/wp\/v2\/comments?post=5708"}],"version-history":[{"count":25,"href":"https:\/\/destinoysabor.com\/blog\/wp-json\/wp\/v2\/posts\/5708\/revisions"}],"predecessor-version":[{"id":5755,"href":"https:\/\/destinoysabor.com\/blog\/wp-json\/wp\/v2\/posts\/5708\/revisions\/5755"}],"wp:featuredmedia":[{"embeddable":true,"href":"https:\/\/destinoysabor.com\/blog\/wp-json\/wp\/v2\/media\/5735"}],"wp:attachment":[{"href":"https:\/\/destinoysabor.com\/blog\/wp-json\/wp\/v2\/media?parent=5708"}],"wp:term":[{"taxonomy":"category","embeddable":true,"href":"https:\/\/destinoysabor.com\/blog\/wp-json\/wp\/v2\/categories?post=5708"},{"taxonomy":"post_tag","embeddable":true,"href":"https:\/\/destinoysabor.com\/blog\/wp-json\/wp\/v2\/tags?post=5708"}],"curies":[{"name":"wp","href":"https:\/\/api.w.org\/{rel}","templated":true}]}}