{"id":6391,"date":"2022-08-05T06:48:01","date_gmt":"2022-08-05T06:48:01","guid":{"rendered":"https:\/\/destinoysabor.com\/blog\/?p=6391"},"modified":"2022-08-05T06:55:48","modified_gmt":"2022-08-05T06:55:48","slug":"el-provencio","status":"publish","type":"post","link":"https:\/\/destinoysabor.com\/blog\/el-provencio\/","title":{"rendered":"Gu\u00eda para visitar el Provencio, en Cuenca"},"content":{"rendered":"<p>Hace un tiempo, <strong>realizamos una visita de turismo de interior muy interesante por tratarse de un pueblo, el Provencio, en Cuenca<\/strong>; que no suele salir en la mayor\u00eda de las rutas de turismo de interior, pese a que en una ocasi\u00f3n logr\u00f3 el reconocimiento como pueblo m\u00e1s bonito de Cuenca.<\/p>\n<p>Por tanto, <strong>este pueblo, de algo menos de 3000 habitantes, posee un encanto especial<\/strong> que merece ser conocido y contado.<\/p>\n<h3>\u00cdndice de contenidos<\/h3>\n<p>Como hacemos siempre, hemos creado este \u00edndice con <strong>los principales contenidos<\/strong> de esta publicaci\u00f3n.<\/p>\n<p><strong>Los lugares imprescindibles para una visita est\u00e1ndar a El Provencio:<\/strong><\/p>\n<ul>\n<li><a href=\"#Video\">V\u00eddeo de la experiencia visitando el Provencio<\/a>.<\/li>\n<li><a href=\"#Oficina-de-Turismo\">Oficina de turismo y museos anexos<\/a>.<\/li>\n<li><a href=\"#Iglesia\">Iglesia de Santa Mar\u00eda de La Asunci\u00f3n<\/a>.<\/li>\n<li><a href=\"#Bodega\">La Bodega Museo del Doctor Plaza<\/a>.<\/li>\n<li><a href=\"#Castillo\">Castillo de Santiago de la Torre<\/a>.<\/li>\n<\/ul>\n<p><strong>Otros lugares que no deber\u00edas perderte:<\/strong><\/p>\n<ul>\n<li><a href=\"#Comic\">Museo del C\u00f3mic<\/a>.<\/li>\n<li><a href=\"#Murales\">Paseo de arte urbano recorriendo los murales de El Provencio<\/a>.<\/li>\n<li><a href=\"#Puentes\">El paseo de los Puentes<\/a>.<\/li>\n<\/ul>\n<p><strong>Informaci\u00f3n general sobre El Provencio<\/strong><\/p>\n<ul>\n<li><a href=\"#Llegar\">\u00bfC\u00f3mo llegar?<\/a><\/li>\n<li><a href=\"#Comer\">\u00bfD\u00f3nde comer?<\/a><\/li>\n<li><a href=\"#Dormir\">\u00bfD\u00f3nde alojarse?<\/a><\/li>\n<li><a href=\"#Historia\">Breve contexto hist\u00f3rico<\/a>.<\/li>\n<\/ul>\n<p>Y como siempre, <strong>pinchando en cualquier de estos apartados, pod\u00e9is ir directamente ese contenido<\/strong> dentro de la publicaci\u00f3n. Esperamos que os sea de utilidad.<\/p>\n<h3>Preparando el viaje<\/h3>\n<p>Este pueblo de Cuenca actualmente no es tan importante como lo fue en el pasado, ya no en \u00e9poca romana, <strong>que es cuando se cree que hubo una incipiente poblaci\u00f3n aprovechando la presencia de agua y un cruce de v\u00edas romanas. <\/strong>Incluso hasta mediados del siglo XX, estuvo en una de las rutas que, atravesando Cuenca, un\u00edan Madrid con el Levante espa\u00f1ol.<\/p>\n<p>Actualmente <strong>se est\u00e1 reinventando, y poco a poco, va ganando en la recuperaci\u00f3n de patrimonio, puesta en valor de lo existente y realizando m\u00e1s actividades<\/strong> que puedan resultar atractivas en la actualidad como un destino de turismo de interior, visitando el pueblo de El Provencio y otras localidades cercanas.<\/p>\n<h4>Estructura de la publicaci\u00f3n<\/h4>\n<p>Vamos a estructurar esta gu\u00eda en <strong>los monumentos y actividades m\u00e1s cl\u00e1sicas de una visita a una localidad de interior; y en otra secci\u00f3n con aspectos que hacen m\u00e1s \u00fanico<\/strong> a este peque\u00f1o foco de atracci\u00f3n dentro de la Ruta del Vino de La Mancha, a la que est\u00e1 adscrito.<a name=\"Video\"><\/a><\/p>\n<h4>V\u00eddeo de nuestra experiencia visitando el Provencio<\/h4>\n<p>Te dejamos <strong>un v\u00eddeo que realizamos durante nuestra visita con los principales lugares<\/strong> que deber\u00edas visitar en El Provencio.<\/p>\n<p><center><iframe width=\"560\" height=\"315\" src=\"https:\/\/www.youtube.com\/embed\/p01PpasUmbU\" title=\"YouTube video player\" frameborder=\"0\" allow=\"accelerometer; autoplay; clipboard-write; encrypted-media; gyroscope; picture-in-picture\" allowfullscreen><\/iframe><\/center><\/p>\n<p>Para m\u00e1s detalles, puedes <strong>seguir leyendo esta publicaci\u00f3n<\/strong>.<\/p>\n<h2>Principales atractivos de El Provencio<\/h2>\n<p>Nuestro viaje vino motivado <strong>para conocer el pueblo de nuestros compa\u00f1eros y amigos de <a href=\"https:\/\/www.rutasporespana.es\/blog\/\" rel=\"noopener\" target=\"_blank\">Rutas por Espa\u00f1a<\/a><\/strong>, as\u00ed que haciendo de <em>Cicerone<\/em> nos permitieron conocer de mano de alguien local este pueblo conquense. <a name=\"Oficina-de-Turismo\"><\/a><\/p>\n<h3>Oficina de turismo y centro de museos tem\u00e1ticos de El Provencio<\/h3>\n<p>Nuestra recomendaci\u00f3n es <strong>dejar el coche y en la medida de lo posible recorrer el pueblo andando y disfrutar de la arquitectura local<\/strong>. Nuestra primera parada ser\u00e1 la oficina de turismo de El Provencio, ya que adem\u00e1s de conocer informaci\u00f3n pr\u00e1ctica del pueblo y de la comarca, pod\u00e9is disfrutar de 3 peque\u00f1os museos y algunas otras cosas m\u00e1s, tambi\u00e9n interesantes.<\/p>\n<div id=\"attachment_6450\" style=\"width: 650px\" class=\"wp-caption aligncenter\"><img decoding=\"async\" aria-describedby=\"caption-attachment-6450\" src=\"https:\/\/destinoysabor.com\/blog\/wp-content\/uploads\/2022\/08\/Casa-de-la-Cultura-y-Oficina-de-Turismo-de-El-Provencio-Imagen-del-Ayuntamiento.jpg\" alt=\"Casa de la Cultura y Oficina de Turismo de El Provencio - Imagen del Ayuntamiento\" width=\"640\" height=\"360\" class=\"size-full wp-image-6450\" srcset=\"https:\/\/destinoysabor.com\/blog\/wp-content\/uploads\/2022\/08\/Casa-de-la-Cultura-y-Oficina-de-Turismo-de-El-Provencio-Imagen-del-Ayuntamiento.jpg 640w, https:\/\/destinoysabor.com\/blog\/wp-content\/uploads\/2022\/08\/Casa-de-la-Cultura-y-Oficina-de-Turismo-de-El-Provencio-Imagen-del-Ayuntamiento-300x169.jpg 300w, https:\/\/destinoysabor.com\/blog\/wp-content\/uploads\/2022\/08\/Casa-de-la-Cultura-y-Oficina-de-Turismo-de-El-Provencio-Imagen-del-Ayuntamiento-330x186.jpg 330w\" sizes=\"(max-width: 640px) 100vw, 640px\" \/><p id=\"caption-attachment-6450\" class=\"wp-caption-text\">Casa de la Cultura y Oficina de Turismo de El Provencio &#8211; Imagen del Ayuntamiento<\/p><\/div>\n<p>Y lo mejor de todo es que <strong>todo se encuentra en el mismo edificio<\/strong>; y aunque pueda resultar poco llamativo, lo importante es lo que est\u00e1 en su interior.<\/p>\n<h4>Piezas de un molino<\/h4>\n<p>En la entrada al edificio, <strong>se encuentran varias piezas y mecanismos de madera. Son procedentes de un molino harinero,<\/strong> aunque al contrario de los t\u00edpicos molinos de viento manchegos, como por ejemplo los que conocimos en <a href=\"https:\/\/destinoysabor.com\/blog\/consuegra-el-pueblo-de-los-molinos\/#Molinos\">Consuegra<\/a>, este era diferente ya que se accionaba mediante un motor de combusti\u00f3n.<\/p>\n<div id=\"attachment_6454\" style=\"width: 650px\" class=\"wp-caption aligncenter\"><img decoding=\"async\" aria-describedby=\"caption-attachment-6454\" src=\"https:\/\/destinoysabor.com\/blog\/wp-content\/uploads\/2022\/08\/Piezas-del-Molino-Destino-y-Sabor.jpg\" alt=\"Piezas del Molino - Destino y Sabor\" width=\"640\" height=\"360\" class=\"size-full wp-image-6454\" srcset=\"https:\/\/destinoysabor.com\/blog\/wp-content\/uploads\/2022\/08\/Piezas-del-Molino-Destino-y-Sabor.jpg 640w, https:\/\/destinoysabor.com\/blog\/wp-content\/uploads\/2022\/08\/Piezas-del-Molino-Destino-y-Sabor-300x169.jpg 300w, https:\/\/destinoysabor.com\/blog\/wp-content\/uploads\/2022\/08\/Piezas-del-Molino-Destino-y-Sabor-330x186.jpg 330w\" sizes=\"(max-width: 640px) 100vw, 640px\" \/><p id=\"caption-attachment-6454\" class=\"wp-caption-text\">Piezas del Molino &#8211; Destino y Sabor<\/p><\/div>\n<p>Seg\u00fan se cree, <strong>en El Provencio lleg\u00f3 a haber entre tres y cuatro de estos molinos,<\/strong> por lo que se quiere reconstruir uno de ellos donde poner esta maquinaria y contextualizar las piezas en su lugar original.<\/p>\n<h4>Museo etnogr\u00e1fico<\/h4>\n<p>La parte superior de este edificio <strong>posee varias salas dedicadas a la etnograf\u00eda local.<\/strong> A modo de rincones, <strong>se representan varios ambientes de las formas de vida de finales del siglo XIX e inicios del siglo XX.<\/strong> Es muy posible que a gente de mayor edad le atraiga mucho la \u00faltima \u00e1rea dedicada a una escuela de los a\u00f1os 1950\u00b4s, con material y libros de la \u00e9poca.<\/p>\n<div id=\"attachment_6455\" style=\"width: 650px\" class=\"wp-caption aligncenter\"><img decoding=\"async\" aria-describedby=\"caption-attachment-6455\" src=\"https:\/\/destinoysabor.com\/blog\/wp-content\/uploads\/2022\/08\/Piezas-del-Museo-etnografico-de-El-Provencio-Destino-y-Sabor.jpg\" alt=\"Piezas del Museo etnogr\u00e1fico de El Provencio - Destino y Sabor\" width=\"640\" height=\"360\" class=\"size-full wp-image-6455\" srcset=\"https:\/\/destinoysabor.com\/blog\/wp-content\/uploads\/2022\/08\/Piezas-del-Museo-etnografico-de-El-Provencio-Destino-y-Sabor.jpg 640w, https:\/\/destinoysabor.com\/blog\/wp-content\/uploads\/2022\/08\/Piezas-del-Museo-etnografico-de-El-Provencio-Destino-y-Sabor-300x169.jpg 300w, https:\/\/destinoysabor.com\/blog\/wp-content\/uploads\/2022\/08\/Piezas-del-Museo-etnografico-de-El-Provencio-Destino-y-Sabor-330x186.jpg 330w\" sizes=\"(max-width: 640px) 100vw, 640px\" \/><p id=\"caption-attachment-6455\" class=\"wp-caption-text\">Piezas del Museo etnogr\u00e1fico de El Provencio &#8211; Destino y Sabor<\/p><\/div>\n<p>No obstante, <strong>a nosotros nos pareci\u00f3 destacable la zona con material de laboratorio enol\u00f3gico.<\/strong> Estamos en una zona de producci\u00f3n vin\u00edcola caracterizada por los vinos de la DO. Mancha. El pueblo contaba con al menos dos bodegas cooperativas, y otras tantas bodegas familiares, finalmente se fusionaron en una sola para ser m\u00e1s competitivos, convirtiendo la bodega en la primera de la provincia que embotellaba el vino.<\/p>\n<h4>Aula arqueol\u00f3gica<\/h4>\n<p>Como veremos en la secci\u00f3n de <a href=\"#Historia\">contexto hist\u00f3rico de El Provencio<\/a>, <strong>esta zona fue habitada desde tiempos del paleol\u00edtico.<\/strong> Tanto en el propio pueblo como en varias fincas de su entorno, se han localizado restos arqueol\u00f3gicos de esta \u00e9poca que <strong>demuestra que fue una zona importante para el desarrollo de las civilizaciones que pasaron por la pen\u00ednsula ib\u00e9rica<\/strong>.<\/p>\n<div id=\"attachment_6458\" style=\"width: 650px\" class=\"wp-caption aligncenter\"><img decoding=\"async\" aria-describedby=\"caption-attachment-6458\" src=\"https:\/\/destinoysabor.com\/blog\/wp-content\/uploads\/2022\/08\/Piezas-del-Aula-arqueologica-del-paleolitico-en-El-Provencio-Destino-y-Sabor.jpg\" alt=\"Piezas del Aula arqueol\u00f3gica del paleol\u00edtico en El Provencio - Destino y Sabor\" width=\"640\" height=\"360\" class=\"size-full wp-image-6458\" srcset=\"https:\/\/destinoysabor.com\/blog\/wp-content\/uploads\/2022\/08\/Piezas-del-Aula-arqueologica-del-paleolitico-en-El-Provencio-Destino-y-Sabor.jpg 640w, https:\/\/destinoysabor.com\/blog\/wp-content\/uploads\/2022\/08\/Piezas-del-Aula-arqueologica-del-paleolitico-en-El-Provencio-Destino-y-Sabor-300x169.jpg 300w, https:\/\/destinoysabor.com\/blog\/wp-content\/uploads\/2022\/08\/Piezas-del-Aula-arqueologica-del-paleolitico-en-El-Provencio-Destino-y-Sabor-330x186.jpg 330w\" sizes=\"(max-width: 640px) 100vw, 640px\" \/><p id=\"caption-attachment-6458\" class=\"wp-caption-text\">Piezas del Aula arqueol\u00f3gica del paleol\u00edtico en El Provencio &#8211; Destino y Sabor<\/p><\/div>\n<p>Recordamos que no tan lejos de aqu\u00ed, <strong>se localiza la localidad de <a href=\"https:\/\/destinoysabor.com\/blog\/guia-de-enoturismo-por-la-manchuela\/#Iniesta\">Iniesta<\/a><\/strong>, donde tambi\u00e9n se han localizado restos del neol\u00edtico, de cultura \u00edbera y romana, a apenas a escasos 70 kil\u00f3metros.<\/p>\n<h4>Aula de recuperaci\u00f3n patrimonial<\/h4>\n<p>M\u00e1s que un museo como tal, <strong>existe una sala donde se expone una maqueta, un tanto idealizada, del <a href=\"#Castillo\">Castillo de Santiago de la Torre<\/a><\/strong>, un castillo en fase de recuperaci\u00f3n del que el Ayuntamiento de El Provencio est\u00e1 liderando el proyecto. Esta maqueta, hecha por gente local, es usada en el Bel\u00e9n del pueblo.<\/p>\n<p>En esta aula, <strong>tambi\u00e9n se localizan fotograf\u00edas y piedras originales de algunas intervenciones de recuperaci\u00f3n patrimonial,<\/strong> como los trabajos realizados en la Iglesia de Nuestra se\u00f1ora de la Asunci\u00f3n.<\/p>\n<h4>Informaci\u00f3n de contacto<\/h4>\n<p>Si quer\u00e9is <strong>contactar con la oficina de turismo para obtener m\u00e1s informaci\u00f3n y planificar una visita<\/strong>, os dejamos la informaci\u00f3n de contacto:<\/p>\n<p><strong>Casa de la Cultura<\/strong><br \/>\nAvenida de la Libertad, 15<br \/>\n16670 \u2013 El Provencio (Cuenca)<\/p>\n<p><strong>Horarios<\/strong><br \/>\nDe mi\u00e9rcoles a viernes de 9:00 a 13:30 horas y de 16:00 a 20:00 horas.<br \/>\nS\u00e1bados de 11:00 a 15:00 horas y de 16:00 a 20:00 horas.<br \/>\nDomingos de 10:00 a 14:00 horas y 16:00 a 19:00 horas.<\/p>\n<p>Para concertar visitas guiadas, contactar a:<br \/>\n@.: <a href=\"mailto:oficinadeturismo@elprovencio.com\">oficinadeturismo@elprovencio.com<\/a><br \/>\nTelf.: +34 617 96 78 30 \/ +34 648 86 79 97. <a name=\"Iglesia\"><\/a><\/p>\n<h3>Iglesia de Nuestra Se\u00f1ora de la Asunci\u00f3n<\/h3>\n<p>Dejando atr\u00e1s la Casa de Cultura de El Provencio, <strong>nos adentramos en el casco hist\u00f3rico de este pueblo. Para llegar a esta Iglesia parroquial,<\/strong> hay muchos caminos, pero quiz\u00e1s el m\u00e1s sencillo de indicar es <strong>ir hacia la Plaza de los Alcaldes,<\/strong> donde se encuentra el Ayuntamiento de El Provencio y el edificio del P\u00f3sito Real.<\/p>\n<div id=\"attachment_6452\" style=\"width: 650px\" class=\"wp-caption aligncenter\"><img decoding=\"async\" aria-describedby=\"caption-attachment-6452\" src=\"https:\/\/destinoysabor.com\/blog\/wp-content\/uploads\/2022\/08\/Ayuntamiento-de-El-Provencio-Imagen-de-Voces-de-Cuenca.jpg\" alt=\"Ayuntamiento de El Provencio - Imagen de Voces de Cuenca\" width=\"640\" height=\"360\" class=\"size-full wp-image-6452\" srcset=\"https:\/\/destinoysabor.com\/blog\/wp-content\/uploads\/2022\/08\/Ayuntamiento-de-El-Provencio-Imagen-de-Voces-de-Cuenca.jpg 640w, https:\/\/destinoysabor.com\/blog\/wp-content\/uploads\/2022\/08\/Ayuntamiento-de-El-Provencio-Imagen-de-Voces-de-Cuenca-300x169.jpg 300w, https:\/\/destinoysabor.com\/blog\/wp-content\/uploads\/2022\/08\/Ayuntamiento-de-El-Provencio-Imagen-de-Voces-de-Cuenca-330x186.jpg 330w\" sizes=\"(max-width: 640px) 100vw, 640px\" \/><p id=\"caption-attachment-6452\" class=\"wp-caption-text\">Ayuntamiento de El Provencio &#8211; Imagen de Voces de Cuenca<\/p><\/div>\n<p>En esta plaza y por el camino, <strong>pasando por la calle de Felix Lorca, pod\u00e9is ver algunos de los murales que caracterizan a esta poblaci\u00f3n. <\/strong>No son los mejores, aunque hay uno muy bueno en la propia plaza, que recuerda en una tapia que cierra un solar, que <strong>ah\u00ed se localizaba uno de los mesones para viajeros; El Mes\u00f3n de la Plaza, que lleg\u00f3 a ser famoso<\/strong>.<\/p>\n<h4>El P\u00f3sito Real<\/h4>\n<p>Los P\u00f3sitos Reales <strong>fueron una instituci\u00f3n bajo medieval de la Corona de Castilla que actuaban a modo de bancos de semillas para los agricultores.<\/strong> En la mayor parte de los pueblos donde se cultiv\u00f3 cereal dispon\u00edan de uno, como ya hemos visto en numerosos viajes, por ejemplo en <a href=\"https:\/\/destinoysabor.com\/blog\/visita-por-huete\/#Posito\" target=\"_blank\" rel=\"noopener\">Huete<\/a> o en <a href=\"https:\/\/destinocastillayleon.es\/index\/guia-para-visitar-ampudia-la-bella-de-campos-en-palencia\/#Posito\" rel=\"DoFollow noopener\" target=\"_blank\">Ampudia<\/a>, aunque sea en Palencia.<\/p>\n<p>Girando en esta plaza <strong>por la calle de la Torre, se llega a esta iglesia, <\/strong>uno de los edificios m\u00e1s emblem\u00e1ticos de El Provencio. <\/p>\n<div id=\"attachment_6461\" style=\"width: 650px\" class=\"wp-caption aligncenter\"><img decoding=\"async\" aria-describedby=\"caption-attachment-6461\" src=\"https:\/\/destinoysabor.com\/blog\/wp-content\/uploads\/2022\/08\/Iglesia-de-Nuestra-Senora-de-la-Asuncion-de-El-Provencio-Imagen-de-Wikipedia.jpg\" alt=\"Iglesia de Nuestra Se\u00f1ora de la Asunci\u00f3n de El Provencio - Imagen de Wikipedia\" width=\"640\" height=\"359\" class=\"size-full wp-image-6461\" srcset=\"https:\/\/destinoysabor.com\/blog\/wp-content\/uploads\/2022\/08\/Iglesia-de-Nuestra-Senora-de-la-Asuncion-de-El-Provencio-Imagen-de-Wikipedia.jpg 640w, https:\/\/destinoysabor.com\/blog\/wp-content\/uploads\/2022\/08\/Iglesia-de-Nuestra-Senora-de-la-Asuncion-de-El-Provencio-Imagen-de-Wikipedia-300x168.jpg 300w, https:\/\/destinoysabor.com\/blog\/wp-content\/uploads\/2022\/08\/Iglesia-de-Nuestra-Senora-de-la-Asuncion-de-El-Provencio-Imagen-de-Wikipedia-330x185.jpg 330w\" sizes=\"(max-width: 640px) 100vw, 640px\" \/><p id=\"caption-attachment-6461\" class=\"wp-caption-text\">Iglesia de Nuestra Se\u00f1ora de la Asunci\u00f3n de El Provencio &#8211; Imagen de Wikipedia<\/p><\/div>\n<p>El templo <strong>est\u00e1 edificado en piedra de mamposter\u00eda de gran calidad. Su estilo es g\u00f3tico mud\u00e9jar, aunque hecha en piedra.<\/strong> Se cree que se inici\u00f3 la construcci\u00f3n en los primeros a\u00f1os del siglo XVI, aunque no existe un registro de la fecha exacta. <strong>Lo que s\u00ed se puede indicar es que su finalizaci\u00f3n se realiz\u00f3 a finales del siglo XVII<\/strong>.<\/p>\n<h4>Interior<\/h4>\n<p>La <strong>planta de sal\u00f3n est\u00e1 articulada en tres naves con columnas sujetando sus b\u00f3vedas<\/strong> de crucer\u00eda. De largo mide 40 metros y de ancho unos 20.<\/p>\n<div id=\"attachment_6470\" style=\"width: 650px\" class=\"wp-caption aligncenter\"><img decoding=\"async\" aria-describedby=\"caption-attachment-6470\" src=\"https:\/\/destinoysabor.com\/blog\/wp-content\/uploads\/2022\/08\/Interior-del-la-Iglesia-de-Nta.-Senora-de-la-Asuncion-de-El-Provencio-Imagen-del-Ayuntamiento.jpg\" alt=\"Interior de la Iglesia de Nta. Se\u00f1ora de la Asunci\u00f3n de El Provencio - Imagen del Ayuntamiento\" width=\"640\" height=\"360\" class=\"size-full wp-image-6470\" srcset=\"https:\/\/destinoysabor.com\/blog\/wp-content\/uploads\/2022\/08\/Interior-del-la-Iglesia-de-Nta.-Senora-de-la-Asuncion-de-El-Provencio-Imagen-del-Ayuntamiento.jpg 640w, https:\/\/destinoysabor.com\/blog\/wp-content\/uploads\/2022\/08\/Interior-del-la-Iglesia-de-Nta.-Senora-de-la-Asuncion-de-El-Provencio-Imagen-del-Ayuntamiento-300x169.jpg 300w, https:\/\/destinoysabor.com\/blog\/wp-content\/uploads\/2022\/08\/Interior-del-la-Iglesia-de-Nta.-Senora-de-la-Asuncion-de-El-Provencio-Imagen-del-Ayuntamiento-330x186.jpg 330w\" sizes=\"(max-width: 640px) 100vw, 640px\" \/><p id=\"caption-attachment-6470\" class=\"wp-caption-text\">Interior de la Iglesia de Nta. Se\u00f1ora de la Asunci\u00f3n de El Provencio &#8211; Imagen del Ayuntamiento<\/p><\/div>\n<p><strong>Su capilla mayor est\u00e1 rematada con un altar mayor que tuvo inicialmente once gradas o niveles<\/strong>, sirviendo de lugar de enterramiento o t\u00famulo funerario de los se\u00f1ores de la Villa, patrocinadores de la construcci\u00f3n.<\/p>\n<h4>Torre campanario<\/h4>\n<p>Destaca la torre, <strong>posterior a la finalizaci\u00f3n del templo; iniciados los trabajos en 1622<\/strong>, aunque a lo largo de la historia ha sufrido numerosas remodelaciones. <a name=\"\"><\/a><\/p>\n<blockquote><p>Actualmente es un templo muy armonioso y bien conservado. Esto se debe a que no hace muchos a\u00f1os se realiz\u00f3 una seria intervenci\u00f3n que permiti\u00f3 no solo introducir calefacci\u00f3n, si no restaurar numerosos elementos de la iglesia. <a name=\"Bodega\"><\/a><\/p><\/blockquote>\n<h3>La Bodega Museo del Doctor Plaza<\/h3>\n<p>Como hemos indicado, aunque de forma r\u00e1pida, <strong>El Provencio es una poblaci\u00f3n ligada a la producci\u00f3n de vino;<\/strong> de hecho, cuenta con una bodega comercial. No obstante, <strong>tradicionalmente casi todas las casas tienen de su propia bodega subterr\u00e1nea, o cueva<\/strong>, parecido a lo que vimos en <a href=\"https:\/\/destinoysabor.com\/blog\/guia-de-enoturismo-en-la-ruta-del-vino-de-valdepenas\/#Corcovo\" rel=\"noopener\" target=\"_blank\">Valdepe\u00f1as<\/a>.<\/p>\n<p><center><iframe width=\"560\" height=\"315\" src=\"https:\/\/www.youtube.com\/embed\/YoL2sCu5RWY\" title=\"YouTube video player\" frameborder=\"0\" allow=\"accelerometer; autoplay; clipboard-write; encrypted-media; gyroscope; picture-in-picture\" allowfullscreen><\/iframe><\/center><\/p>\n<blockquote><p>Existe una ruta de subterr\u00e1nea en la que se visitan algunas bodegas tradicionales; pero al menos durante nuestra visita, a causa del Covid, no estaba disponible. <\/p><\/blockquote>\n<div id=\"attachment_6453\" style=\"width: 650px\" class=\"wp-caption aligncenter\"><img decoding=\"async\" aria-describedby=\"caption-attachment-6453\" src=\"https:\/\/destinoysabor.com\/blog\/wp-content\/uploads\/2022\/08\/Bodega-Museo-del-Doctor-Antonio-Garcia-en-El-Provencio-Destino-y-Sabor.jpg\" alt=\"Bodega Museo del Doctor Antonio Garcia en El Provencio - Destino y Sabor\" width=\"640\" height=\"360\" class=\"size-full wp-image-6453\" srcset=\"https:\/\/destinoysabor.com\/blog\/wp-content\/uploads\/2022\/08\/Bodega-Museo-del-Doctor-Antonio-Garcia-en-El-Provencio-Destino-y-Sabor.jpg 640w, https:\/\/destinoysabor.com\/blog\/wp-content\/uploads\/2022\/08\/Bodega-Museo-del-Doctor-Antonio-Garcia-en-El-Provencio-Destino-y-Sabor-300x169.jpg 300w, https:\/\/destinoysabor.com\/blog\/wp-content\/uploads\/2022\/08\/Bodega-Museo-del-Doctor-Antonio-Garcia-en-El-Provencio-Destino-y-Sabor-330x186.jpg 330w\" sizes=\"(max-width: 640px) 100vw, 640px\" \/><p id=\"caption-attachment-6453\" class=\"wp-caption-text\">Bodega Museo del Doctor Antonio Garcia en El Provencio &#8211; Destino y Sabor<\/p><\/div>\n<p>Casi a medio camino entre una bodega de corte tradicional y una bodega comercial, <strong>el Doctor Plaza, oriundo de esta localidad, compr\u00f3 una peque\u00f1a bodega antigua, que fue restaurando por placer<\/strong> y de la que hizo tambi\u00e9n su vivienda. <\/p>\n<h4>La Bodega Museo<\/h4>\n<p>Esta casa recuper\u00f3 <strong>una peque\u00f1a bodega con sus tinajas de barro de Villarrobledo.<\/strong> En principio como merendero, donde compart\u00eda su tiempo libre en El Provencio con sus amigos.<strong> As\u00ed, no solo conserv\u00f3 las tinajas, si no que adapt\u00f3 las salas para ser una zona de ocio,<\/strong> con una zona de barbacoa en un patio, zona de tertulia,..<\/p>\n<p>Con el paso del tiempo, <strong>fue coleccionando objetos antiguos de uso com\u00fan en el pueblo, por lo que es casi un segundo Museo etnogr\u00e1fico,<\/strong> siendo una visita muy recomendable, y m\u00e1s si te gusta el enoturismo, aunque no tomes vino ah\u00ed, aunque ser\u00eda un lugar perfecto como sala de catas.<\/p>\n<div id=\"attachment_6463\" style=\"width: 650px\" class=\"wp-caption aligncenter\"><img decoding=\"async\" aria-describedby=\"caption-attachment-6463\" src=\"https:\/\/destinoysabor.com\/blog\/wp-content\/uploads\/2022\/08\/Casa-Museo-del-Doctor-Antonio-Garcia-en-El-Provencio-Destino-y-Sabor.jpg\" alt=\"Casa Museo del Doctor Antonio Garcia en El Provencio - Destino y Sabor\" width=\"640\" height=\"360\" class=\"size-full wp-image-6463\" srcset=\"https:\/\/destinoysabor.com\/blog\/wp-content\/uploads\/2022\/08\/Casa-Museo-del-Doctor-Antonio-Garcia-en-El-Provencio-Destino-y-Sabor.jpg 640w, https:\/\/destinoysabor.com\/blog\/wp-content\/uploads\/2022\/08\/Casa-Museo-del-Doctor-Antonio-Garcia-en-El-Provencio-Destino-y-Sabor-300x169.jpg 300w, https:\/\/destinoysabor.com\/blog\/wp-content\/uploads\/2022\/08\/Casa-Museo-del-Doctor-Antonio-Garcia-en-El-Provencio-Destino-y-Sabor-330x186.jpg 330w\" sizes=\"(max-width: 640px) 100vw, 640px\" \/><p id=\"caption-attachment-6463\" class=\"wp-caption-text\">Casa Museo del Doctor Antonio Garcia en El Provencio &#8211; Destino y Sabor<\/p><\/div>\n<h4>Situaci\u00f3n y contacto<\/h4>\n<p>Calle de San Juli\u00e1n, 27-279<br \/>\n16670 \u2013 El Provencio, Cuenca<\/p>\n<p><strong>Visita gratuita<\/strong>, bajo aviso a la oficina de turismo. <a name=\"Castillo\"><\/a><\/p>\n<h3>Castillo de Santiago de la Torre<\/h3>\n<p>Este es un punto complejo, <strong>pues entre El Provencio y el pr\u00f3ximo pueblo de San Clemente se localiza este castillo, junto a su aldea<\/strong>. Se trata de un lugar <strong>dentro del t\u00e9rmino municipal de San Clemente, pero cuya titularidad (hasta el momento en un 75%) es del ayuntamiento de El Provencio<\/strong>.<\/p>\n<p>Su construcci\u00f3n <strong>se debe al doctor Gonzalo del Castillo Portocarrero, natural del Castillo de Garcimu\u00f1oz y que compr\u00f3 la aldea con el castillo a Rodrigo de Avil\u00e9s<\/strong>, que estaba preso por lo \u00e1rabes en Lorca, para pagar su rescate. Con su llegada a la aldea construye el castillo y crea un mayorazgo con esta y la Santa Mar\u00eda del Campo.<\/p>\n<div id=\"attachment_6462\" style=\"width: 650px\" class=\"wp-caption aligncenter\"><img decoding=\"async\" aria-describedby=\"caption-attachment-6462\" src=\"https:\/\/destinoysabor.com\/blog\/wp-content\/uploads\/2022\/08\/Ruinas-del-Castillo-de-Santiago-de-la-Torre-Destino-y-Sabor.jpg\" alt=\"Ruinas del Castillo de Santiago de la Torre - Destino y Sabor\" width=\"640\" height=\"359\" class=\"size-full wp-image-6462\" srcset=\"https:\/\/destinoysabor.com\/blog\/wp-content\/uploads\/2022\/08\/Ruinas-del-Castillo-de-Santiago-de-la-Torre-Destino-y-Sabor.jpg 640w, https:\/\/destinoysabor.com\/blog\/wp-content\/uploads\/2022\/08\/Ruinas-del-Castillo-de-Santiago-de-la-Torre-Destino-y-Sabor-300x168.jpg 300w, https:\/\/destinoysabor.com\/blog\/wp-content\/uploads\/2022\/08\/Ruinas-del-Castillo-de-Santiago-de-la-Torre-Destino-y-Sabor-330x185.jpg 330w\" sizes=\"(max-width: 640px) 100vw, 640px\" \/><p id=\"caption-attachment-6462\" class=\"wp-caption-text\">Ruinas del Castillo de Santiago de la Torre &#8211; Destino y Sabor<\/p><\/div>\n<p>Con los a\u00f1os <strong>decide vender la aldea a la familia noble de los Pacheco<\/strong> que viv\u00edan en San Clemente, quedando definitivamente vinculado a San Clemente.<\/p>\n<p>Su aspecto <strong>recuerda vagamente a la escuela de Valladolid, aunque es anterior<\/strong>. Su estado actual es de <strong>ruina consolidada, pero est\u00e1 en fase de restauraci\u00f3n,<\/strong> durante el verano de 2022, se inician los trabajos de la fase II de su restauraci\u00f3n, para su puesta en activo como una actividad cultural y tur\u00edstica.<\/p>\n<h4>Llegar al castillo<\/h4>\n<p>Ojo, porque <strong>no es f\u00e1cil llegar a\u00fan a este castillo,<\/strong> pues solo hay caminos agr\u00edcolas que permiten realizar los 7 kil\u00f3metros que distan de El Provencio a este castillo. Por suerte saliendo desde el camino que hay junto al restaurante Tentempie, encontramos la se\u00f1alizaci\u00f3n que nos indica c\u00f3mo llegar al castillo.<\/p>\n<div id=\"attachment_6471\" style=\"width: 650px\" class=\"wp-caption aligncenter\"><img decoding=\"async\" aria-describedby=\"caption-attachment-6471\" src=\"https:\/\/destinoysabor.com\/blog\/wp-content\/uploads\/2022\/08\/Llegando-al-Castillo-de-Santiago-de-la-Torre-Destino-y-Sabor.jpg\" alt=\"Llegando al Castillo de Santiago de la Torre - Destino y Sabor\" width=\"640\" height=\"359\" class=\"size-full wp-image-6471\" srcset=\"https:\/\/destinoysabor.com\/blog\/wp-content\/uploads\/2022\/08\/Llegando-al-Castillo-de-Santiago-de-la-Torre-Destino-y-Sabor.jpg 640w, https:\/\/destinoysabor.com\/blog\/wp-content\/uploads\/2022\/08\/Llegando-al-Castillo-de-Santiago-de-la-Torre-Destino-y-Sabor-300x168.jpg 300w, https:\/\/destinoysabor.com\/blog\/wp-content\/uploads\/2022\/08\/Llegando-al-Castillo-de-Santiago-de-la-Torre-Destino-y-Sabor-330x185.jpg 330w\" sizes=\"(max-width: 640px) 100vw, 640px\" \/><p id=\"caption-attachment-6471\" class=\"wp-caption-text\">Llegando al Castillo de Santiago de la Torre &#8211; Destino y Sabor<\/p><\/div>\n<h4>Las ruinas del Castillo<\/h4>\n<p><strong>El actual estado del Castillo es de ruina, aunque afortunadamente es &#8220;relativamente&#8221; reciente y existe copiosa documentaci\u00f3n en forma de grabados y fotograf\u00edas<\/strong> de hasta los a\u00f1os 70&#8217;s del siglo XX, por lo que se puede conocer bastante bien la morfolog\u00eda original, pese a los expolios posteriores.<\/p>\n<p>Dado que el ayuntamiento <strong>cuenta solo con una parte de la propiedad, los trabajos de estudio, dataci\u00f3n y desescombro de esta parte, que a\u00fan no ha alcanzado a la torre<\/strong>. De parte de los lienzos y de la zona que fue un palacio, con <strong>un patio renacentista<\/strong>, en el momento de nuestra visita <strong>ya estaban iniciados para consolidar los muros y elementos originales<\/strong>, previos a la restauraci\u00f3n de esta parte del edificio.<\/p>\n<div id=\"attachment_6464\" style=\"width: 650px\" class=\"wp-caption aligncenter\"><img decoding=\"async\" aria-describedby=\"caption-attachment-6464\" src=\"https:\/\/destinoysabor.com\/blog\/wp-content\/uploads\/2022\/08\/Cocinas-en-fase-de-estabilizacion-en-el-Castillo-de-Santiago-de-la-Torre-Destino-y-Sabor.jpg\" alt=\"Cocinas en fase de estabilizaci\u00f3n en el Castillo de Santiago de la Torre - Destino y Sabor\" width=\"640\" height=\"360\" class=\"size-full wp-image-6464\" srcset=\"https:\/\/destinoysabor.com\/blog\/wp-content\/uploads\/2022\/08\/Cocinas-en-fase-de-estabilizacion-en-el-Castillo-de-Santiago-de-la-Torre-Destino-y-Sabor.jpg 640w, https:\/\/destinoysabor.com\/blog\/wp-content\/uploads\/2022\/08\/Cocinas-en-fase-de-estabilizacion-en-el-Castillo-de-Santiago-de-la-Torre-Destino-y-Sabor-300x169.jpg 300w, https:\/\/destinoysabor.com\/blog\/wp-content\/uploads\/2022\/08\/Cocinas-en-fase-de-estabilizacion-en-el-Castillo-de-Santiago-de-la-Torre-Destino-y-Sabor-330x186.jpg 330w\" sizes=\"(max-width: 640px) 100vw, 640px\" \/><p id=\"caption-attachment-6464\" class=\"wp-caption-text\">Cocinas en fase de estabilizaci\u00f3n en el Castillo de Santiago de la Torre &#8211; Destino y Sabor<\/p><\/div>\n<p>En el patio en obras, <strong>se pueden ver varios carteles que explican la historia descubierta<\/strong> gracias al estudio de las piedras recuperadas y la documentaci\u00f3n hist\u00f3rica; as\u00ed como <strong>unas mesas con algunos restos<\/strong> de inter\u00e9s rescatados durante el desescombro.<\/p>\n<h4>Situaci\u00f3n y contacto para la visita<\/h4>\n<p><strong><a href=\"https:\/\/goo.gl\/maps\/8q8TE41MovevuSv67\" rel=\"noopener nofollow\" target=\"_blank\">Castillo de Santiago de la Torre<\/a><\/strong><br \/>\nPedan\u00eda de Santiago de la Torre<br \/>\n16600 &#8211; San Clemente, Cuenca<\/p>\n<p><strong>Visita gratuita<\/strong> previa concertaci\u00f3n con la Oficina de Turismo de El Provencio.<a name=\"Comic\"><\/a><\/p>\n<h2>Otros atractivos menos conocidos de El Provencio<\/h2>\n<p>Hasta aqu\u00ed, <strong>te hemos mostrado los atractivos m\u00e1s est\u00e1ndares de una visita<\/strong> a este pueblo manchego, pero El Provencio esconde muchas m\u00e1s cosas igualmente interesantes.<\/p>\n<h3>Museo del C\u00f3mic<\/h3>\n<p>Durante nuestra visita, <strong>este museo estaba a\u00fan en fase de adecuaci\u00f3n y se espera inaugurarlo durante el verano de 2022, con motivo de la Feria anual del C\u00f3mic<\/strong>. Nosotros fuimos afortunados al poder conocer lo que se espera sea uno de los museos tem\u00e1ticos dedicados a este arte m\u00e1s importantes de Espa\u00f1a.<\/p>\n<div id=\"attachment_6484\" style=\"width: 650px\" class=\"wp-caption aligncenter\"><img decoding=\"async\" aria-describedby=\"caption-attachment-6484\" src=\"https:\/\/destinoysabor.com\/blog\/wp-content\/uploads\/2022\/08\/Fachada-del-futuro-Museo-del-Comic-de-El-Provencio-Imagen-del-Ayuntamiento.jpg\" alt=\"Fachada del futuro Museo del Comic de El Provencio - Imagen del Ayuntamiento\" width=\"640\" height=\"360\" class=\"size-full wp-image-6484\" srcset=\"https:\/\/destinoysabor.com\/blog\/wp-content\/uploads\/2022\/08\/Fachada-del-futuro-Museo-del-Comic-de-El-Provencio-Imagen-del-Ayuntamiento.jpg 640w, https:\/\/destinoysabor.com\/blog\/wp-content\/uploads\/2022\/08\/Fachada-del-futuro-Museo-del-Comic-de-El-Provencio-Imagen-del-Ayuntamiento-300x169.jpg 300w, https:\/\/destinoysabor.com\/blog\/wp-content\/uploads\/2022\/08\/Fachada-del-futuro-Museo-del-Comic-de-El-Provencio-Imagen-del-Ayuntamiento-330x186.jpg 330w\" sizes=\"(max-width: 640px) 100vw, 640px\" \/><p id=\"caption-attachment-6484\" class=\"wp-caption-text\">Fachada del futuro Museo del Comic de El Provencio &#8211; Imagen del Ayuntamiento<\/p><\/div>\n<p>Y es que el origen de este museo <strong>est\u00e1 en las Ferias Internacionales del C\u00f3mic que se llevan realizando a lo largo de los \u00faltimos a\u00f1os en El Provencio,<\/strong> y que ya est\u00e1 declarada de Inter\u00e9s Tur\u00edstico Regional y que aspira a serlo tambi\u00e9n nacional; <strong>y que, en el a\u00f1o 2022, ser\u00e1 su duod\u00e9cima edici\u00f3n<\/strong>.<\/p>\n<p>Dado <strong>el apoyo de autores de renombre como Forges, Peridis, Mingote, Ib\u00e1\u00f1ez,.. as\u00ed como coleccionistas particulares<\/strong> el volumen de fondos es tan grande que las instalaciones que posee la asociaci\u00f3n en su ubicaci\u00f3n inicial de la Casa de Cultura se quedaron peque\u00f1as, siendo el motivo para el trasladado a unas nuevas instalaciones donde <strong>se puede hacer un recorrido hist\u00f3rico sobre el comic nacional e internacional.<\/strong> <\/p>\n<h4>Los fondos muse\u00edsticos<\/h4>\n<p>Gran parte de los <strong>comics presentes, que destacan desde ilustraciones del siglo XIX<\/strong>, la \u00e9poca cl\u00e1sica del c\u00f3mic (a\u00f1os 50 y 60&#8217;s del siglo XX) y actuales, son donaciones de particulares. A destacar la colecci\u00f3n m\u00e1s completa de tebeos de Mortadelo y Filem\u00f3n de Ib\u00e1\u00f1ez.<\/p>\n<div id=\"attachment_6465\" style=\"width: 650px\" class=\"wp-caption aligncenter\"><img decoding=\"async\" aria-describedby=\"caption-attachment-6465\" src=\"https:\/\/destinoysabor.com\/blog\/wp-content\/uploads\/2022\/08\/Coleccion-casi-completa-de-Mortadelo-y-Filemon-de-la-Coleccion-Ole-Destino-y-Sabor.jpg\" alt=\"Colecci\u00f3n casi completa de Mortadelo y Filem\u00f3n de la Colecci\u00f3n Ole - Destino y Sabor\" width=\"640\" height=\"321\" class=\"size-full wp-image-6465\" srcset=\"https:\/\/destinoysabor.com\/blog\/wp-content\/uploads\/2022\/08\/Coleccion-casi-completa-de-Mortadelo-y-Filemon-de-la-Coleccion-Ole-Destino-y-Sabor.jpg 640w, https:\/\/destinoysabor.com\/blog\/wp-content\/uploads\/2022\/08\/Coleccion-casi-completa-de-Mortadelo-y-Filemon-de-la-Coleccion-Ole-Destino-y-Sabor-300x150.jpg 300w, https:\/\/destinoysabor.com\/blog\/wp-content\/uploads\/2022\/08\/Coleccion-casi-completa-de-Mortadelo-y-Filemon-de-la-Coleccion-Ole-Destino-y-Sabor-330x166.jpg 330w\" sizes=\"(max-width: 640px) 100vw, 640px\" \/><p id=\"caption-attachment-6465\" class=\"wp-caption-text\">Colecci\u00f3n casi completa de Mortadelo y Filem\u00f3n de la Colecci\u00f3n Ole &#8211; Destino y Sabor<\/p><\/div>\n<p>La muestra contiene <strong>ediciones nacionales como internacionales<\/strong>, lo que hace que tenga gran valor como museo.<\/p>\n<h4>Situaci\u00f3n y contacto<\/h4>\n<p><strong>Museo del C\u00f3mic<\/strong><br \/>\nEsquina Calle Juan Cris\u00f3stomo con Calle San Julian.<\/p>\n<p>Visita pendiente de apertura.<a name=\"Murales\"><\/a><\/p>\n<h3>Ruta de los Murales, arte urbano<\/h3>\n<p>Otra de las cosas que <strong>surgi\u00f3 con las Ferias del C\u00f3mic de El Provencio<\/strong>, fueron los cert\u00e1menes de pinturas murales aprovechando algunas fachadas de las casas y edificios del pueblo. Lo que en principio empez\u00f3 siendo una peque\u00f1a muestra de murales de dimensiones reducidas en torno a la Casa de Cultura y parques, <strong>fue creciendo y hoy es posible realizar una ruta recorriendo su m\u00e1s de 50 murales, algunos de grandes dimensiones e inter\u00e9s..<\/strong><\/p>\n<div id=\"attachment_6469\" style=\"width: 650px\" class=\"wp-caption aligncenter\"><img decoding=\"async\" aria-describedby=\"caption-attachment-6469\" src=\"https:\/\/destinoysabor.com\/blog\/wp-content\/uploads\/2022\/08\/Murales-de-El-Provencio-Destino-y-Sabor.jpg\" alt=\"Murales de El Provencio - Destino y Sabor\" width=\"640\" height=\"360\" class=\"size-full wp-image-6469\" srcset=\"https:\/\/destinoysabor.com\/blog\/wp-content\/uploads\/2022\/08\/Murales-de-El-Provencio-Destino-y-Sabor.jpg 640w, https:\/\/destinoysabor.com\/blog\/wp-content\/uploads\/2022\/08\/Murales-de-El-Provencio-Destino-y-Sabor-300x169.jpg 300w, https:\/\/destinoysabor.com\/blog\/wp-content\/uploads\/2022\/08\/Murales-de-El-Provencio-Destino-y-Sabor-330x186.jpg 330w\" sizes=\"(max-width: 640px) 100vw, 640px\" \/><p id=\"caption-attachment-6469\" class=\"wp-caption-text\">Murales de El Provencio &#8211; Destino y Sabor<\/p><\/div><a name=\"Puentes\"><\/a><\/p>\n<h3>Los puentes hist\u00f3ricos<\/h3>\n<p>Otro de los aspectos que puede resultar de inter\u00e9s <strong>son los puentes hist\u00f3ricos que recorren la villa de El Provencio<\/strong>; y aunque se conservan varios de cierto inter\u00e9s, <strong>se perdieron algunos \u00fanicos, de los que se dice que incluso pudieron ser de \u00e9poca romana,<\/strong> ya que como hemos dicho, El Provencio fue una intersecci\u00f3n de v\u00edas romanas.<\/p>\n<h4>Puente del Camino Real<\/h4>\n<p>Este puente salta el cauce seco hoy de un arroyo que alimentaba de agua las riberas de El Provencio.<strong> En origen era un puente ancho sobre uno de los Caminos Reales,<\/strong> las autov\u00edas del siglo XVII y XVIII.<\/p>\n<p><strong>Es posible saber la fecha de construcci\u00f3n, 1789<\/strong>; As\u00ed lo atestigua un grabado en una de sus piedras, aunque existe una cierta controversia sobre si este n\u00famero es en realidad 1782. En cualquier caso, un puente con mucha historia.<\/p>\n<h4>Puente del Rey<\/h4>\n<p>El nombre <strong>proviene de la tradici\u00f3n que indica que Carlos V regresando de la costa de levante y de camino al interior de Espa\u00f1a, tuvo que hacer noche en El Provencio.<\/strong> La entrada de tan ilustre persona y su sequito, fue por este puente.<\/p>\n<div id=\"attachment_6456\" style=\"width: 650px\" class=\"wp-caption aligncenter\"><img decoding=\"async\" aria-describedby=\"caption-attachment-6456\" src=\"https:\/\/destinoysabor.com\/blog\/wp-content\/uploads\/2022\/08\/Puente-de-XXX-Imagen-de-Mancomunidad-de-Zancara.jpg\" alt=\"Puente del Rey junto al paseo de los p\u00e1jaros - Imagen de Mancomunidad de Z\u00e1ncara\" width=\"640\" height=\"360\" class=\"size-full wp-image-6456\" srcset=\"https:\/\/destinoysabor.com\/blog\/wp-content\/uploads\/2022\/08\/Puente-de-XXX-Imagen-de-Mancomunidad-de-Zancara.jpg 640w, https:\/\/destinoysabor.com\/blog\/wp-content\/uploads\/2022\/08\/Puente-de-XXX-Imagen-de-Mancomunidad-de-Zancara-300x169.jpg 300w, https:\/\/destinoysabor.com\/blog\/wp-content\/uploads\/2022\/08\/Puente-de-XXX-Imagen-de-Mancomunidad-de-Zancara-330x186.jpg 330w\" sizes=\"(max-width: 640px) 100vw, 640px\" \/><p id=\"caption-attachment-6456\" class=\"wp-caption-text\">Puente del Rey junto al paseo de los p\u00e1jaros &#8211; Imagen de Mancomunidad de Z\u00e1ncara<\/p><\/div>\n<p>De hecho, aunque la zona ha sufrido cambios en casi 500 a\u00f1os; <strong>nuevamente la tradici\u00f3n indica la ruta que sigui\u00f3 Carlos V desde que atraves\u00f3 este puente y lleg\u00f3 al antiguo Palacio de los Calatayud<\/strong>, se\u00f1ores de esta villa, donde se aloj\u00f3 por una noche y desde aqu\u00ed envi\u00f3 convocatoria de Costes a todas las grandes ciudades del reino. <a name=\"Llegar\"><\/a><\/p>\n<h2>Informaci\u00f3n general sobre El Provencio<\/h2>\n<h3>\u00bfC\u00f3mo llegar?<\/h3>\n<p><strong>La localidad de <a href=\"https:\/\/goo.gl\/maps\/dZ1SiRfmWRJrHHsZ9\" rel=\"noopener nofollow\" target=\"_blank\">El Provencio<\/a><\/strong> siempre estuvo bien comunicada, hist\u00f3ricamente como un cruce de caminos de la red de calzadas romanas, que luego fue usado por visigodos y \u00e1rabes,.. y luego en tiempos modernos, <strong>el pueblo fue atravesado por la carretera nacional N301<\/strong> que une Madrid con Albacete.<\/p>\n<div id=\"attachment_6421\" style=\"width: 590px\" class=\"wp-caption aligncenter\"><img decoding=\"async\" aria-describedby=\"caption-attachment-6421\" src=\"https:\/\/destinoysabor.com\/blog\/wp-content\/uploads\/2022\/07\/Llegando-al-Provencio-por-la-Carretera-N301-Destino-Castilla-y-Leon.jpg\" alt=\"Llegando al Provencio por la Carretera N301 - Destino Castilla y Le\u00f3n\" width=\"580\" height=\"326\" class=\"size-full wp-image-6421\" srcset=\"https:\/\/destinoysabor.com\/blog\/wp-content\/uploads\/2022\/07\/Llegando-al-Provencio-por-la-Carretera-N301-Destino-Castilla-y-Leon.jpg 580w, https:\/\/destinoysabor.com\/blog\/wp-content\/uploads\/2022\/07\/Llegando-al-Provencio-por-la-Carretera-N301-Destino-Castilla-y-Leon-300x169.jpg 300w, https:\/\/destinoysabor.com\/blog\/wp-content\/uploads\/2022\/07\/Llegando-al-Provencio-por-la-Carretera-N301-Destino-Castilla-y-Leon-330x185.jpg 330w\" sizes=\"(max-width: 580px) 100vw, 580px\" \/><p id=\"caption-attachment-6421\" class=\"wp-caption-text\">Llegando al Provencio por la Carretera N301 &#8211; Destino Castilla y Le\u00f3n<\/p><\/div>\n<p>Actualmente una forma c\u00f3moda de llegar en <strong>usando la autov\u00eda de peaje AP-36,<\/strong> aunque si no quieres pagar peaje, <strong>se llega muy bien tambi\u00e9n por la Autov\u00eda A3,<\/strong> desvi\u00e1ndote en el kil\u00f3metro 104, a la altura de Saelices. Esta desviaci\u00f3n te sirve para visitar tambi\u00e9n el yacimiento de <a href=\"https:\/\/destinoysabor.com\/blog\/visita-a-segobriga\/\" rel=\"noopener\" target=\"_blank\">la ciudad romana de Segobriga<\/a>. <a name=\"Dormir\"><\/a><\/p>\n<h3>\u00bfD\u00f3nde alojarse?<\/h3>\n<p>El Provencio <strong>cuenta con varias casas y hoteles rurales.<\/strong> Nosotros en concreto <strong>nos alojamos en el hotel <a href=\"https:\/\/www.booking.com\/hotel\/es\/juype-tierrallana.es.html?aid=1366108&#038;sid=99510bd6c0c9b850a581b0418553ca8d&#038;age=12;atlas_src=sr_iw_title;dest_id=-381078;dest_type=city;dist=0;group_adults=2;group_children=1;no_rooms=1;room1=A%2CA%2C12;sb_price_type=total;type=total;ucfs=1&#038;\" rel=\"NoFollow noopener\" target=\"_Blank\">Hosteria Tierrallana by Juypehotel<\/a>,<\/strong> que estaba muy bien, muy c\u00f3modo y limpio. El trato fue exquisito. Si hay que ponerle una pega es que se encuentra a las afueras del pueblo, por lo que hay que usar el coche para no ir un tramo por carretera.<\/p>\n<div id=\"attachment_6423\" style=\"width: 590px\" class=\"wp-caption aligncenter\"><img decoding=\"async\" aria-describedby=\"caption-attachment-6423\" src=\"https:\/\/destinoysabor.com\/blog\/wp-content\/uploads\/2022\/07\/Habitacion-familiar-en-el-Hotel-Hosteria-Tierrallana-by-Juypehotel-Imagen-del-hotel.jpg\" alt=\"Habitaci\u00f3n familiar en el Hotel Hosteria Tierrallana by Juypehotel - Imagen del hotel\" width=\"580\" height=\"326\" class=\"size-full wp-image-6423\" srcset=\"https:\/\/destinoysabor.com\/blog\/wp-content\/uploads\/2022\/07\/Habitacion-familiar-en-el-Hotel-Hosteria-Tierrallana-by-Juypehotel-Imagen-del-hotel.jpg 580w, https:\/\/destinoysabor.com\/blog\/wp-content\/uploads\/2022\/07\/Habitacion-familiar-en-el-Hotel-Hosteria-Tierrallana-by-Juypehotel-Imagen-del-hotel-300x169.jpg 300w, https:\/\/destinoysabor.com\/blog\/wp-content\/uploads\/2022\/07\/Habitacion-familiar-en-el-Hotel-Hosteria-Tierrallana-by-Juypehotel-Imagen-del-hotel-330x185.jpg 330w\" sizes=\"(max-width: 580px) 100vw, 580px\" \/><p id=\"caption-attachment-6423\" class=\"wp-caption-text\">Habitaci\u00f3n familiar en el Hotel <a href=\"https:\/\/www.booking.com\/hotel\/es\/juype-tierrallana.es.html?aid=1366108&#038;sid=99510bd6c0c9b850a581b0418553ca8d&#038;age=12;atlas_src=sr_iw_title;dest_id=-381078;dest_type=city;dist=0;group_adults=2;group_children=1;no_rooms=1;room1=A%2CA%2C12;sb_price_type=total;type=total;ucfs=1&#038;\" rel=\"NoFollow noopener\" target=\"_Blank\"><u>Hosteria Tierrallana<\/u><\/a> &#8211; Imagen del hotel<\/p><\/div>\n<p>Otras opciones fuera de este pueblo, <strong>hemos visto interesantes, aunque no est\u00e1n en el propio pueblo es este de <a href=\"https:\/\/www.booking.com\/hotel\/es\/casa-cueva-el-nido-casa-rural.es.html?aid=1366108&#038;sid=99510bd6c0c9b850a581b0418553ca8d&#038;age=12;atlas_src=sr_iw_btn;dest_id=-381078;dest_type=city;dist=0;group_adults=2;group_children=1;no_rooms=1;room1=A%2CA%2C12;sb_price_type=total;type=total;ucfs=1&#038;\" rel=\"NoFollow noopener\" target=\"_Blank\">Casa cueva El Nido Casa Rural<\/a>,<\/strong> en Casas de Fernando Alonso; Alojarte en una casa cueva nos parece como m\u00ednimo original. O en algo m\u00e1s convencional, <strong>en Las Pedro\u00f1eras, <a href=\"https:\/\/www.booking.com\/hotel\/es\/hostal-el-bomba.es.html?aid=1366108&#038;sid=99510bd6c0c9b850a581b0418553ca8d&#038;age=12;atlas_src=sr_iw_btn;dest_id=-381078;dest_type=city;dist=0;group_adults=2;group_children=1;no_rooms=1;room1=A%2CA%2C12;sb_price_type=total;type=total;ucfs=1&#038;\" rel=\"NoFollow noopener\" target=\"_Blank\">Hostal El Bomba<\/a>.<\/strong> <a name=\"Comer\"><\/a><\/p>\n<h3>\u00bfD\u00f3nde comer?<\/h3>\n<p>Una localidad tan grande como El Provencio <strong>tiene bastante oferta gastron\u00f3mica,<\/strong> repartido entre v<strong>arios mesones con la cocina manchega tradicional.<\/strong> En plan picoteo, nos gust\u00f3 bastante y a relativamente buen precio, <strong>el Bar Restaurante la Avenida, junto a la Casa de Cultura de El Provencio.<\/strong><\/p>\n<div id=\"attachment_6475\" style=\"width: 590px\" class=\"wp-caption aligncenter\"><img decoding=\"async\" aria-describedby=\"caption-attachment-6475\" src=\"https:\/\/destinoysabor.com\/blog\/wp-content\/uploads\/2022\/08\/Parrillada-argentina-con-un-vino-de-Mendoza-en-el-Rte.-La-Avenida-de-El-Provencio-Destino-y-Sabor.jpg\" alt=\"Parrillada argentina con un vino de Mendoza en el Rte. La Avenida de El Provencio - Destino y Sabor\" width=\"580\" height=\"216\" class=\"size-full wp-image-6475\" srcset=\"https:\/\/destinoysabor.com\/blog\/wp-content\/uploads\/2022\/08\/Parrillada-argentina-con-un-vino-de-Mendoza-en-el-Rte.-La-Avenida-de-El-Provencio-Destino-y-Sabor.jpg 580w, https:\/\/destinoysabor.com\/blog\/wp-content\/uploads\/2022\/08\/Parrillada-argentina-con-un-vino-de-Mendoza-en-el-Rte.-La-Avenida-de-El-Provencio-Destino-y-Sabor-300x112.jpg 300w, https:\/\/destinoysabor.com\/blog\/wp-content\/uploads\/2022\/08\/Parrillada-argentina-con-un-vino-de-Mendoza-en-el-Rte.-La-Avenida-de-El-Provencio-Destino-y-Sabor-330x123.jpg 330w\" sizes=\"(max-width: 580px) 100vw, 580px\" \/><p id=\"caption-attachment-6475\" class=\"wp-caption-text\">Parrillada argentina con un vino de Mendoza en el Rte. La Avenida de El Provencio &#8211; Destino y Sabor<\/p><\/div>\n<p><strong>Un lugar donde comimos muy bien, y con vinos muy interesantes, fue el Bar Restaurante Tentempie, en la Carretera N301<\/strong> y que desde hace poco est\u00e1 siendo gestionado por una familia de argentinos que est\u00e1n ofreciendo una carta fusi\u00f3n entre la cocina manchega y argentina, con unas parrillas muy buenas.<\/p>\n<p>Otras opciones son <strong>el Restaurante Valero o el Bar Jr<\/strong>, aunque hablamos de o\u00eddas, pues en estos sitios no hemos comido. Vimos bastante movimiento <strong>en los comedores del hotel Hosteria Tierrallana,<\/strong> y eso suele ser porque es buena cocina. <a name=\"Historia\"><\/a><\/p>\n<h3>Breve contexto hist\u00f3rico<\/h3>\n<p>Como hemos dicho, en El Provencio <strong>se han localizado varios yacimientos arqueol\u00f3gicos de \u00e9poca del paleol\u00edtico, incluso con presencia de Neandertales.<\/strong> Al estar en una zona bien comunicada, hay una teor\u00eda que el pueblo nace entorno a <strong>la presencia de una venta o caser\u00edo que aprovechaba estar en un cruce de caminos junto a un r\u00edo, y que incluso podr\u00eda venir de \u00e9poca romana,<\/strong> debido a la palabra latina <em> Provincius<\/em>, que significa provincia.<\/p>\n<p>No obstante, <strong>la fundaci\u00f3n m\u00e1s aceptada est\u00e1 asociada al <a href=\"https:\/\/es.wikipedia.org\/wiki\/Don_Juan_Manuel\" rel=\"noopener\" target=\"_blank\">infante Don Juan Manuel de Castilla y de Saboya<\/a>.<\/strong> Tambi\u00e9n se habla de los desbordamientos del r\u00edo Z\u00e1ncara, que inundaba los campos mejorando los cultivos.<\/p>\n<div id=\"attachment_6468\" style=\"width: 210px\" class=\"wp-caption aligncenter\"><img decoding=\"async\" aria-describedby=\"caption-attachment-6468\" src=\"https:\/\/destinoysabor.com\/blog\/wp-content\/uploads\/2022\/08\/Infante-Don-Juan-Manuel-Imagen-de-Wikipedia.jpg\" alt=\"Infante Don Juan Manuel - Imagen de Wikipedia\" width=\"200\" class=\"size-full wp-image-6468\" srcset=\"https:\/\/destinoysabor.com\/blog\/wp-content\/uploads\/2022\/08\/Infante-Don-Juan-Manuel-Imagen-de-Wikipedia.jpg 250w, https:\/\/destinoysabor.com\/blog\/wp-content\/uploads\/2022\/08\/Infante-Don-Juan-Manuel-Imagen-de-Wikipedia-206x300.jpg 206w\" sizes=\"(max-width: 250px) 100vw, 250px\" \/><p id=\"caption-attachment-6468\" class=\"wp-caption-text\">Infante Don Juan Manuel &#8211; Imagen de Wikipedia<\/p><\/div>\n<p>Con el paso de los tiempos, <strong>la villa cay\u00f3 en manos de Don Alfonso de la casa real de la Corona de Arag\u00f3n<\/strong>, que logr\u00f3 el marquesado de Villena, cediendo para su gesti\u00f3n el Se\u00f1or\u00edo de El Provencio a su pariente y mayordomo mayor d<strong>on Luis S\u00e1nchez de Calatayud, de donde desciende Sancho Zapata,<\/strong> de donde sale el zapato del escudo de El Provencio.<\/p>\n<p>Los desmanes de los Se\u00f1ores de El Provencio ocasionaron <strong>una revuelta al estilo de la Guerra de la Comunidades en \u00e9poca de Carlos V,<\/strong> que tuvo que intervenir. <strong>A esta villa llegar\u00eda Carlos V en 1541,<\/strong> cuando pas\u00f3 noche en el palacio de los Calatayud, aunque para organizar las cortes en Toledo, decidi\u00f3 quedarse un d\u00eda m\u00e1s.<\/p>\n<div id=\"attachment_4390\" style=\"width: 590px\" class=\"wp-caption aligncenter\"><img decoding=\"async\" aria-describedby=\"caption-attachment-4390\" src=\"https:\/\/destinoysabor.com\/blog\/wp-content\/uploads\/2019\/09\/Carlo-V-e-Isabel-de-Portugal-de-Rubens-Destino-y-Sabor.jpg\" alt=\"Carlos V e Isabel de Portugal de Rubens - Destino y Sabor\" width=\"580\" class=\"size-full wp-image-4390\" srcset=\"https:\/\/destinoysabor.com\/blog\/wp-content\/uploads\/2019\/09\/Carlo-V-e-Isabel-de-Portugal-de-Rubens-Destino-y-Sabor.jpg 640w, https:\/\/destinoysabor.com\/blog\/wp-content\/uploads\/2019\/09\/Carlo-V-e-Isabel-de-Portugal-de-Rubens-Destino-y-Sabor-300x200.jpg 300w, https:\/\/destinoysabor.com\/blog\/wp-content\/uploads\/2019\/09\/Carlo-V-e-Isabel-de-Portugal-de-Rubens-Destino-y-Sabor-330x220.jpg 330w, https:\/\/destinoysabor.com\/blog\/wp-content\/uploads\/2019\/09\/Carlo-V-e-Isabel-de-Portugal-de-Rubens-Destino-y-Sabor-296x197.jpg 296w\" sizes=\"(max-width: 640px) 100vw, 640px\" \/><p id=\"caption-attachment-4390\" class=\"wp-caption-text\">Carlos V e Isabel de Portugal de Rubens &#8211; Destino y Sabor<\/p><\/div>\n<p>Esta ciudad <strong>fue ocupada en varias ocasiones por las tropas napole\u00f3nicas<\/strong> durante la guerra de la independencia, esto debido a su buena situaci\u00f3n en el camino de levante. Tambi\u00e9n <strong>sufri\u00f3 durante la Guerra Civil, con hechos desgraciados<\/strong> por parte de ambas partes beligerantes.<\/p>\n<p>Y ya veis; que, un peque\u00f1o pueblo de Castilla la Mancha, <strong>tiene mucho que ver y disfrutar si te gusta realizar escapadas de turismo de interior;<\/strong> y El Provencio tiene muchas actividades y lugares diferentes que lo hacen casi un destino \u00fanico.<\/p>\n<h4>Tambi\u00e9n te puede interesar<\/h4>\n<ul>\n<li><a href=\"https:\/\/destinoysabor.com\/blog\/guia-de-enoturismo-en-la-ruta-del-vino-de-valdepenas\/\">Gu\u00eda de Enoturismo en la Ruta del Vino de Valdepe\u00f1as<\/a>.<\/li>\n<li><a href=\"https:\/\/destinoysabor.com\/blog\/guia-de-enoturismo-por-la-manchuela\/\">Gu\u00eda de Enoturismo por La Manchuela<\/a>.<\/li>\n<li><a href=\"https:\/\/destinoysabor.com\/blog\/cuenca-en-un-dia\/\">Disfrutando una visita a Cuenca, el segundo d\u00eda Cuenqueando<\/a>.<\/li>\n<\/ul>\n","protected":false},"excerpt":{"rendered":"<p>Descubre el pintoresco pueblo de El Provencio, un pueblo de Cuenca, en Castilla la Mancha. Ver\u00e1s un pueblo muy sorprendente con muchas cosas por disfrutar.<\/p>\n","protected":false},"author":2,"featured_media":6480,"comment_status":"open","ping_status":"closed","sticky":false,"template":"","format":"standard","meta":{"rop_custom_images_group":[],"rop_custom_messages_group":[],"rop_publish_now":"initial","rop_publish_now_accounts":{"twitter_3437733573_3437733573":""},"rop_publish_now_history":[],"rop_publish_now_status":"pending","footnotes":""},"categories":[1,18,19],"tags":[588,726,635,419],"class_list":["post-6391","post","type-post","status-publish","format-standard","has-post-thumbnail","hentry","category-actualidad-del-turismo-gastronomico","category-castilla-la-mancha","category-espana","tag-cuenca","tag-el-provencio","tag-enoturismo","tag-turismo-de-interior-en-castilla-la-mancha"],"yoast_head":"<!-- This site is optimized with the Yoast SEO plugin v26.5 - https:\/\/yoast.com\/wordpress\/plugins\/seo\/ -->\n<title>Gu\u00eda para visitar el Provencio \u2013 Destino y Sabor<\/title>\n<meta name=\"description\" content=\"Descubre El Provencio, un pueblo de Cuenca, en Castilla la Mancha. Ver\u00e1s un pueblo muy sorprendente con muchas cosas por disfrutar.\" \/>\n<meta name=\"robots\" content=\"index, follow, max-snippet:-1, max-image-preview:large, max-video-preview:-1\" \/>\n<link rel=\"canonical\" href=\"https:\/\/destinoysabor.com\/blog\/el-provencio\/\" \/>\n<meta property=\"og:locale\" content=\"es_ES\" \/>\n<meta property=\"og:type\" content=\"article\" \/>\n<meta property=\"og:title\" content=\"Gu\u00eda para visitar el Provencio \u2013 Destino y Sabor\" \/>\n<meta property=\"og:description\" content=\"Descubre el pintoresco pueblo de El Provencio, un pueblo de Cuenca, en Castilla la Mancha. Ver\u00e1s un pueblo muy sorprendente con muchas cosas por disfrutar.\" \/>\n<meta property=\"og:url\" content=\"https:\/\/destinoysabor.com\/blog\/el-provencio\/\" \/>\n<meta property=\"og:site_name\" content=\"Destino y Sabor\" \/>\n<meta property=\"article:publisher\" content=\"https:\/\/www.facebook.com\/destinoysabor\/\" \/>\n<meta property=\"article:published_time\" content=\"2022-08-05T06:48:01+00:00\" \/>\n<meta property=\"article:modified_time\" content=\"2022-08-05T06:55:48+00:00\" \/>\n<meta property=\"og:image\" content=\"https:\/\/destinoysabor.com\/blog\/wp-content\/uploads\/2022\/08\/Visita-a-El-Provencio-Destino-y-Sabor.jpg\" \/>\n\t<meta property=\"og:image:width\" content=\"1210\" \/>\n\t<meta property=\"og:image:height\" content=\"557\" \/>\n\t<meta property=\"og:image:type\" content=\"image\/jpeg\" \/>\n<meta name=\"author\" content=\"David V\u00e1zquez\" \/>\n<meta name=\"twitter:card\" content=\"summary_large_image\" \/>\n<meta name=\"twitter:title\" content=\"Gu\u00eda para visitar el Provencio \u2013 Destino y Sabor\" \/>\n<meta name=\"twitter:description\" content=\"Descubre el pintoresco pueblo de El Provencio, un pueblo de Cuenca, en Castilla la Mancha. Ver\u00e1s un pueblo muy sorprendente con muchas cosas por disfrutar.\" \/>\n<meta name=\"twitter:image\" content=\"https:\/\/destinoysabor.com\/blog\/wp-content\/uploads\/2022\/08\/Visita-a-El-Provencio-Destino-y-Sabor.jpg\" \/>\n<meta name=\"twitter:creator\" content=\"@Destino_Sabor\" \/>\n<meta name=\"twitter:site\" content=\"@Destino_Sabor\" \/>\n<meta name=\"twitter:label1\" content=\"Escrito por\" \/>\n\t<meta name=\"twitter:data1\" content=\"David V\u00e1zquez\" \/>\n\t<meta name=\"twitter:label2\" content=\"Tiempo de lectura\" \/>\n\t<meta name=\"twitter:data2\" content=\"20 minutos\" \/>\n<script type=\"application\/ld+json\" class=\"yoast-schema-graph\">{\"@context\":\"https:\/\/schema.org\",\"@graph\":[{\"@type\":\"WebPage\",\"@id\":\"https:\/\/destinoysabor.com\/blog\/el-provencio\/\",\"url\":\"https:\/\/destinoysabor.com\/blog\/el-provencio\/\",\"name\":\"Gu\u00eda para visitar el Provencio \u2013 Destino y Sabor\",\"isPartOf\":{\"@id\":\"https:\/\/destinoysabor.com\/blog\/#website\"},\"primaryImageOfPage\":{\"@id\":\"https:\/\/destinoysabor.com\/blog\/el-provencio\/#primaryimage\"},\"image\":{\"@id\":\"https:\/\/destinoysabor.com\/blog\/el-provencio\/#primaryimage\"},\"thumbnailUrl\":\"https:\/\/destinoysabor.com\/blog\/wp-content\/uploads\/2022\/08\/Visita-a-El-Provencio-Destino-y-Sabor.jpg\",\"datePublished\":\"2022-08-05T06:48:01+00:00\",\"dateModified\":\"2022-08-05T06:55:48+00:00\",\"author\":{\"@id\":\"https:\/\/destinoysabor.com\/blog\/#\/schema\/person\/87dc8dd6f102c79f8099580c399f2920\"},\"description\":\"Descubre El Provencio, un pueblo de Cuenca, en Castilla la Mancha. Ver\u00e1s un pueblo muy sorprendente con muchas cosas por disfrutar.\",\"breadcrumb\":{\"@id\":\"https:\/\/destinoysabor.com\/blog\/el-provencio\/#breadcrumb\"},\"inLanguage\":\"es\",\"potentialAction\":[{\"@type\":\"ReadAction\",\"target\":[\"https:\/\/destinoysabor.com\/blog\/el-provencio\/\"]}]},{\"@type\":\"ImageObject\",\"inLanguage\":\"es\",\"@id\":\"https:\/\/destinoysabor.com\/blog\/el-provencio\/#primaryimage\",\"url\":\"https:\/\/destinoysabor.com\/blog\/wp-content\/uploads\/2022\/08\/Visita-a-El-Provencio-Destino-y-Sabor.jpg\",\"contentUrl\":\"https:\/\/destinoysabor.com\/blog\/wp-content\/uploads\/2022\/08\/Visita-a-El-Provencio-Destino-y-Sabor.jpg\",\"width\":1210,\"height\":557,\"caption\":\"El Provencio\"},{\"@type\":\"BreadcrumbList\",\"@id\":\"https:\/\/destinoysabor.com\/blog\/el-provencio\/#breadcrumb\",\"itemListElement\":[{\"@type\":\"ListItem\",\"position\":1,\"name\":\"Portada\",\"item\":\"https:\/\/destinoysabor.com\/blog\/\"},{\"@type\":\"ListItem\",\"position\":2,\"name\":\"Gu\u00eda para visitar el Provencio, en Cuenca\"}]},{\"@type\":\"WebSite\",\"@id\":\"https:\/\/destinoysabor.com\/blog\/#website\",\"url\":\"https:\/\/destinoysabor.com\/blog\/\",\"name\":\"Destino y Sabor\",\"description\":\"los mejores planes para foodies y winelovers\",\"potentialAction\":[{\"@type\":\"SearchAction\",\"target\":{\"@type\":\"EntryPoint\",\"urlTemplate\":\"https:\/\/destinoysabor.com\/blog\/?s={search_term_string}\"},\"query-input\":{\"@type\":\"PropertyValueSpecification\",\"valueRequired\":true,\"valueName\":\"search_term_string\"}}],\"inLanguage\":\"es\"},{\"@type\":\"Person\",\"@id\":\"https:\/\/destinoysabor.com\/blog\/#\/schema\/person\/87dc8dd6f102c79f8099580c399f2920\",\"name\":\"David V\u00e1zquez\",\"image\":{\"@type\":\"ImageObject\",\"inLanguage\":\"es\",\"@id\":\"https:\/\/destinoysabor.com\/blog\/#\/schema\/person\/image\/\",\"url\":\"https:\/\/secure.gravatar.com\/avatar\/cd12db6c575a90c3b75cfa0f794b74d425201c768612fad17e9f13cd33d48be8?s=96&r=g\",\"contentUrl\":\"https:\/\/secure.gravatar.com\/avatar\/cd12db6c575a90c3b75cfa0f794b74d425201c768612fad17e9f13cd33d48be8?s=96&r=g\",\"caption\":\"David V\u00e1zquez\"},\"sameAs\":[\"https:\/\/lamesadelconde.es\"],\"url\":\"https:\/\/destinoysabor.com\/blog\/author\/david-vazquez\/\"}]}<\/script>\n<!-- \/ Yoast SEO plugin. -->","yoast_head_json":{"title":"Gu\u00eda para visitar el Provencio \u2013 Destino y Sabor","description":"Descubre El Provencio, un pueblo de Cuenca, en Castilla la Mancha. Ver\u00e1s un pueblo muy sorprendente con muchas cosas por disfrutar.","robots":{"index":"index","follow":"follow","max-snippet":"max-snippet:-1","max-image-preview":"max-image-preview:large","max-video-preview":"max-video-preview:-1"},"canonical":"https:\/\/destinoysabor.com\/blog\/el-provencio\/","og_locale":"es_ES","og_type":"article","og_title":"Gu\u00eda para visitar el Provencio \u2013 Destino y Sabor","og_description":"Descubre el pintoresco pueblo de El Provencio, un pueblo de Cuenca, en Castilla la Mancha. Ver\u00e1s un pueblo muy sorprendente con muchas cosas por disfrutar.","og_url":"https:\/\/destinoysabor.com\/blog\/el-provencio\/","og_site_name":"Destino y Sabor","article_publisher":"https:\/\/www.facebook.com\/destinoysabor\/","article_published_time":"2022-08-05T06:48:01+00:00","article_modified_time":"2022-08-05T06:55:48+00:00","og_image":[{"width":1210,"height":557,"url":"https:\/\/destinoysabor.com\/blog\/wp-content\/uploads\/2022\/08\/Visita-a-El-Provencio-Destino-y-Sabor.jpg","type":"image\/jpeg"}],"author":"David V\u00e1zquez","twitter_card":"summary_large_image","twitter_title":"Gu\u00eda para visitar el Provencio \u2013 Destino y Sabor","twitter_description":"Descubre el pintoresco pueblo de El Provencio, un pueblo de Cuenca, en Castilla la Mancha. Ver\u00e1s un pueblo muy sorprendente con muchas cosas por disfrutar.","twitter_image":"https:\/\/destinoysabor.com\/blog\/wp-content\/uploads\/2022\/08\/Visita-a-El-Provencio-Destino-y-Sabor.jpg","twitter_creator":"@Destino_Sabor","twitter_site":"@Destino_Sabor","twitter_misc":{"Escrito por":"David V\u00e1zquez","Tiempo de lectura":"20 minutos"},"schema":{"@context":"https:\/\/schema.org","@graph":[{"@type":"WebPage","@id":"https:\/\/destinoysabor.com\/blog\/el-provencio\/","url":"https:\/\/destinoysabor.com\/blog\/el-provencio\/","name":"Gu\u00eda para visitar el Provencio \u2013 Destino y Sabor","isPartOf":{"@id":"https:\/\/destinoysabor.com\/blog\/#website"},"primaryImageOfPage":{"@id":"https:\/\/destinoysabor.com\/blog\/el-provencio\/#primaryimage"},"image":{"@id":"https:\/\/destinoysabor.com\/blog\/el-provencio\/#primaryimage"},"thumbnailUrl":"https:\/\/destinoysabor.com\/blog\/wp-content\/uploads\/2022\/08\/Visita-a-El-Provencio-Destino-y-Sabor.jpg","datePublished":"2022-08-05T06:48:01+00:00","dateModified":"2022-08-05T06:55:48+00:00","author":{"@id":"https:\/\/destinoysabor.com\/blog\/#\/schema\/person\/87dc8dd6f102c79f8099580c399f2920"},"description":"Descubre El Provencio, un pueblo de Cuenca, en Castilla la Mancha. Ver\u00e1s un pueblo muy sorprendente con muchas cosas por disfrutar.","breadcrumb":{"@id":"https:\/\/destinoysabor.com\/blog\/el-provencio\/#breadcrumb"},"inLanguage":"es","potentialAction":[{"@type":"ReadAction","target":["https:\/\/destinoysabor.com\/blog\/el-provencio\/"]}]},{"@type":"ImageObject","inLanguage":"es","@id":"https:\/\/destinoysabor.com\/blog\/el-provencio\/#primaryimage","url":"https:\/\/destinoysabor.com\/blog\/wp-content\/uploads\/2022\/08\/Visita-a-El-Provencio-Destino-y-Sabor.jpg","contentUrl":"https:\/\/destinoysabor.com\/blog\/wp-content\/uploads\/2022\/08\/Visita-a-El-Provencio-Destino-y-Sabor.jpg","width":1210,"height":557,"caption":"El Provencio"},{"@type":"BreadcrumbList","@id":"https:\/\/destinoysabor.com\/blog\/el-provencio\/#breadcrumb","itemListElement":[{"@type":"ListItem","position":1,"name":"Portada","item":"https:\/\/destinoysabor.com\/blog\/"},{"@type":"ListItem","position":2,"name":"Gu\u00eda para visitar el Provencio, en Cuenca"}]},{"@type":"WebSite","@id":"https:\/\/destinoysabor.com\/blog\/#website","url":"https:\/\/destinoysabor.com\/blog\/","name":"Destino y Sabor","description":"los mejores planes para foodies y winelovers","potentialAction":[{"@type":"SearchAction","target":{"@type":"EntryPoint","urlTemplate":"https:\/\/destinoysabor.com\/blog\/?s={search_term_string}"},"query-input":{"@type":"PropertyValueSpecification","valueRequired":true,"valueName":"search_term_string"}}],"inLanguage":"es"},{"@type":"Person","@id":"https:\/\/destinoysabor.com\/blog\/#\/schema\/person\/87dc8dd6f102c79f8099580c399f2920","name":"David V\u00e1zquez","image":{"@type":"ImageObject","inLanguage":"es","@id":"https:\/\/destinoysabor.com\/blog\/#\/schema\/person\/image\/","url":"https:\/\/secure.gravatar.com\/avatar\/cd12db6c575a90c3b75cfa0f794b74d425201c768612fad17e9f13cd33d48be8?s=96&r=g","contentUrl":"https:\/\/secure.gravatar.com\/avatar\/cd12db6c575a90c3b75cfa0f794b74d425201c768612fad17e9f13cd33d48be8?s=96&r=g","caption":"David V\u00e1zquez"},"sameAs":["https:\/\/lamesadelconde.es"],"url":"https:\/\/destinoysabor.com\/blog\/author\/david-vazquez\/"}]}},"jetpack_featured_media_url":"https:\/\/destinoysabor.com\/blog\/wp-content\/uploads\/2022\/08\/Visita-a-El-Provencio-Destino-y-Sabor.jpg","_links":{"self":[{"href":"https:\/\/destinoysabor.com\/blog\/wp-json\/wp\/v2\/posts\/6391","targetHints":{"allow":["GET"]}}],"collection":[{"href":"https:\/\/destinoysabor.com\/blog\/wp-json\/wp\/v2\/posts"}],"about":[{"href":"https:\/\/destinoysabor.com\/blog\/wp-json\/wp\/v2\/types\/post"}],"author":[{"embeddable":true,"href":"https:\/\/destinoysabor.com\/blog\/wp-json\/wp\/v2\/users\/2"}],"replies":[{"embeddable":true,"href":"https:\/\/destinoysabor.com\/blog\/wp-json\/wp\/v2\/comments?post=6391"}],"version-history":[{"count":30,"href":"https:\/\/destinoysabor.com\/blog\/wp-json\/wp\/v2\/posts\/6391\/revisions"}],"predecessor-version":[{"id":6485,"href":"https:\/\/destinoysabor.com\/blog\/wp-json\/wp\/v2\/posts\/6391\/revisions\/6485"}],"wp:featuredmedia":[{"embeddable":true,"href":"https:\/\/destinoysabor.com\/blog\/wp-json\/wp\/v2\/media\/6480"}],"wp:attachment":[{"href":"https:\/\/destinoysabor.com\/blog\/wp-json\/wp\/v2\/media?parent=6391"}],"wp:term":[{"taxonomy":"category","embeddable":true,"href":"https:\/\/destinoysabor.com\/blog\/wp-json\/wp\/v2\/categories?post=6391"},{"taxonomy":"post_tag","embeddable":true,"href":"https:\/\/destinoysabor.com\/blog\/wp-json\/wp\/v2\/tags?post=6391"}],"curies":[{"name":"wp","href":"https:\/\/api.w.org\/{rel}","templated":true}]}}