{"id":838,"date":"2016-06-17T13:18:14","date_gmt":"2016-06-17T13:18:14","guid":{"rendered":"http:\/\/destinoysabor.com\/?p=838"},"modified":"2016-06-20T10:28:42","modified_gmt":"2016-06-20T10:28:42","slug":"las-rutas-de-senderismo-de-lo-mas-impresionantes-de-espana","status":"publish","type":"post","link":"https:\/\/destinoysabor.com\/blog\/las-rutas-de-senderismo-de-lo-mas-impresionantes-de-espana\/","title":{"rendered":"Las Rutas de senderismo de lo m\u00e1s impresionantes de Espa\u00f1a"},"content":{"rendered":"<p>Una de las im\u00e1genes m\u00e1s impactantes del mundo es la conocida como la Carretera de la Muerte o <a href=\"https:\/\/es.wikipedia.org\/wiki\/Camino_a_Los_Yungas\" target=\"_blank\">Camino a Los Yungas<\/a>, en Bolivia. Vale, aunque sin llegar a esos extremos y para senderismo, <strong>en Espa\u00f1a tenemos algunas rutas de senderismo de lo m\u00e1s impactantes, algunas, incluso solo aptas para especialistas<\/strong>.<br \/>\n&nbsp;<\/p>\n<h2>Las rutas de senderismo de lo m\u00e1s impresionantes de Espa\u00f1a<\/h2>\n<h3>La ruta del Cares, entre Le\u00f3n y Asturias<\/h3>\n<p>Esta ruta, <strong>una de las m\u00e1s conocidas de Espa\u00f1a, permite ir desde Posada de Valde\u00f3n, en Le\u00f3n, pasando por Cain, para llegar a Pocenbos<\/strong>, en un paso <strong>a trav\u00e9s del Parque Nacional de Los Picos de Europa<\/strong>. Aunque esta ruta no posee especial dificultad, no deja de ser una ruta que atraviesa una garganta entre dos formaciones monta\u00f1osas. Esto provoca <strong>un microclima que permite un ecosistema distinto al esperado<\/strong> y genera unas de las mejores vistas.<\/p>\n<p><strong>La ruta<\/strong>, en algunos tramos excavados literalmente en la monta\u00f1a, <strong>discurre paralela al canal que se realiz\u00f3 para llevar agua del r\u00edo Cares<\/strong> a una presa. <strong>La fuerza del r\u00edo esculpi\u00f3 una garganta preciosa<\/strong>.<\/p>\n<p><a href=\"http:\/\/destinocastillayleon.es\/index\/senderismo-en-la-ruta-del-cares\/\" target=\"_blank\"><div id=\"attachment_854\" style=\"width: 650px\" class=\"wp-caption aligncenter\"><img decoding=\"async\" aria-describedby=\"caption-attachment-854\" src=\"http:\/\/destinoysabor.com\/wp-content\/uploads\/2016\/06\/Ruta-del-Cares-Destino-y-Sabor.jpg\" alt=\"rutas de senderismo\" title=\"Ruta del Cares - Destino y Sabor\" width=\"640\" height=\"400\" class=\"size-full wp-image-854\" srcset=\"https:\/\/destinoysabor.com\/blog\/wp-content\/uploads\/2016\/06\/Ruta-del-Cares-Destino-y-Sabor.jpg 640w, https:\/\/destinoysabor.com\/blog\/wp-content\/uploads\/2016\/06\/Ruta-del-Cares-Destino-y-Sabor-300x188.jpg 300w, https:\/\/destinoysabor.com\/blog\/wp-content\/uploads\/2016\/06\/Ruta-del-Cares-Destino-y-Sabor-330x206.jpg 330w\" sizes=\"(max-width: 640px) 100vw, 640px\" \/><p id=\"caption-attachment-854\" class=\"wp-caption-text\">Ruta del Cares &#8211; Destino y Sabor<\/p><\/div><\/a><br \/>\n&nbsp;<\/p>\n<h3>El Caminito del Rey, en M\u00e1laga<\/h3>\n<p>Es posible que sea <strong>uno de los senderos m\u00e1s impresionantes de Espa\u00f1a<\/strong>, y sobre todo uno de los m\u00e1s conocidos, porque durante mucho tiempo estuvo prohibido adentrarse en \u00e9l por su estado ruinoso en muchas partes. Este factor, y las impresionantes vistas probablemente ayudaron a crecer su fama.<\/p>\n<p><strong>Recientemente la Junta de Andaluc\u00eda intervino esta ruta que atraviesa desfiladero de los Gaitanes<\/strong>. La ruta fue utilizada por Alfonso XIII para llegar a la presa Conde del Guadalhorce, para su inauguraci\u00f3n; de ah\u00ed el nombre. Actualmente puede ser recorrido en peque\u00f1os grupos con reserva previa <a href=\"https:\/\/reservas.caminitodelrey.info\/janto\/main.php?PAR=S&#038;\" target=\"_blank\">en su web<\/a>.<\/p>\n<p><a href=\"http:\/\/www.caminitodelrey.info\/es\/\" target=\"_blank\"><div id=\"attachment_849\" style=\"width: 650px\" class=\"wp-caption aligncenter\"><img decoding=\"async\" aria-describedby=\"caption-attachment-849\" src=\"http:\/\/destinoysabor.com\/wp-content\/uploads\/2016\/06\/Caminito-del-Rey-Destino-y-Sabor.jpg\" alt=\"rutas de senderismo\" title=\"Caminito del Rey - Destino y Sabor\" width=\"640\" height=\"400\" class=\"size-full wp-image-849\" srcset=\"https:\/\/destinoysabor.com\/blog\/wp-content\/uploads\/2016\/06\/Caminito-del-Rey-Destino-y-Sabor.jpg 640w, https:\/\/destinoysabor.com\/blog\/wp-content\/uploads\/2016\/06\/Caminito-del-Rey-Destino-y-Sabor-300x188.jpg 300w, https:\/\/destinoysabor.com\/blog\/wp-content\/uploads\/2016\/06\/Caminito-del-Rey-Destino-y-Sabor-330x206.jpg 330w\" sizes=\"(max-width: 640px) 100vw, 640px\" \/><p id=\"caption-attachment-849\" class=\"wp-caption-text\">Caminito del Rey &#8211; Destino y Sabor<\/p><\/div><\/a><br \/>\n&nbsp;<\/p>\n<h3>Pasarela de Montfalc\u00f3<\/h3>\n<p>En la comarca de Ribagorza, Arag\u00f3n existe este <strong>Camino Natural de Montfalc\u00f3 al Congost de Mont-rebei que transcurre bordeando el embalse de Canelles y que divide Arag\u00f3n y Catalu\u00f1a<\/strong>, con tramos donde la pasarela de tr\u00e1nsito est\u00e1 colgada, lo que unido a unos magn\u00edficos paisajes hace que este sendero cada vez sea m\u00e1s popular.<\/p>\n<p>La ruta no es circular, por lo que tienes que poder regresar al punto de inicio. <strong>La ruta es de aproximadamente 8 Km<\/strong>.<\/p>\n<p><a href=\"http:\/\/www.elcorraldevillacampa.com\/blog\/61-ruta-de-las-pasarelas-de-montfalco-al-congosto-de-montrebei\" target=\"_blank\"><div id=\"attachment_852\" style=\"width: 650px\" class=\"wp-caption aligncenter\"><img decoding=\"async\" aria-describedby=\"caption-attachment-852\" src=\"http:\/\/destinoysabor.com\/wp-content\/uploads\/2016\/06\/e0da4d4d9f72d4c409d5ffee1e6a6f35.jpg\" alt=\"Pasarela de Montfalc\u00f3 - Destino y Sabor\" width=\"640\" height=\"297\" class=\"size-full wp-image-852\" srcset=\"https:\/\/destinoysabor.com\/blog\/wp-content\/uploads\/2016\/06\/e0da4d4d9f72d4c409d5ffee1e6a6f35.jpg 640w, https:\/\/destinoysabor.com\/blog\/wp-content\/uploads\/2016\/06\/e0da4d4d9f72d4c409d5ffee1e6a6f35-300x139.jpg 300w, https:\/\/destinoysabor.com\/blog\/wp-content\/uploads\/2016\/06\/e0da4d4d9f72d4c409d5ffee1e6a6f35-330x153.jpg 330w\" sizes=\"(max-width: 640px) 100vw, 640px\" \/><p id=\"caption-attachment-852\" class=\"wp-caption-text\">Pasarela de Montfalc\u00f3 &#8211; Destino y Sabor<\/p><\/div><\/a><br \/>\n&nbsp;<\/p>\n<h3>Ruta ferroviaria de Vega Terr\u00f3n<\/h3>\n<p>Siguiendo <strong>una antigua v\u00eda f\u00e9rrea dada de baja<\/strong>, este camino <strong>atraviesa algunos de los parajes m\u00e1s hermosos de las Arribes del Duero, en Salamanca<\/strong>. La ruta originalmente un\u00eda el sur localidad salmantina de la <strong>Fuente de San Esteban con la portuguesa Barca D`Alva<\/strong>.<\/p>\n<p>De aquella obra decimon\u00f3nica nos queda esta ruta, hoy transitable por caminantes, que <strong>salta el r\u00edo \u00c1geda, antes de unirse al Duero Internacional<\/strong> mediante antiguos puentes de hierro y piedra, as\u00ed como t\u00faneles, que nos recuerdan otras \u00e9pocas.<\/p>\n<p><a href=\"http:\/\/www.senderismo.net\/destino\/salamanca\/imagenes\" target=\"_blank\"><div id=\"attachment_845\" style=\"width: 436px\" class=\"wp-caption aligncenter\"><img decoding=\"async\" aria-describedby=\"caption-attachment-845\" src=\"http:\/\/destinoysabor.com\/wp-content\/uploads\/2016\/06\/e0554ecdbc90187a3bea5c46d6030f26.jpg\" alt=\"rutas de senderismo\" title=\"Ruta ferroviaria de Vega Terr\u00f3n - Imagen de Senderismo.net\" width=\"426\" height=\"552\" class=\"size-full wp-image-845\" srcset=\"https:\/\/destinoysabor.com\/blog\/wp-content\/uploads\/2016\/06\/e0554ecdbc90187a3bea5c46d6030f26.jpg 426w, https:\/\/destinoysabor.com\/blog\/wp-content\/uploads\/2016\/06\/e0554ecdbc90187a3bea5c46d6030f26-232x300.jpg 232w, https:\/\/destinoysabor.com\/blog\/wp-content\/uploads\/2016\/06\/e0554ecdbc90187a3bea5c46d6030f26-330x428.jpg 330w\" sizes=\"(max-width: 426px) 100vw, 426px\" \/><p id=\"caption-attachment-845\" class=\"wp-caption-text\">Ruta ferroviaria de Vega Terr\u00f3n &#8211; Imagen de Senderismo.net<\/p><\/div><\/a><br \/>\n&nbsp;<\/p>\n<h3>Ruta de las Xanas<\/h3>\n<p>Tambi\u00e9n <strong>en el entorno de la Cordillera Cant\u00e1brica, en su zona asturiana<\/strong>, puedes disfrutar de un sendero que mezcla un poco de monta\u00f1a atravesando un ca\u00f1\u00f3n as\u00ed como una zona m\u00e1s llana, donde se abren valles y prados de monta\u00f1as.<\/p>\n<p>Posiblemente <strong>uno de sus mayores atractivos sea el peligro de algunas zonas<\/strong>, donde es necesario asegurarse a una cuerda. Esta combinaci\u00f3n hace que sea muy atractiva para los amantes del riesgo. Adem\u00e1s, permite atravesar ecosistemas de monta\u00f1a especialmente bellos, y llenos de vida. Por esa raz\u00f3n, <strong>desde hace m\u00e1s de 15 a\u00f1os, est\u00e1 declarado Monumento Natural<\/strong>.<\/p>\n<p><a href=\"http:\/\/emilio-efrutashotmailes.blogspot.com.es\/2015_07_01_archive.html\" target=\"_blank\"><div id=\"attachment_853\" style=\"width: 650px\" class=\"wp-caption aligncenter\"><img decoding=\"async\" aria-describedby=\"caption-attachment-853\" src=\"http:\/\/destinoysabor.com\/wp-content\/uploads\/2016\/06\/Ruta-de-las-Xanas-Imagen-de-Emilio-el-Rutas-.jpg\" alt=\"rutas de senderismo\" title=\"Ruta de las Xanas - Imagen de Emilio el Rutas\" width=\"640\" height=\"360\" class=\"size-full wp-image-853\" srcset=\"https:\/\/destinoysabor.com\/blog\/wp-content\/uploads\/2016\/06\/Ruta-de-las-Xanas-Imagen-de-Emilio-el-Rutas-.jpg 640w, https:\/\/destinoysabor.com\/blog\/wp-content\/uploads\/2016\/06\/Ruta-de-las-Xanas-Imagen-de-Emilio-el-Rutas--300x169.jpg 300w, https:\/\/destinoysabor.com\/blog\/wp-content\/uploads\/2016\/06\/Ruta-de-las-Xanas-Imagen-de-Emilio-el-Rutas--330x186.jpg 330w\" sizes=\"(max-width: 640px) 100vw, 640px\" \/><p id=\"caption-attachment-853\" class=\"wp-caption-text\">Ruta de las Xanas &#8211; Imagen de Emilio el Rutas<\/p><\/div><\/a><br \/>\n&nbsp;<\/p>\n<h3>Pasarela sobre el r\u00edo Mao<\/h3>\n<p>Localizada en Orense, <strong>muy cerca de Paradas del Sil, esta ruta discurre siguiendo el curso del r\u00edo Mao<\/strong>. Aunque llegar al punto de inicio es ligeramente complicado, <strong>la ruta b\u00e1sica es corta y f\u00e1cil, aunque puedes ampliarla<\/strong>. De esta forma puedes disfrutar de unos maravillosos paisajes en la Riviera Sacra.<\/p>\n<p>La ruta <strong>recorre paisajes naturales de gran belleza<\/strong>, pasando sobre unas pasarela sobre la roca y la vegetaci\u00f3n que permiten un tr\u00e1nsito f\u00e1cil, aunque en algunos puntos se necesario subir o bajar escalones. <\/p>\n<p><a href=\"http:\/\/www.patrimoniooculto.com\/rutas-escapadas\/la-ribera-sagrada\/\" target=\"_blank\"><div id=\"attachment_846\" style=\"width: 650px\" class=\"wp-caption aligncenter\"><img decoding=\"async\" aria-describedby=\"caption-attachment-846\" src=\"http:\/\/destinoysabor.com\/wp-content\/uploads\/2016\/06\/f14b8c25fac617fea66a455bfa844a43.jpg\" alt=\"rutas de senderismo\" title=\"Ruta por las pasarelas del r\u00edo Mao - Imagen de Patrimonio Oculto\" width=\"640\" height=\"400\" class=\"size-full wp-image-846\" srcset=\"https:\/\/destinoysabor.com\/blog\/wp-content\/uploads\/2016\/06\/f14b8c25fac617fea66a455bfa844a43.jpg 640w, https:\/\/destinoysabor.com\/blog\/wp-content\/uploads\/2016\/06\/f14b8c25fac617fea66a455bfa844a43-300x188.jpg 300w, https:\/\/destinoysabor.com\/blog\/wp-content\/uploads\/2016\/06\/f14b8c25fac617fea66a455bfa844a43-330x206.jpg 330w\" sizes=\"(max-width: 640px) 100vw, 640px\" \/><p id=\"caption-attachment-846\" class=\"wp-caption-text\">Ruta por las pasarelas del r\u00edo Mao &#8211; Imagen de Patrimonio Oculto<\/p><\/div><\/a><br \/>\n&nbsp;<\/p>\n<h3>Faja de las Flores<\/h3>\n<p>Entre los pirineos de Huesca se encuentra <strong>esta ruta de cierta dificultad<\/strong>, y sobre todo de mucho riego, con<strong> tramos en la roca de las monta\u00f1as sin elementos de seguridad y tramos donde es necesario realizar algo de escalada sobre paredes casi verticales<\/strong>, por lo que se precisa de la experiencia y de equipos de escalada.<\/p>\n<p>No obstante, para aquellos que est\u00e9n preparados para realizar <strong>esta ruta que puede ser circular<\/strong>, es una ruta muy interesante y atractiva recorriendo tramos de senderismo entre riscos, acantilados donde es necesario escalar y usar arn\u00e9s de seguridad.<\/p>\n<p><a href=\"http:\/\/deandar.com\/senderos\/sendero-faja-flores\" target=\"_blank\"><div id=\"attachment_851\" style=\"width: 610px\" class=\"wp-caption aligncenter\"><img decoding=\"async\" aria-describedby=\"caption-attachment-851\" src=\"http:\/\/destinoysabor.com\/wp-content\/uploads\/2016\/06\/Faja-de-las-Flores-Imagen-de-De-Andar.jpg\" alt=\"rutas de senderismo\" title=\"Faja de las Flores - Imagen de De Andar\" width=\"600\" height=\"400\" class=\"size-full wp-image-851\" srcset=\"https:\/\/destinoysabor.com\/blog\/wp-content\/uploads\/2016\/06\/Faja-de-las-Flores-Imagen-de-De-Andar.jpg 600w, https:\/\/destinoysabor.com\/blog\/wp-content\/uploads\/2016\/06\/Faja-de-las-Flores-Imagen-de-De-Andar-300x200.jpg 300w, https:\/\/destinoysabor.com\/blog\/wp-content\/uploads\/2016\/06\/Faja-de-las-Flores-Imagen-de-De-Andar-330x220.jpg 330w, https:\/\/destinoysabor.com\/blog\/wp-content\/uploads\/2016\/06\/Faja-de-las-Flores-Imagen-de-De-Andar-296x197.jpg 296w\" sizes=\"(max-width: 600px) 100vw, 600px\" \/><p id=\"caption-attachment-851\" class=\"wp-caption-text\">Faja de las Flores &#8211; Imagen de De Andar<\/p><\/div><\/a><br \/>\n&nbsp;<\/p>\n<h3>Canal del Urd\u00f3n<\/h3>\n<p>Nuevamente en la cordillera cant\u00e1brica, pero en Cantabria, encontramos <strong>una ruta parecida a la Ruta del Cares, en cuanto a que sigue un sendereo usado para realizar una canalizaci\u00f3n de agua<\/strong>. Se parte <strong>desde Tresviso<\/strong>, y para llegar a este pueblecito no hay gran dificultad.<\/p>\n<p>Menos conocida, esta ruta <strong>no la aconsejamos para todos los p\u00fablicos, pues est\u00e1 m\u00e1s salvaje<\/strong>. Esto hace que tenga su atractivo entre los amantes de la naturaleza, ya que las aguas del r\u00edo Urd\u00f3n bajan cristalinas y llenas de la fuerza que ha esculpido estos parajes. Todo es espect\u00e1culo.<\/p>\n<p><a href=\"http:\/\/porcantabria.blogspot.com.es\/2012\/09\/subida-tresviso-canal-de-reninuevo-urdon.html\" target=\"_blank\"><div id=\"attachment_847\" style=\"width: 650px\" class=\"wp-caption aligncenter\"><img decoding=\"async\" aria-describedby=\"caption-attachment-847\" src=\"http:\/\/destinoysabor.com\/wp-content\/uploads\/2016\/06\/fd96e4b4ad3db1b49b2d48ac19772f32.jpg\" alt=\"rutas de senderismo\" title=\"Rutal del Canal de Urd\u00f3n - Imagen de Por Cantabria\" width=\"640\" height=\"400\" class=\"size-full wp-image-847\" srcset=\"https:\/\/destinoysabor.com\/blog\/wp-content\/uploads\/2016\/06\/fd96e4b4ad3db1b49b2d48ac19772f32.jpg 640w, https:\/\/destinoysabor.com\/blog\/wp-content\/uploads\/2016\/06\/fd96e4b4ad3db1b49b2d48ac19772f32-300x188.jpg 300w, https:\/\/destinoysabor.com\/blog\/wp-content\/uploads\/2016\/06\/fd96e4b4ad3db1b49b2d48ac19772f32-330x206.jpg 330w\" sizes=\"(max-width: 640px) 100vw, 640px\" \/><p id=\"caption-attachment-847\" class=\"wp-caption-text\">Rutal del Canal de Urd\u00f3n &#8211; Imagen de Por Cantabria<\/p><\/div><\/a><br \/>\n&nbsp;<\/p>\n<h3>Cahorros de Monachil<\/h3>\n<p><strong>En la provincia de Granada<\/strong> se encuentra esta ruta que atraviesa un desfiladero angosto y serpenteante a los pies de Navacerrada,<strong> a tan solo escasos 8 kil\u00f3metros de Granada<\/strong>.<\/p>\n<p>La ruta <strong>carece de grandes desniveles<\/strong>, por lo que no posee una dificultad alta, aunque existen algunos tramos ligeramente complicados, aunque muy hermosos. El camino recorre gracias a pasarelas, t\u00faneles y puentes colgantes el camino abierto por el r\u00edo Monachil. <strong>La recompensa a un par de horas de caminata son bellos paisajes de praderas entre monta\u00f1as, el discurrir del r\u00edo, ca\u00f1ones y monta\u00f1as<\/strong>.<\/p>\n<p><a href=\"http:\/\/www.turgranada.es\/ruta\/los-cahorros-el-valle-de-los-escaladores\/\" target=\"_blank\"><div id=\"attachment_848\" style=\"width: 650px\" class=\"wp-caption aligncenter\"><img decoding=\"async\" aria-describedby=\"caption-attachment-848\" src=\"http:\/\/destinoysabor.com\/wp-content\/uploads\/2016\/06\/Cahorros-de-Monachil-Imagen-de-Tu-Granada.jpg\" alt=\"rutas de senderismo\" title=\"Cahorros de Monachil - Imagen de Tu Granada\" width=\"640\" height=\"400\" class=\"size-full wp-image-848\" srcset=\"https:\/\/destinoysabor.com\/blog\/wp-content\/uploads\/2016\/06\/Cahorros-de-Monachil-Imagen-de-Tu-Granada.jpg 640w, https:\/\/destinoysabor.com\/blog\/wp-content\/uploads\/2016\/06\/Cahorros-de-Monachil-Imagen-de-Tu-Granada-300x188.jpg 300w, https:\/\/destinoysabor.com\/blog\/wp-content\/uploads\/2016\/06\/Cahorros-de-Monachil-Imagen-de-Tu-Granada-330x206.jpg 330w\" sizes=\"(max-width: 640px) 100vw, 640px\" \/><p id=\"caption-attachment-848\" class=\"wp-caption-text\">Cahorros de Monachil &#8211; Imagen de Tu Granada<\/p><\/div><\/a><br \/>\n&nbsp;<\/p>\n<h3>El Camino de Santiago<\/h3>\n<p><strong>Aunque no es una ruta de senderismo propiamente dicha, es una de las rutas m\u00e1s impresionantes para realizar caminando<\/strong>. Como ya una vez escuchamos, hay tantos caminos como personas, puesto que el Camino empieza en cuanto una persona decide salir de su casa para llegar a Santiago.<\/p>\n<p><strong>Aunque la ruta m\u00e1s conocida es el Camino Franc\u00e9s, existen numeros\u00edsimas variantes<\/strong>, algunas reconocidas y oficiales, y otras en proceso de redescubrir. Pero este camino, realmente no termina en Santiago de Compostela, puesto que <strong>es una ruta antiqu\u00edsima cuyo verdadero fin es Finisterre<\/strong>, el fin de la tierra. Para los amigos del misterio, es <strong>un camino inici\u00e1tico, donde muere el hombre viejo, y renace el hombre nuevo<\/strong>.<\/p>\n<p><a href=\"http:\/\/destinocastillayleon.es\/index\/consejos-para-el-camino-de-santiago\/\" target=\"_blank\"><div id=\"attachment_850\" style=\"width: 650px\" class=\"wp-caption aligncenter\"><img decoding=\"async\" aria-describedby=\"caption-attachment-850\" src=\"http:\/\/destinoysabor.com\/wp-content\/uploads\/2016\/06\/Camino-de-Santiago-Destino-y-Sabor.jpg\" alt=\"rutas de senderismo\" title=\"Camino de Santiago - Destino y Sabor\" width=\"640\" height=\"400\" class=\"size-full wp-image-850\" srcset=\"https:\/\/destinoysabor.com\/blog\/wp-content\/uploads\/2016\/06\/Camino-de-Santiago-Destino-y-Sabor.jpg 640w, https:\/\/destinoysabor.com\/blog\/wp-content\/uploads\/2016\/06\/Camino-de-Santiago-Destino-y-Sabor-300x188.jpg 300w, https:\/\/destinoysabor.com\/blog\/wp-content\/uploads\/2016\/06\/Camino-de-Santiago-Destino-y-Sabor-330x206.jpg 330w\" sizes=\"(max-width: 640px) 100vw, 640px\" \/><p id=\"caption-attachment-850\" class=\"wp-caption-text\">Camino de Santiago &#8211; Destino y Sabor<\/p><\/div><\/a><br \/>\n&nbsp;<\/p>\n<h2>Localiza d\u00f3nde se encuentran las rutas de Senderismo extremo de Espa\u00f1a<\/h2>\n<p><center><iframe src=\"https:\/\/www.google.com\/maps\/d\/u\/0\/embed?mid=12wZ-DHOnuuj1tt780uXvXNtIbog\" width=\"90%\" height=\"480\"><\/iframe><br \/>\n<a href=\"https:\/\/drive.google.com\/open?id=12wZ-DHOnuuj1tt780uXvXNtIbog&#038;usp=sharing\" title=\"Link a Google maps que te indica d\u00f3nde se encuentran las rutas de Senderismo extremo de Espa\u00f1a\" target=\"_blank\">Abrir Google maps indicando d\u00f3nde se encuentran las rutas de Senderismo extremo de Espa\u00f1a<\/a><br \/>\n<\/center><\/p>\n<p>Como ves, en Espa\u00f1a tenemos rutas de senderismo impresionantes y para el gran p\u00fablico desconocidas. Y aunque no seas de los que no disfrutan con la adrenaliza del peligro, <strong>seguro que en tu entorno hay muchas rutas s\u00faper bonitas que se pueden hacer. Comparte con nosotros cu\u00e1l es la ruta que m\u00e1s te gusta en un comentario<\/strong>.<br \/>\n&nbsp;<br \/>\nNota: Portada cortes\u00eda de <a href=\"https:\/\/mayayo.wordpress.com\/2012\/06\/01\/senderismo-y-montana-estudio-federacion-montana-senderos-senalizados-y-desarrollado-medio-rural\/\" target=\"_blank\">Mayayo<\/a>.<\/p>\n","protected":false},"excerpt":{"rendered":"<p>En Espa\u00f1a tenemos unas rutas de senderismo de lo m\u00e1s impresionantes, y no todas bien conocidas. Queremos compartir algunas que conocemos y hemos hecho, otras poseen demasiado nivel para nosotros, pero seguro que si eres un amante de naturaleza quieres hacer.<\/p>\n","protected":false},"author":2,"featured_media":863,"comment_status":"open","ping_status":"closed","sticky":false,"template":"","format":"standard","meta":{"rop_custom_images_group":[],"rop_custom_messages_group":[],"rop_publish_now":"initial","rop_publish_now_accounts":{"twitter_3437733573_3437733573":""},"rop_publish_now_history":[],"rop_publish_now_status":"pending","footnotes":""},"categories":[17,21,13,19,111,137,10],"tags":[135,136,133,134,131,132],"class_list":["post-838","post","type-post","status-publish","format-standard","has-post-thumbnail","hentry","category-andalucia","category-aragon","category-cantabria","category-espana","category-planes-turisticos","category-senderismo","category-turismo_activo","tag-caminito-del-rey","tag-camino-de-santiago","tag-naturaleza-en-espana","tag-ruta-del-cares","tag-rutas-de-senderismo-de-lo-mas-impresionantes","tag-rutas-de-senderismo-de-lo-mas-impresionantes-de-espana"],"yoast_head":"<!-- This site is optimized with the Yoast SEO plugin v26.5 - https:\/\/yoast.com\/wordpress\/plugins\/seo\/ -->\n<title>Rutas de senderismo de lo m\u00e1s impresionantes de Espa\u00f1a<\/title>\n<meta name=\"description\" content=\"En Espa\u00f1a tenemos unas rutas de senderismo de lo m\u00e1s impresionantes, y no todas bien conocidas. Queremos compartir algunas que conocemos y hemos hecho\" \/>\n<meta name=\"robots\" content=\"index, follow, max-snippet:-1, max-image-preview:large, max-video-preview:-1\" \/>\n<link rel=\"canonical\" href=\"https:\/\/destinoysabor.com\/blog\/las-rutas-de-senderismo-de-lo-mas-impresionantes-de-espana\/\" \/>\n<meta property=\"og:locale\" content=\"es_ES\" \/>\n<meta property=\"og:type\" content=\"article\" \/>\n<meta property=\"og:title\" content=\"Rutas de senderismo de lo m\u00e1s impresionantes de Espa\u00f1a\" \/>\n<meta property=\"og:description\" content=\"En Espa\u00f1a tenemos unas rutas de senderismo de lo m\u00e1s impresionantes, y no todas bien conocidas. Queremos compartir algunas que conocemos y hemos hecho\" \/>\n<meta property=\"og:url\" content=\"https:\/\/destinoysabor.com\/blog\/las-rutas-de-senderismo-de-lo-mas-impresionantes-de-espana\/\" \/>\n<meta property=\"og:site_name\" content=\"Destino y Sabor\" \/>\n<meta property=\"article:publisher\" content=\"https:\/\/www.facebook.com\/destinoysabor\/\" \/>\n<meta property=\"article:published_time\" content=\"2016-06-17T13:18:14+00:00\" \/>\n<meta property=\"article:modified_time\" content=\"2016-06-20T10:28:42+00:00\" \/>\n<meta property=\"og:image\" content=\"https:\/\/destinoysabor.com\/blog\/wp-content\/uploads\/2016\/06\/Portada-de-Senderismo-Destino-y-Sabor.jpg\" \/>\n\t<meta property=\"og:image:width\" content=\"1000\" \/>\n\t<meta property=\"og:image:height\" content=\"460\" \/>\n\t<meta property=\"og:image:type\" content=\"image\/jpeg\" \/>\n<meta name=\"author\" content=\"David V\u00e1zquez\" \/>\n<meta name=\"twitter:card\" content=\"summary_large_image\" \/>\n<meta name=\"twitter:title\" content=\"Rutas de senderismo de lo m\u00e1s impresionantes de Espa\u00f1a\" \/>\n<meta name=\"twitter:description\" content=\"En Espa\u00f1a tenemos unas rutas de senderismo de lo m\u00e1s impresionantes, y no todas bien conocidas. Queremos compartir algunas que conocemos y hemos hecho\" \/>\n<meta name=\"twitter:creator\" content=\"@Destino_Sabor\" \/>\n<meta name=\"twitter:site\" content=\"@Destino_Sabor\" \/>\n<meta name=\"twitter:label1\" content=\"Escrito por\" \/>\n\t<meta name=\"twitter:data1\" content=\"David V\u00e1zquez\" \/>\n\t<meta name=\"twitter:label2\" content=\"Tiempo de lectura\" \/>\n\t<meta name=\"twitter:data2\" content=\"7 minutos\" \/>\n<script type=\"application\/ld+json\" class=\"yoast-schema-graph\">{\"@context\":\"https:\/\/schema.org\",\"@graph\":[{\"@type\":\"WebPage\",\"@id\":\"https:\/\/destinoysabor.com\/blog\/las-rutas-de-senderismo-de-lo-mas-impresionantes-de-espana\/\",\"url\":\"https:\/\/destinoysabor.com\/blog\/las-rutas-de-senderismo-de-lo-mas-impresionantes-de-espana\/\",\"name\":\"Rutas de senderismo de lo m\u00e1s impresionantes de Espa\u00f1a\",\"isPartOf\":{\"@id\":\"https:\/\/destinoysabor.com\/blog\/#website\"},\"primaryImageOfPage\":{\"@id\":\"https:\/\/destinoysabor.com\/blog\/las-rutas-de-senderismo-de-lo-mas-impresionantes-de-espana\/#primaryimage\"},\"image\":{\"@id\":\"https:\/\/destinoysabor.com\/blog\/las-rutas-de-senderismo-de-lo-mas-impresionantes-de-espana\/#primaryimage\"},\"thumbnailUrl\":\"https:\/\/destinoysabor.com\/blog\/wp-content\/uploads\/2016\/06\/Portada-de-Senderismo-Destino-y-Sabor.jpg\",\"datePublished\":\"2016-06-17T13:18:14+00:00\",\"dateModified\":\"2016-06-20T10:28:42+00:00\",\"author\":{\"@id\":\"https:\/\/destinoysabor.com\/blog\/#\/schema\/person\/87dc8dd6f102c79f8099580c399f2920\"},\"description\":\"En Espa\u00f1a tenemos unas rutas de senderismo de lo m\u00e1s impresionantes, y no todas bien conocidas. Queremos compartir algunas que conocemos y hemos hecho\",\"breadcrumb\":{\"@id\":\"https:\/\/destinoysabor.com\/blog\/las-rutas-de-senderismo-de-lo-mas-impresionantes-de-espana\/#breadcrumb\"},\"inLanguage\":\"es\",\"potentialAction\":[{\"@type\":\"ReadAction\",\"target\":[\"https:\/\/destinoysabor.com\/blog\/las-rutas-de-senderismo-de-lo-mas-impresionantes-de-espana\/\"]}]},{\"@type\":\"ImageObject\",\"inLanguage\":\"es\",\"@id\":\"https:\/\/destinoysabor.com\/blog\/las-rutas-de-senderismo-de-lo-mas-impresionantes-de-espana\/#primaryimage\",\"url\":\"https:\/\/destinoysabor.com\/blog\/wp-content\/uploads\/2016\/06\/Portada-de-Senderismo-Destino-y-Sabor.jpg\",\"contentUrl\":\"https:\/\/destinoysabor.com\/blog\/wp-content\/uploads\/2016\/06\/Portada-de-Senderismo-Destino-y-Sabor.jpg\",\"width\":1000,\"height\":460,\"caption\":\"Portada de Senderismo - Destino y Sabor\"},{\"@type\":\"BreadcrumbList\",\"@id\":\"https:\/\/destinoysabor.com\/blog\/las-rutas-de-senderismo-de-lo-mas-impresionantes-de-espana\/#breadcrumb\",\"itemListElement\":[{\"@type\":\"ListItem\",\"position\":1,\"name\":\"Portada\",\"item\":\"https:\/\/destinoysabor.com\/blog\/\"},{\"@type\":\"ListItem\",\"position\":2,\"name\":\"Las Rutas de senderismo de lo m\u00e1s impresionantes de Espa\u00f1a\"}]},{\"@type\":\"WebSite\",\"@id\":\"https:\/\/destinoysabor.com\/blog\/#website\",\"url\":\"https:\/\/destinoysabor.com\/blog\/\",\"name\":\"Destino y Sabor\",\"description\":\"los mejores planes para foodies y winelovers\",\"potentialAction\":[{\"@type\":\"SearchAction\",\"target\":{\"@type\":\"EntryPoint\",\"urlTemplate\":\"https:\/\/destinoysabor.com\/blog\/?s={search_term_string}\"},\"query-input\":{\"@type\":\"PropertyValueSpecification\",\"valueRequired\":true,\"valueName\":\"search_term_string\"}}],\"inLanguage\":\"es\"},{\"@type\":\"Person\",\"@id\":\"https:\/\/destinoysabor.com\/blog\/#\/schema\/person\/87dc8dd6f102c79f8099580c399f2920\",\"name\":\"David V\u00e1zquez\",\"image\":{\"@type\":\"ImageObject\",\"inLanguage\":\"es\",\"@id\":\"https:\/\/destinoysabor.com\/blog\/#\/schema\/person\/image\/\",\"url\":\"https:\/\/secure.gravatar.com\/avatar\/cd12db6c575a90c3b75cfa0f794b74d425201c768612fad17e9f13cd33d48be8?s=96&r=g\",\"contentUrl\":\"https:\/\/secure.gravatar.com\/avatar\/cd12db6c575a90c3b75cfa0f794b74d425201c768612fad17e9f13cd33d48be8?s=96&r=g\",\"caption\":\"David V\u00e1zquez\"},\"sameAs\":[\"https:\/\/lamesadelconde.es\"],\"url\":\"https:\/\/destinoysabor.com\/blog\/author\/david-vazquez\/\"}]}<\/script>\n<!-- \/ Yoast SEO plugin. -->","yoast_head_json":{"title":"Rutas de senderismo de lo m\u00e1s impresionantes de Espa\u00f1a","description":"En Espa\u00f1a tenemos unas rutas de senderismo de lo m\u00e1s impresionantes, y no todas bien conocidas. Queremos compartir algunas que conocemos y hemos hecho","robots":{"index":"index","follow":"follow","max-snippet":"max-snippet:-1","max-image-preview":"max-image-preview:large","max-video-preview":"max-video-preview:-1"},"canonical":"https:\/\/destinoysabor.com\/blog\/las-rutas-de-senderismo-de-lo-mas-impresionantes-de-espana\/","og_locale":"es_ES","og_type":"article","og_title":"Rutas de senderismo de lo m\u00e1s impresionantes de Espa\u00f1a","og_description":"En Espa\u00f1a tenemos unas rutas de senderismo de lo m\u00e1s impresionantes, y no todas bien conocidas. Queremos compartir algunas que conocemos y hemos hecho","og_url":"https:\/\/destinoysabor.com\/blog\/las-rutas-de-senderismo-de-lo-mas-impresionantes-de-espana\/","og_site_name":"Destino y Sabor","article_publisher":"https:\/\/www.facebook.com\/destinoysabor\/","article_published_time":"2016-06-17T13:18:14+00:00","article_modified_time":"2016-06-20T10:28:42+00:00","og_image":[{"width":1000,"height":460,"url":"https:\/\/destinoysabor.com\/blog\/wp-content\/uploads\/2016\/06\/Portada-de-Senderismo-Destino-y-Sabor.jpg","type":"image\/jpeg"}],"author":"David V\u00e1zquez","twitter_card":"summary_large_image","twitter_title":"Rutas de senderismo de lo m\u00e1s impresionantes de Espa\u00f1a","twitter_description":"En Espa\u00f1a tenemos unas rutas de senderismo de lo m\u00e1s impresionantes, y no todas bien conocidas. Queremos compartir algunas que conocemos y hemos hecho","twitter_creator":"@Destino_Sabor","twitter_site":"@Destino_Sabor","twitter_misc":{"Escrito por":"David V\u00e1zquez","Tiempo de lectura":"7 minutos"},"schema":{"@context":"https:\/\/schema.org","@graph":[{"@type":"WebPage","@id":"https:\/\/destinoysabor.com\/blog\/las-rutas-de-senderismo-de-lo-mas-impresionantes-de-espana\/","url":"https:\/\/destinoysabor.com\/blog\/las-rutas-de-senderismo-de-lo-mas-impresionantes-de-espana\/","name":"Rutas de senderismo de lo m\u00e1s impresionantes de Espa\u00f1a","isPartOf":{"@id":"https:\/\/destinoysabor.com\/blog\/#website"},"primaryImageOfPage":{"@id":"https:\/\/destinoysabor.com\/blog\/las-rutas-de-senderismo-de-lo-mas-impresionantes-de-espana\/#primaryimage"},"image":{"@id":"https:\/\/destinoysabor.com\/blog\/las-rutas-de-senderismo-de-lo-mas-impresionantes-de-espana\/#primaryimage"},"thumbnailUrl":"https:\/\/destinoysabor.com\/blog\/wp-content\/uploads\/2016\/06\/Portada-de-Senderismo-Destino-y-Sabor.jpg","datePublished":"2016-06-17T13:18:14+00:00","dateModified":"2016-06-20T10:28:42+00:00","author":{"@id":"https:\/\/destinoysabor.com\/blog\/#\/schema\/person\/87dc8dd6f102c79f8099580c399f2920"},"description":"En Espa\u00f1a tenemos unas rutas de senderismo de lo m\u00e1s impresionantes, y no todas bien conocidas. Queremos compartir algunas que conocemos y hemos hecho","breadcrumb":{"@id":"https:\/\/destinoysabor.com\/blog\/las-rutas-de-senderismo-de-lo-mas-impresionantes-de-espana\/#breadcrumb"},"inLanguage":"es","potentialAction":[{"@type":"ReadAction","target":["https:\/\/destinoysabor.com\/blog\/las-rutas-de-senderismo-de-lo-mas-impresionantes-de-espana\/"]}]},{"@type":"ImageObject","inLanguage":"es","@id":"https:\/\/destinoysabor.com\/blog\/las-rutas-de-senderismo-de-lo-mas-impresionantes-de-espana\/#primaryimage","url":"https:\/\/destinoysabor.com\/blog\/wp-content\/uploads\/2016\/06\/Portada-de-Senderismo-Destino-y-Sabor.jpg","contentUrl":"https:\/\/destinoysabor.com\/blog\/wp-content\/uploads\/2016\/06\/Portada-de-Senderismo-Destino-y-Sabor.jpg","width":1000,"height":460,"caption":"Portada de Senderismo - Destino y Sabor"},{"@type":"BreadcrumbList","@id":"https:\/\/destinoysabor.com\/blog\/las-rutas-de-senderismo-de-lo-mas-impresionantes-de-espana\/#breadcrumb","itemListElement":[{"@type":"ListItem","position":1,"name":"Portada","item":"https:\/\/destinoysabor.com\/blog\/"},{"@type":"ListItem","position":2,"name":"Las Rutas de senderismo de lo m\u00e1s impresionantes de Espa\u00f1a"}]},{"@type":"WebSite","@id":"https:\/\/destinoysabor.com\/blog\/#website","url":"https:\/\/destinoysabor.com\/blog\/","name":"Destino y Sabor","description":"los mejores planes para foodies y winelovers","potentialAction":[{"@type":"SearchAction","target":{"@type":"EntryPoint","urlTemplate":"https:\/\/destinoysabor.com\/blog\/?s={search_term_string}"},"query-input":{"@type":"PropertyValueSpecification","valueRequired":true,"valueName":"search_term_string"}}],"inLanguage":"es"},{"@type":"Person","@id":"https:\/\/destinoysabor.com\/blog\/#\/schema\/person\/87dc8dd6f102c79f8099580c399f2920","name":"David V\u00e1zquez","image":{"@type":"ImageObject","inLanguage":"es","@id":"https:\/\/destinoysabor.com\/blog\/#\/schema\/person\/image\/","url":"https:\/\/secure.gravatar.com\/avatar\/cd12db6c575a90c3b75cfa0f794b74d425201c768612fad17e9f13cd33d48be8?s=96&r=g","contentUrl":"https:\/\/secure.gravatar.com\/avatar\/cd12db6c575a90c3b75cfa0f794b74d425201c768612fad17e9f13cd33d48be8?s=96&r=g","caption":"David V\u00e1zquez"},"sameAs":["https:\/\/lamesadelconde.es"],"url":"https:\/\/destinoysabor.com\/blog\/author\/david-vazquez\/"}]}},"jetpack_featured_media_url":"https:\/\/destinoysabor.com\/blog\/wp-content\/uploads\/2016\/06\/Portada-de-Senderismo-Destino-y-Sabor.jpg","_links":{"self":[{"href":"https:\/\/destinoysabor.com\/blog\/wp-json\/wp\/v2\/posts\/838","targetHints":{"allow":["GET"]}}],"collection":[{"href":"https:\/\/destinoysabor.com\/blog\/wp-json\/wp\/v2\/posts"}],"about":[{"href":"https:\/\/destinoysabor.com\/blog\/wp-json\/wp\/v2\/types\/post"}],"author":[{"embeddable":true,"href":"https:\/\/destinoysabor.com\/blog\/wp-json\/wp\/v2\/users\/2"}],"replies":[{"embeddable":true,"href":"https:\/\/destinoysabor.com\/blog\/wp-json\/wp\/v2\/comments?post=838"}],"version-history":[{"count":20,"href":"https:\/\/destinoysabor.com\/blog\/wp-json\/wp\/v2\/posts\/838\/revisions"}],"predecessor-version":[{"id":870,"href":"https:\/\/destinoysabor.com\/blog\/wp-json\/wp\/v2\/posts\/838\/revisions\/870"}],"wp:featuredmedia":[{"embeddable":true,"href":"https:\/\/destinoysabor.com\/blog\/wp-json\/wp\/v2\/media\/863"}],"wp:attachment":[{"href":"https:\/\/destinoysabor.com\/blog\/wp-json\/wp\/v2\/media?parent=838"}],"wp:term":[{"taxonomy":"category","embeddable":true,"href":"https:\/\/destinoysabor.com\/blog\/wp-json\/wp\/v2\/categories?post=838"},{"taxonomy":"post_tag","embeddable":true,"href":"https:\/\/destinoysabor.com\/blog\/wp-json\/wp\/v2\/tags?post=838"}],"curies":[{"name":"wp","href":"https:\/\/api.w.org\/{rel}","templated":true}]}}